{"id":3598,"date":"2026-03-14T11:37:41","date_gmt":"2026-03-14T11:37:41","guid":{"rendered":"https:\/\/busondakika.com.tr\/?p=3598"},"modified":"2026-03-14T11:37:42","modified_gmt":"2026-03-14T11:37:42","slug":"nevsehirde-agah-ile-tasavvuf-musiki-dinletisi","status":"publish","type":"post","link":"https:\/\/busondakika.com.tr\/?p=3598","title":{"rendered":"Nev\u015fehir\u2019de \u201cAg\u00e2h\u201d ile Tasavvuf Musiki Dinletisi"},"content":{"rendered":"\n<p class=\"MsoNoSpacing\"><span style=\"font-size:11pt\"><span style=\"font-family:Calibri,sans-serif\"><span class=\"MsoSubtleEmphasis\" style=\"color:gray\"><span style=\"font-style:italic\"><span style=\"font-size:13.0pt\">Nev\u015fehir Belediyesi taraf\u0131ndan Ramazan Ay\u0131\u2019na \u00f6zel d\u00fczenlenecek etkinlikler kapsam\u0131nda bu ak\u015fam ki konuk tasavvuf musikisi ile Ag\u00e2h olacak. G\u00fc\u00e7l\u00fc sesi ve etkileyici yorumu ile tan\u0131nan sanat\u00e7\u0131, seslendirdi\u011fi eserlerle dinleyicilere hem sanatsal hem de manevi y\u00f6n\u00fc g\u00fc\u00e7l\u00fc bir m\u00fczik ziyafeti sunacak.<\/span><\/span><\/span><\/span><\/span><\/p>\n<p class=\"MsoNoSpacing\"><span style=\"font-size:11pt\"><span style=\"font-family:Calibri,sans-serif\"><span class=\"MsoSubtleEmphasis\" style=\"color:gray\"><span style=\"font-style:italic\"><span style=\"font-size:13.0pt\">Nev\u015fehir Belediyesi, Ramazan ay\u0131n\u0131n manevi atmosferini k\u00fclt\u00fcr ve sanat etkinlikleriyle zenginle\u015ftirmeye devam ediyor. Ramazan ay\u0131 boyunca \u015fehir genelinde d\u00fczenlenen programlar Nev\u015fehirli vatanda\u015flardan b\u00fcy\u00fck takdir ve alk\u0131\u015f al\u0131yor. <\/span><\/span><\/span><\/span><\/span><\/p>\n<p class=\"MsoNoSpacing\"><span style=\"font-size:11pt\"><span style=\"font-family:Calibri,sans-serif\"><span class=\"MsoSubtleEmphasis\" style=\"color:gray\"><span style=\"font-style:italic\"><span style=\"font-size:13.0pt\">Kentin sanat ve k\u00fclt\u00fcre dair b\u00fct\u00fcn etkinliklerinin d\u00fczenlendi\u011fi Kapadokya K\u00fclt\u00fcr ve Sanat Merkezi\u2019nin bug\u00fcnk\u00fc konu\u011fu, tasavvuf musikisinin se\u00e7kin isimlerinden Ag\u00e2h, g\u00fc\u00e7l\u00fc sesi, etkileyici yorumu ve seslendirece\u011fi eserlerle dinleyicilere hem sanatsal hem de manevi y\u00f6n\u00fc g\u00fc\u00e7l\u00fc bir m\u00fczik ziyafeti sunacak.<\/span><\/span><\/span><\/span><\/span><\/p>\n<p class=\"MsoNoSpacing\"><span style=\"font-size:11pt\"><span style=\"font-family:Calibri,sans-serif\"><span class=\"MsoSubtleEmphasis\" style=\"color:gray\"><span style=\"font-style:italic\"><span style=\"font-size:13.0pt\">Ramazan Gecesinde Manevi \u0130klim Atmosferi<\/span><\/span><\/span><\/span><\/span><\/p>\n<p class=\"MsoNoSpacing\"><span style=\"font-size:11pt\"><span style=\"font-family:Calibri,sans-serif\"><span class=\"MsoSubtleEmphasis\" style=\"color:gray\"><span style=\"font-style:italic\"><span style=\"font-size:13.0pt\">Nev\u015fehirli vatanda\u015flar\u0131m\u0131z\u0131 Ramazan ay\u0131n\u0131n ruhuna uygun olarak haz\u0131rlanan programda ilahiler ve tasavvuf eserleriyle dolu \u00f6zel bir repertuvar beklerken dinleyiciler Ramazan gecesinin huzurunu ve s\u00fck\u00fbnetini tasavvuf musikisinin derin ve etkileyici ezgileri e\u015fli\u011finde payla\u015fma f\u0131rsat\u0131 bulacak. <\/span><\/span><\/span><\/span><\/span><\/p>\n<p class=\"MsoNoSpacing\"><span style=\"font-size:11pt\"><span style=\"font-family:Calibri,sans-serif\"><span class=\"MsoSubtleEmphasis\" style=\"color:gray\"><span style=\"font-style:italic\"><span style=\"font-size:13.0pt\">AG\u00c2H \u0130LE TASAVVUF M\u00dcZ\u0130\u011e\u0130 KONSER\u0130<\/span><\/span><\/span><\/span><\/span><\/p>\n<p class=\"MsoNoSpacing\"><span style=\"font-size:11pt\"><span style=\"font-family:Calibri,sans-serif\"><span class=\"MsoSubtleEmphasis\" style=\"color:gray\"><span style=\"font-style:italic\"><span style=\"font-size:13.0pt\">Tarih\u00a0\u00a0\u00a0\u00a0\u00a0\u00a0\u00a0\u00a0\u00a0\u00a0\u00a0\u00a0\u00a0\u00a0 : 14 Mart 2026 Cumartesi<\/span><\/span><\/span><\/span><\/span><\/p>\n<p class=\"MsoNoSpacing\"><span style=\"font-size:11pt\"><span style=\"font-family:Calibri,sans-serif\"><span class=\"MsoSubtleEmphasis\" style=\"color:gray\"><span style=\"font-style:italic\"><span style=\"font-size:13.0pt\">Saat\u00a0\u00a0\u00a0\u00a0\u00a0\u00a0\u00a0\u00a0\u00a0\u00a0\u00a0\u00a0\u00a0\u00a0\u00a0 : 20.30<\/span><\/span><\/span><\/span><\/span><\/p>\n<p class=\"MsoNoSpacing\"><span style=\"font-size:11pt\"><span style=\"font-family:Calibri,sans-serif\"><span class=\"MsoSubtleEmphasis\" style=\"color:gray\"><span style=\"font-style:italic\"><span style=\"font-size:13.0pt\">Yer\u00a0\u00a0\u00a0\u00a0\u00a0\u00a0\u00a0\u00a0\u00a0\u00a0\u00a0\u00a0\u00a0\u00a0\u00a0\u00a0\u00a0 : Kapadokya K\u00fclt\u00fcr ve Sanat Merkezi <\/span><\/span><\/span><\/span><\/span><\/p>\n<p class=\"MsoNoSpacing\">\u00a0<\/p>\n<p class=\"MsoNoSpacing\">\u00a0<\/p>\n<p class=\"MsoNoSpacing\">\u00a0<\/p>\n<p>Kaynak: (BYZHA) Beyaz Haber Ajans\u0131<\/p>\n","protected":false},"excerpt":{"rendered":"<p>Nev\u015fehir Belediyesi taraf\u0131ndan Ramazan Ay\u0131\u2019na \u00f6zel d\u00fczenlenecek etkinlikler kapsam\u0131nda bu ak\u015fam ki konuk tasavvuf musikisi ile Ag\u00e2h olacak.<\/p>\n","protected":false},"author":1,"featured_media":3599,"comment_status":"open","ping_status":"open","sticky":false,"template":"","format":"standard","meta":{"footnotes":""},"categories":[20],"tags":[],"class_list":["post-3598","post","type-post","status-publish","format-standard","has-post-thumbnail","hentry","category-kultur-sanat"],"_links":{"self":[{"href":"https:\/\/busondakika.com.tr\/index.php?rest_route=\/wp\/v2\/posts\/3598","targetHints":{"allow":["GET"]}}],"collection":[{"href":"https:\/\/busondakika.com.tr\/index.php?rest_route=\/wp\/v2\/posts"}],"about":[{"href":"https:\/\/busondakika.com.tr\/index.php?rest_route=\/wp\/v2\/types\/post"}],"author":[{"embeddable":true,"href":"https:\/\/busondakika.com.tr\/index.php?rest_route=\/wp\/v2\/users\/1"}],"replies":[{"embeddable":true,"href":"https:\/\/busondakika.com.tr\/index.php?rest_route=%2Fwp%2Fv2%2Fcomments&post=3598"}],"version-history":[{"count":1,"href":"https:\/\/busondakika.com.tr\/index.php?rest_route=\/wp\/v2\/posts\/3598\/revisions"}],"predecessor-version":[{"id":3600,"href":"https:\/\/busondakika.com.tr\/index.php?rest_route=\/wp\/v2\/posts\/3598\/revisions\/3600"}],"wp:featuredmedia":[{"embeddable":true,"href":"https:\/\/busondakika.com.tr\/index.php?rest_route=\/wp\/v2\/media\/3599"}],"wp:attachment":[{"href":"https:\/\/busondakika.com.tr\/index.php?rest_route=%2Fwp%2Fv2%2Fmedia&parent=3598"}],"wp:term":[{"taxonomy":"category","embeddable":true,"href":"https:\/\/busondakika.com.tr\/index.php?rest_route=%2Fwp%2Fv2%2Fcategories&post=3598"},{"taxonomy":"post_tag","embeddable":true,"href":"https:\/\/busondakika.com.tr\/index.php?rest_route=%2Fwp%2Fv2%2Ftags&post=3598"}],"curies":[{"name":"wp","href":"https:\/\/api.w.org\/{rel}","templated":true}]}}