{"id":3607,"date":"2026-03-14T11:54:52","date_gmt":"2026-03-14T11:54:52","guid":{"rendered":"https:\/\/busondakika.com.tr\/?p=3607"},"modified":"2026-03-14T11:54:53","modified_gmt":"2026-03-14T11:54:53","slug":"ramazanin-manevi-iklimini-balyanozda-yasadilar","status":"publish","type":"post","link":"https:\/\/busondakika.com.tr\/?p=3607","title":{"rendered":"Ramazan\u2019\u0131n manevi iklimini Balyanoz\u2019da ya\u015fad\u0131lar"},"content":{"rendered":"<p> Kocaeli B\u00fcy\u00fck\u015fehir Belediyesi b\u00fcnyesinde 65 ya\u015f \u00fczeri vatanda\u015flara hizmet veren Sayg\u0131nlar Kul\u00fcb\u00fc, \u00fcyelerini Ramazan ay\u0131 kapsam\u0131nda Dar\u0131ca Balyanoz E\u011fitim Tesisleri\u2019nde iki g\u00fcn boyunca a\u011f\u0131rlad\u0131. Toplam 80 Sayg\u0131nlar Kul\u00fcb\u00fc \u00fcyesinin kat\u0131ld\u0131\u011f\u0131 programda k\u0131ymetli b\u00fcy\u00fckler, sahur ve iftar sofralar\u0131nda bir araya gelerek, Ramazan ay\u0131n\u0131n manevi atmosferini hep birlikte ya\u015fad\u0131.<\/p>\n<p><b>RAMAZAN\u2019DA SA\u011eLIKLI BESLENME E\u011e\u0130T\u0130M\u0130<\/b><\/p>\n<p>Program kapsam\u0131nda kat\u0131l\u0131mc\u0131lara Ramazan ay\u0131nda sa\u011fl\u0131kl\u0131 beslenme konusunda bilgilendirme e\u011fitimi verildi. Uzmanlar taraf\u0131ndan ger\u00e7ekle\u015ftirilen e\u011fitimde; oru\u00e7 tutarken dengeli beslenmenin \u00f6nemi, sahur ve iftarda dikkat edilmesi gereken noktalar ile sa\u011fl\u0131kl\u0131 ya\u015fam al\u0131\u015fkanl\u0131klar\u0131n\u0131n s\u00fcrd\u00fcr\u00fclmesine y\u00f6nelik bilgiler payla\u015f\u0131ld\u0131.<\/p>\n<p>Kat\u0131l\u0131mc\u0131lar, d\u00fczenlenen etkinlikler sayesinde hem sosyal bir ortamda vakit ge\u00e7irme hem de farkl\u0131 faaliyetlere kat\u0131lma imk\u00e2n\u0131 buldu.<\/p>\n<p><b>SPOR, Y\u00dcR\u00dcY\u00dc\u015e VE SOSYALLE\u015eME \u0130MK\u00c2NI<\/b><\/p>\n<p>Balyanoz E\u011fitim Tesisleri\u2019nde ger\u00e7ekle\u015fen program boyunca kul\u00fcp \u00fcyeleri, tesis b\u00fcnyesinde bulunan \u00e7e\u015fitli spor aktivitelerine kat\u0131ld\u0131. Ayr\u0131ca tesisin geni\u015f bah\u00e7esinde y\u00fcr\u00fcy\u00fc\u015f yaparak do\u011fayla i\u00e7 i\u00e7e vakit ge\u00e7irme f\u0131rsat\u0131 bulan kat\u0131l\u0131mc\u0131lar, birlikte sohbet ederek sosyalle\u015fme imk\u00e2n\u0131 da elde etti.<\/p>\n<p><b>\u00a0SAYGINLAR KUL\u00dcB\u00dc\u2019NDEN AKT\u0130F YA\u015eAMA DESTEK<\/b><\/p>\n<p>Sayg\u0131nlar Kul\u00fcb\u00fc, kentte 65 ya\u015f \u00fcst\u00fc bireyleri sosyal hayat\u0131n i\u00e7inde aktif tutmay\u0131 ama\u00e7layan bir proje olarak \u00e7al\u0131\u015fmalar\u0131n\u0131 s\u00fcrd\u00fcr\u00fcyor. Kul\u00fcp, \u201cAkademi Toplulu\u011fu\u201d, \u201cBe\u015f \u00c7ay\u0131 Toplulu\u011fu\u201d, \u201cK\u00fclt\u00fcr Sanat Toplulu\u011fu\u201d, \u201cSa\u011fl\u0131kl\u0131 Ya\u015fam Toplulu\u011fu\u201d, \u201cTorun Toplulu\u011fu\u201d ve \u201cYe\u015fil Sevenler Toplulu\u011fu\u201d gibi farkl\u0131 olu\u015fumlarla \u00fcyelerin ilgi alanlar\u0131na y\u00f6nelik \u00e7e\u015fitli etkinlikler d\u00fczenliyor. B\u00f6ylelikle k\u0131ymetli b\u00fcy\u00fcklerin sosyal ya\u015famla ba\u011flar\u0131n\u0131n g\u00fc\u00e7lendirilmesi hedefleniyor. Do\u011fa y\u00fcr\u00fcy\u00fc\u015fleri, edebiyat dinletileri, konserler, vapur gezileri ve k\u00fclt\u00fcrel geziler gibi aktivitelerin yan\u0131 s\u0131ra Balyanoz E\u011fitim Tesisleri\u2019nde ger\u00e7ekle\u015ftirilen iki g\u00fcnl\u00fck program, Sayg\u0131nlar Kul\u00fcb\u00fc\u2019n\u00fcn \u00fcyelerine y\u00f6nelik sosyal, k\u00fclt\u00fcrel ve e\u011fitsel faaliyetler kapsam\u0131nda ger\u00e7ekle\u015ftirildi.<\/p>\n<p><b>RAMAZAN\u2019DA B\u0130RL\u0130K VE BERABERL\u0130K VURGUSU<\/b><\/p>\n<p>Ramazan ay\u0131nda birlik ve beraberlik duygusunu peki\u015ftirmeyi ve kat\u0131l\u0131mc\u0131lar\u0131 sosyal etkinliklerle desteklemeyi ama\u00e7layan program, kul\u00fcp \u00fcyelerinin memnuniyetiyle sona erdi.<\/p>\n<p>\u00a0<\/p>\n<p>Kaynak: (BYZHA) Beyaz Haber Ajans\u0131<\/p>\n","protected":false},"excerpt":{"rendered":"<p>Kocaeli B\u00fcy\u00fck\u015fehir Belediyesi b\u00fcnyesinde 65 ya\u015f \u00fczeri vatanda\u015flara hizmet veren Sayg\u0131nlar Kul\u00fcb\u00fc, \u00fcyelerini Ramazan ay\u0131 kapsam\u0131nda Dar\u0131ca Balyanoz E\u011fitim Tesisleri\u2019nde iki g\u00fcn boyunca a\u011f\u0131rlad\u0131.<\/p>\n","protected":false},"author":1,"featured_media":3608,"comment_status":"open","ping_status":"open","sticky":false,"template":"","format":"standard","meta":{"footnotes":""},"categories":[21],"tags":[],"class_list":["post-3607","post","type-post","status-publish","format-standard","has-post-thumbnail","hentry","category-gundem"],"_links":{"self":[{"href":"https:\/\/busondakika.com.tr\/index.php?rest_route=\/wp\/v2\/posts\/3607","targetHints":{"allow":["GET"]}}],"collection":[{"href":"https:\/\/busondakika.com.tr\/index.php?rest_route=\/wp\/v2\/posts"}],"about":[{"href":"https:\/\/busondakika.com.tr\/index.php?rest_route=\/wp\/v2\/types\/post"}],"author":[{"embeddable":true,"href":"https:\/\/busondakika.com.tr\/index.php?rest_route=\/wp\/v2\/users\/1"}],"replies":[{"embeddable":true,"href":"https:\/\/busondakika.com.tr\/index.php?rest_route=%2Fwp%2Fv2%2Fcomments&post=3607"}],"version-history":[{"count":1,"href":"https:\/\/busondakika.com.tr\/index.php?rest_route=\/wp\/v2\/posts\/3607\/revisions"}],"predecessor-version":[{"id":3609,"href":"https:\/\/busondakika.com.tr\/index.php?rest_route=\/wp\/v2\/posts\/3607\/revisions\/3609"}],"wp:featuredmedia":[{"embeddable":true,"href":"https:\/\/busondakika.com.tr\/index.php?rest_route=\/wp\/v2\/media\/3608"}],"wp:attachment":[{"href":"https:\/\/busondakika.com.tr\/index.php?rest_route=%2Fwp%2Fv2%2Fmedia&parent=3607"}],"wp:term":[{"taxonomy":"category","embeddable":true,"href":"https:\/\/busondakika.com.tr\/index.php?rest_route=%2Fwp%2Fv2%2Fcategories&post=3607"},{"taxonomy":"post_tag","embeddable":true,"href":"https:\/\/busondakika.com.tr\/index.php?rest_route=%2Fwp%2Fv2%2Ftags&post=3607"}],"curies":[{"name":"wp","href":"https:\/\/api.w.org\/{rel}","templated":true}]}}