{"id":3610,"date":"2026-03-14T11:54:53","date_gmt":"2026-03-14T11:54:53","guid":{"rendered":"https:\/\/busondakika.com.tr\/?p=3610"},"modified":"2026-03-14T11:54:54","modified_gmt":"2026-03-14T11:54:54","slug":"manisa-buyuksehirden-atik-yagini-getir-dogani-koru-cagrisi","status":"publish","type":"post","link":"https:\/\/busondakika.com.tr\/?p=3610","title":{"rendered":"Manisa B\u00fcy\u00fck\u015fehir\u2019den At\u0131k Ya\u011f\u0131n\u0131 Getir Do\u011fan\u0131 Koru \u00c7a\u011fr\u0131s\u0131"},"content":{"rendered":"<p> Manisa B\u00fcy\u00fck\u015fehir Belediyesi, \u00e7evre kirlili\u011fiyle m\u00fccadelede \u201cAt\u0131k Ya\u011f\u0131n\u0131 Getir, Suyunu Kurtar\u201d slogan\u0131yla kampanya ba\u015flatt\u0131. Yunusemre Belediyesi i\u015f birli\u011fiyle y\u00fcr\u00fct\u00fclecek kampanya kapsam\u0131nda, evsel at\u0131k ya\u011flar ekonomiye kazand\u0131r\u0131l\u0131rken, do\u011faya sahip \u00e7\u0131kan vatanda\u015flar bitkisel ya\u011f ve canl\u0131 \u00e7i\u00e7eklerle \u00f6d\u00fcllendirilecek.<\/p>\n<p>Manisa\u2019n\u0131n daha temiz bir gelece\u011fe kavu\u015fmas\u0131 hedefiyle, Manisa B\u00fcy\u00fck\u015fehir Belediyesi \u0130klim De\u011fi\u015fikli\u011fi ve S\u0131f\u0131r At\u0131k Dairesi Ba\u015fkanl\u0131\u011f\u0131 koordinasyonunda \u00f6nemli bir \u00e7evre hareketi ba\u015flat\u0131l\u0131yor. Manisa B\u00fcy\u00fck\u015fehir Belediye Ba\u015fkan\u0131 Besim Dutlulu ve Yunusemre Belediye Ba\u015fkan\u0131 Semih Balaban\u2019\u0131n \u00f6nc\u00fcl\u00fc\u011f\u00fcnde y\u00fcr\u00fct\u00fclen proje, su kaynaklar\u0131n\u0131 tehdit eden at\u0131k ya\u011f kirlili\u011fine kar\u015f\u0131 g\u00fc\u00e7l\u00fc bir set \u00e7ekmeyi ama\u00e7l\u0131yor.<\/p>\n<p><b>Bir Litre At\u0131k Ya\u011f, Bir Milyon Litre Suyu Kirletiyor<\/b><\/p>\n<p>Yetkililer, sadece 1 litre at\u0131k ya\u011f\u0131n 1 milyon litre temiz suyu kirletme potansiyeline sahip oldu\u011funa dikkat \u00e7ekerek, bu \u00e7evre felaketinin \u00f6n\u00fcne ge\u00e7ilmesi ad\u0131na t\u00fcm Manisal\u0131lar\u0131 sorumluluk almaya davet ediyor. \u2018S\u0131f\u0131r At\u0131k\u2019 vizyonu do\u011frultusunda evsel bitkisel at\u0131k ya\u011flar\u0131 \u00e7evre kirlili\u011fi olmaktan \u00e7\u0131kar\u0131p ekonomiye kazand\u0131rmay\u0131 hedefleyen kampanya, \u00e7evre bilincini art\u0131rmay\u0131 da hedefliyor.<\/p>\n<p><b>Te\u015fvik Edici \u00d6d\u00fcllerle Do\u011fa Dostu Kampanya<\/b><\/p>\n<p>Kampanyaya kat\u0131lan vatanda\u015flar i\u00e7in te\u015fvik edici bir \u00f6d\u00fcl sistemi de haz\u0131rland\u0131. 3 litre at\u0131k ya\u011f getiren vatanda\u015flara 1 litre yeni bitkisel ya\u011f ve canl\u0131 \u00e7i\u00e7ek hediye edilirken; 10 litre getirenler 2 litre, 20 litre ve \u00fczeri at\u0131k ya\u011f getirenler ise 3 litre yeni bitkisel ya\u011f ile \u00f6d\u00fcllendirilecek. Kontenjanla s\u0131n\u0131rl\u0131 tutulan uygulamada, bireysel olarak en fazla 3 litre yeni ya\u011f teslim al\u0131nabilecek.<\/p>\n<p><b>31 Mart\u2019ta Ferdi Zeyrek Millet \u00c7ar\u015f\u0131s\u0131\u2019nda<\/b><\/p>\n<p>\u00c7evre dostu etkinlik, 31 Mart 2026 Sal\u0131 g\u00fcn\u00fc Ferdi Zeyrek Millet \u00c7ar\u015f\u0131s\u0131\u2019nda kurulacak toplama noktas\u0131nda ger\u00e7ekle\u015fecek. Saat 09.00\u2019da ba\u015flay\u0131p 17.00\u2019ye kadar devam edecek olan kampanya ile Manisa halk\u0131, hem suyunu koruyacak hem de hediyeleriyle do\u011fa dostu bir g\u00fcn ge\u00e7irecek.<\/p>\n<p>\u00a0<\/p>\n<p>Kaynak: (BYZHA) Beyaz Haber Ajans\u0131<\/p>\n","protected":false},"excerpt":{"rendered":"<p>Manisa B\u00fcy\u00fck\u015fehir Belediyesi, \u00e7evre kirlili\u011fiyle m\u00fccadelede \u201cAt\u0131k Ya\u011f\u0131n\u0131 Getir, Suyunu Kurtar\u201d slogan\u0131yla kampanya ba\u015flatt\u0131.<\/p>\n","protected":false},"author":1,"featured_media":3611,"comment_status":"open","ping_status":"open","sticky":false,"template":"","format":"standard","meta":{"footnotes":""},"categories":[21],"tags":[],"class_list":["post-3610","post","type-post","status-publish","format-standard","has-post-thumbnail","hentry","category-gundem"],"_links":{"self":[{"href":"https:\/\/busondakika.com.tr\/index.php?rest_route=\/wp\/v2\/posts\/3610","targetHints":{"allow":["GET"]}}],"collection":[{"href":"https:\/\/busondakika.com.tr\/index.php?rest_route=\/wp\/v2\/posts"}],"about":[{"href":"https:\/\/busondakika.com.tr\/index.php?rest_route=\/wp\/v2\/types\/post"}],"author":[{"embeddable":true,"href":"https:\/\/busondakika.com.tr\/index.php?rest_route=\/wp\/v2\/users\/1"}],"replies":[{"embeddable":true,"href":"https:\/\/busondakika.com.tr\/index.php?rest_route=%2Fwp%2Fv2%2Fcomments&post=3610"}],"version-history":[{"count":1,"href":"https:\/\/busondakika.com.tr\/index.php?rest_route=\/wp\/v2\/posts\/3610\/revisions"}],"predecessor-version":[{"id":3612,"href":"https:\/\/busondakika.com.tr\/index.php?rest_route=\/wp\/v2\/posts\/3610\/revisions\/3612"}],"wp:featuredmedia":[{"embeddable":true,"href":"https:\/\/busondakika.com.tr\/index.php?rest_route=\/wp\/v2\/media\/3611"}],"wp:attachment":[{"href":"https:\/\/busondakika.com.tr\/index.php?rest_route=%2Fwp%2Fv2%2Fmedia&parent=3610"}],"wp:term":[{"taxonomy":"category","embeddable":true,"href":"https:\/\/busondakika.com.tr\/index.php?rest_route=%2Fwp%2Fv2%2Fcategories&post=3610"},{"taxonomy":"post_tag","embeddable":true,"href":"https:\/\/busondakika.com.tr\/index.php?rest_route=%2Fwp%2Fv2%2Ftags&post=3610"}],"curies":[{"name":"wp","href":"https:\/\/api.w.org\/{rel}","templated":true}]}}