{"id":3613,"date":"2026-03-14T11:54:55","date_gmt":"2026-03-14T11:54:55","guid":{"rendered":"https:\/\/busondakika.com.tr\/?p=3613"},"modified":"2026-03-14T11:54:56","modified_gmt":"2026-03-14T11:54:56","slug":"manisa-buyuksehirden-genclere-dijital-gelecek-vizyonu","status":"publish","type":"post","link":"https:\/\/busondakika.com.tr\/?p=3613","title":{"rendered":"Manisa B\u00fcy\u00fck\u015fehir\u2019den Gen\u00e7lere Dijital Gelecek Vizyonu"},"content":{"rendered":"<p> Manisa B\u00fcy\u00fck\u015fehir Belediyesi, gen\u00e7lerin dijital \u00e7a\u011fa uyumunu kolayla\u015ft\u0131rmak ve istihdam olanaklar\u0131n\u0131 art\u0131rmak amac\u0131yla ba\u015flatt\u0131\u011f\u0131 e\u011fitim seferberli\u011fine devam ediyor. Avrupa Birli\u011fi finansman\u0131, Birle\u015fmi\u015f Milletler Kalk\u0131nma Program\u0131 (UNDP) ve T\u00fcrkiye Belediyeler Birli\u011fi i\u015f birli\u011fiyle y\u00fcr\u00fct\u00fclen \u201cBug\u00fcn\u00fcn Gen\u00e7leri Gelece\u011fin Meslekleri Projesi\u201d kapsam\u0131nda, Atat\u00fcrk Gen\u00e7lik Merkezi b\u00fcnyesindeki Dijital Geli\u015fim Merkezi\u2019nde (D\u0130GEM) \u00f6nemli bir a\u015fama geride b\u0131rak\u0131ld\u0131.<\/p>\n<p>Proje kapsam\u0131nda 30 Kas\u0131m 2025\u2019te ba\u015flayan ve 36 saat s\u00fcren \u201cTemel Bilgisayar E\u011fitimi\u201d ba\u015far\u0131yla tamamland\u0131. Kursu ba\u015far\u0131yla bitiren gen\u00e7lere kat\u0131l\u0131m belgeleri, Manisa B\u00fcy\u00fck\u015fehir Belediyesi D\u0131\u015f \u0130li\u015fkiler Daire Ba\u015fkan\u0131 Mehmet Ali \u00c7a\u011f\u0131r\u0131c\u0131\u2019n\u0131n da kat\u0131l\u0131m\u0131yla takdim edildi. E\u011fitimlerin, gen\u00e7lerin sadece bilgisayar kullan\u0131m becerilerini geli\u015ftirmekle kalmay\u0131p, dijital okuryazarl\u0131k yetkinliklerini de g\u00fc\u00e7lendirmeyi hedefledi\u011fi belirtildi.<\/p>\n<p><b>Yapay Zeka E\u011fitimi Devam Ediyor<\/b><\/p>\n<p>Gen\u00e7lerin teknoloji ve inovasyon alan\u0131ndaki yetkinliklerini art\u0131rmay\u0131 ama\u00e7layan D\u0130GEM\u2019de, 20 Aral\u0131k 2025 tarihinde ba\u015flat\u0131lan \u201cYapay Zeka E\u011fitimi\u201d ise t\u00fcm h\u0131z\u0131yla devam ediyor. Toplam 48 saat olarak planlanan ve 18-29 ya\u015f aras\u0131 gen\u00e7lere y\u00f6nelik d\u00fczenlenen e\u011fitimler, haftal\u0131k 4 saatlik periyotlarla y\u00fcz y\u00fcze veriliyor.<\/p>\n<p><b>Dijital Gelece\u011fe Haz\u0131rl\u0131k<\/b><\/p>\n<p>Teknoloji ve Tasar\u0131m \u00d6\u011fretmeni \u015eaban Erkan taraf\u0131ndan verilen e\u011fitimlerle Manisa B\u00fcy\u00fck\u015fehir Belediyesi, gen\u00e7leri gelece\u011fin mesleklerine haz\u0131rlamay\u0131 ve istihdama eri\u015fimlerini kolayla\u015ft\u0131rmay\u0131 ama\u00e7l\u0131yor. Dijital becerilerini geli\u015ftirmek isteyen gen\u00e7lerin, e\u011fitim programlar\u0131na ili\u015fkin detayl\u0131 bilgiye ve ba\u015fvuru s\u00fcre\u00e7lerine T\u00fcrkiye Belediyeler Birli\u011fi\u2019nin \u00e7evrim i\u00e7i e\u011fitim platformu \u00fczerinden ba\u015fvuru yapabilecekleri belirtildi.<\/p>\n<p>\u00a0<\/p>\n<p>\u00a0<\/p>\n<p>Kaynak: (BYZHA) Beyaz Haber Ajans\u0131<\/p>\n","protected":false},"excerpt":{"rendered":"<p>Manisa B\u00fcy\u00fck\u015fehir Belediyesi, gen\u00e7lerin dijital \u00e7a\u011fa uyumunu kolayla\u015ft\u0131rmak ve istihdam olanaklar\u0131n\u0131 art\u0131rmak amac\u0131yla ba\u015flatt\u0131\u011f\u0131 e\u011fitim seferberli\u011fine devam ediyor.<\/p>\n","protected":false},"author":1,"featured_media":3614,"comment_status":"open","ping_status":"open","sticky":false,"template":"","format":"standard","meta":{"footnotes":""},"categories":[21],"tags":[],"class_list":["post-3613","post","type-post","status-publish","format-standard","has-post-thumbnail","hentry","category-gundem"],"_links":{"self":[{"href":"https:\/\/busondakika.com.tr\/index.php?rest_route=\/wp\/v2\/posts\/3613","targetHints":{"allow":["GET"]}}],"collection":[{"href":"https:\/\/busondakika.com.tr\/index.php?rest_route=\/wp\/v2\/posts"}],"about":[{"href":"https:\/\/busondakika.com.tr\/index.php?rest_route=\/wp\/v2\/types\/post"}],"author":[{"embeddable":true,"href":"https:\/\/busondakika.com.tr\/index.php?rest_route=\/wp\/v2\/users\/1"}],"replies":[{"embeddable":true,"href":"https:\/\/busondakika.com.tr\/index.php?rest_route=%2Fwp%2Fv2%2Fcomments&post=3613"}],"version-history":[{"count":1,"href":"https:\/\/busondakika.com.tr\/index.php?rest_route=\/wp\/v2\/posts\/3613\/revisions"}],"predecessor-version":[{"id":3615,"href":"https:\/\/busondakika.com.tr\/index.php?rest_route=\/wp\/v2\/posts\/3613\/revisions\/3615"}],"wp:featuredmedia":[{"embeddable":true,"href":"https:\/\/busondakika.com.tr\/index.php?rest_route=\/wp\/v2\/media\/3614"}],"wp:attachment":[{"href":"https:\/\/busondakika.com.tr\/index.php?rest_route=%2Fwp%2Fv2%2Fmedia&parent=3613"}],"wp:term":[{"taxonomy":"category","embeddable":true,"href":"https:\/\/busondakika.com.tr\/index.php?rest_route=%2Fwp%2Fv2%2Fcategories&post=3613"},{"taxonomy":"post_tag","embeddable":true,"href":"https:\/\/busondakika.com.tr\/index.php?rest_route=%2Fwp%2Fv2%2Ftags&post=3613"}],"curies":[{"name":"wp","href":"https:\/\/api.w.org\/{rel}","templated":true}]}}