{"id":3619,"date":"2026-03-14T11:55:05","date_gmt":"2026-03-14T11:55:05","guid":{"rendered":"https:\/\/busondakika.com.tr\/?p=3619"},"modified":"2026-03-14T11:55:06","modified_gmt":"2026-03-14T11:55:06","slug":"baskan-sadi-ozdemirden-saglik-calisanlarina-tesekkur","status":"publish","type":"post","link":"https:\/\/busondakika.com.tr\/?p=3619","title":{"rendered":"Ba\u015fkan \u015eadi \u00d6zdemir\u2019den sa\u011fl\u0131k \u00e7al\u0131\u015fanlar\u0131na te\u015fekk\u00fcr"},"content":{"rendered":"\n<p align=\"left\" class=\"cf7a747987be32b5western\"><span style=\"font-size:16px\"><span style=\"color:#1a1a1a\"><span style=\", Arial, sans-serif\"><span style=\"font-style:normal\"><span><span style=\"font-weight:400\"><span style=\"white-space:normal\"><span style=\"background-color:#ffffff\"><span><span><span>Nil\u00fcfer Belediye Ba\u015fkan\u0131 \u015eadi \u00d6zdemir, \u201c\u00c7ocuklar\u0131n G\u00f6z\u00fcnden 14 Mart T\u0131p Bayram\u0131\u201d etkinli\u011finde gen\u00e7lerle ve \u00e7ocuklarla bir araya geldi.\u00a0<font face=\"Times New Roman, Times, serif\">Kendi hastal\u0131\u011f\u0131n\u0131 nas\u0131l atlatt\u0131\u011f\u0131n\u0131 anlatan Ba\u015fkan \u015eadi \u00d6zdemir, \u201c\u00d6ncelikle hekimlere g\u00fcvenmeliyiz. Onlara hepimizin \u00e7ok te\u015fekk\u00fcr etmesi laz\u0131m. En zor durumlarda her zaman hekimlerimiz,\u00a0<\/font>hem\u015firelerimiz<font face=\"Times New Roman, Times, serif\">\u00a0asl\u0131nda sa\u011fl\u0131k \u00e7al\u0131\u015fanlar\u0131 bizleri ayakta tutuyor\u201d dedi.<\/font><\/span><\/span><\/span><\/span><\/span><\/span><\/span><\/span><\/span><\/span><\/span><\/p>\n<p align=\"left\" class=\"cf7a747987be32b5western\"><span style=\"font-size:16px\"><span style=\"color:#1a1a1a\"><span style=\", Arial, sans-serif\"><span style=\"font-style:normal\"><span><span style=\"font-weight:400\"><span style=\"white-space:normal\"><span style=\"background-color:#ffffff\"><span><span><span>Nil\u00fcfer Belediyesi Ceyhun \u0130rgil Sa\u011fl\u0131k M\u00fczesi, 14 Mart T\u0131p Bayram\u0131 kapsam\u0131nda d\u00fczenlenen etkinli\u011fe ev sahipli\u011fi yapt\u0131. \u201c\u00c7ocuklar\u0131n G\u00f6z\u00fcnden 14 Mart T\u0131p Bayram\u0131\u201d etkinli\u011fine Nil\u00fcfer Belediye Ba\u015fkan\u0131 \u015eadi \u00d6zdemir, Nil\u00fcfer Belediye Ba\u015fkan Yard\u0131mc\u0131s\u0131 Bukle Erman, hekimler ve \u00e7ocuklar kat\u0131ld\u0131. Etkinlikte \u00e7ocuklar, hekimlere \u201casistan\u201d olarak e\u015flik etti. Merak ettikleri sorular\u0131 soran \u00e7ocuklar, ayn\u0131 zamanda kendi ya\u015famlar\u0131ndan kesitler payla\u015ft\u0131. Etkinlik kapsam\u0131nda; Prof. Dr. Ye\u015fim Uncu, Prof. Dr. Murat \u00c7ayc\u0131, Do\u00e7. Dr. Selin Akt\u00fcrk Esen, Uzm. Dr. Merve Dede Akp\u0131nar ve Uzm. Dr. Kamuran \u00c7elik, hem k\u00fc\u00e7\u00fck asistanlar\u0131n hem de izleyici \u00f6\u011frencilerin sorular\u0131n\u0131 yan\u0131tlad\u0131.<\/span><\/span><\/span><\/span><\/span><\/span><\/span><\/span><\/span><\/span><\/span><\/p>\n<p align=\"left\" class=\"cf7a747987be32b5western\"><span style=\"font-size:16px\"><span style=\"color:#1a1a1a\"><span style=\", Arial, sans-serif\"><span style=\"font-style:normal\"><span><span style=\"font-weight:400\"><span style=\"white-space:normal\"><span style=\"background-color:#ffffff\"><span><span><span>\u201cMOT\u0130VASYON Y\u00dcKSEK OLMALI\u201d<\/span><\/span><\/span><\/span><\/span><\/span><\/span><\/span><\/span><\/span><\/span><\/p>\n<p align=\"left\" class=\"cf7a747987be32b5western\"><span style=\"font-size:16px\"><span style=\"color:#1a1a1a\"><span style=\", Arial, sans-serif\"><span style=\"font-style:normal\"><span><span style=\"font-weight:400\"><span style=\"white-space:normal\"><span style=\"background-color:#ffffff\"><span><span><span>Ba\u015fkan \u015eadi \u00d6zdemir, burada yapt\u0131\u011f\u0131 konu\u015fmada, sa\u011fl\u0131k problemleri s\u00fcrecindeki deneyimlerini payla\u015ft\u0131. Pankreas kanserini atlatt\u0131\u011f\u0131n\u0131 hat\u0131rlatan \u015eadi \u00d6zdemir, hastal\u0131\u011f\u0131 atlatmas\u0131n\u0131n ard\u0131ndan, ayn\u0131 rahats\u0131zl\u0131\u011fa yakalanan ki\u015filerle daha \u00e7ok bir araya geldi\u011fini anlatt\u0131. Ba\u015fkan \u015eadi \u00d6zdemir, \u201cKim pankreas kanseri olursa onun psikolojik deste\u011fini \u00fcstleniyorum. Onlarla oturuyorum. Telefonla g\u00f6r\u00fc\u015f\u00fcyorum. Baz\u0131lar\u0131yla y\u00fcz y\u00fcze g\u00f6r\u00fc\u015f\u00fcyoruz. Asl\u0131nda kanser atlat\u0131labilir bir hastal\u0131k. Motivasyon ve moral y\u00fcksek olmal\u0131\u201d diye konu\u015ftu.<\/span><\/span><\/span><\/span><\/span><\/span><\/span><\/span><\/span><\/span><\/span><\/p>\n<p align=\"left\" class=\"cf7a747987be32b5western\"><span style=\"font-size:16px\"><span style=\"color:#1a1a1a\"><span style=\", Arial, sans-serif\"><span style=\"font-style:normal\"><span><span style=\"font-weight:400\"><span style=\"white-space:normal\"><span style=\"background-color:#ffffff\"><span><span><span>\u201cHEK\u0130MLERE G\u00dcVEN\u0130N\u201d<\/span><\/span><\/span><\/span><\/span><\/span><\/span><\/span><\/span><\/span><\/span><\/p>\n<p align=\"left\" class=\"cf7a747987be32b5western\"><span style=\"font-size:16px\"><span style=\"color:#1a1a1a\"><span style=\", Arial, sans-serif\"><span style=\"font-style:normal\"><span><span style=\"font-weight:400\"><span style=\"white-space:normal\"><span style=\"background-color:#ffffff\"><span><span><span>Hekimlere g\u00fcvenilmesi gerekti\u011finin alt\u0131n\u0131 \u00e7izen Ba\u015fkan \u015eadi \u00d6zdemir, \u201cOnlara hepimizin \u00e7ok te\u015fekk\u00fcr etmesi laz\u0131m. En zor durumlarda her zaman hekimlerimiz,\u00a0<font face=\"Times New Roman, Times, serif\">hem\u015firelerimiz<\/font>\u00a0asl\u0131nda sa\u011fl\u0131k \u00e7al\u0131\u015fanlar\u0131 bizleri ayakta tutuyor. O nedenle \u00f6nce bir kere sa\u011fl\u0131k sekt\u00f6r\u00fcndeki herkese \u00e7ok te\u015fekk\u00fcr ediyorum\u201d dedi. Ba\u015fkan \u015eadi \u00d6zdemir, konu\u015fmas\u0131nda sa\u011fl\u0131k \u00e7al\u0131\u015fanlar\u0131n\u0131n 14 Mart T\u0131p Bayram\u0131\u2019n\u0131 da kutlad\u0131.<\/span><\/span><\/span><\/span><\/span><\/span><\/span><\/span><\/span><\/span><\/span><\/p>\n<p align=\"left\" class=\"cf7a747987be32b5western\"><span style=\"font-size:16px\"><span style=\"color:#1a1a1a\"><span style=\", Arial, sans-serif\"><span style=\"font-style:normal\"><span><span style=\"font-weight:400\"><span style=\"white-space:normal\"><span style=\"background-color:#ffffff\"><span><span><span>Etkinlik sonunda Nil\u00fcfer Belediye Ba\u015fkan Yard\u0131mc\u0131s\u0131 Bukle Erman, hekimlere ve onlara e\u015flik eden \u00f6\u011frencilere hediye takdim etti.<\/span><\/span><\/span><\/span><\/span><\/span><\/span><\/span><\/span><\/span><\/span><\/p>\n<p><br style=\"color:#1a1a1a;, Arial, sans-serif;font-size:16px;font-style:normal;font-weight:400;text-align:start;white-space:normal;background-color:#ffffff\" \/><br \/>Kaynak: (BYZHA) Beyaz Haber Ajans\u0131<\/p>\n","protected":false},"excerpt":{"rendered":"<p>Nil\u00fcfer Belediye Ba\u015fkan\u0131 \u015eadi \u00d6zdemir, \u201c\u00c7ocuklar\u0131n G\u00f6z\u00fcnden 14 Mart T\u0131p Bayram\u0131\u201d etkinli\u011finde gen\u00e7lerle ve \u00e7ocuklarla bir araya geldi.<\/p>\n","protected":false},"author":1,"featured_media":3620,"comment_status":"open","ping_status":"open","sticky":false,"template":"","format":"standard","meta":{"footnotes":""},"categories":[23],"tags":[],"class_list":["post-3619","post","type-post","status-publish","format-standard","has-post-thumbnail","hentry","category-saglik"],"_links":{"self":[{"href":"https:\/\/busondakika.com.tr\/index.php?rest_route=\/wp\/v2\/posts\/3619","targetHints":{"allow":["GET"]}}],"collection":[{"href":"https:\/\/busondakika.com.tr\/index.php?rest_route=\/wp\/v2\/posts"}],"about":[{"href":"https:\/\/busondakika.com.tr\/index.php?rest_route=\/wp\/v2\/types\/post"}],"author":[{"embeddable":true,"href":"https:\/\/busondakika.com.tr\/index.php?rest_route=\/wp\/v2\/users\/1"}],"replies":[{"embeddable":true,"href":"https:\/\/busondakika.com.tr\/index.php?rest_route=%2Fwp%2Fv2%2Fcomments&post=3619"}],"version-history":[{"count":1,"href":"https:\/\/busondakika.com.tr\/index.php?rest_route=\/wp\/v2\/posts\/3619\/revisions"}],"predecessor-version":[{"id":3621,"href":"https:\/\/busondakika.com.tr\/index.php?rest_route=\/wp\/v2\/posts\/3619\/revisions\/3621"}],"wp:featuredmedia":[{"embeddable":true,"href":"https:\/\/busondakika.com.tr\/index.php?rest_route=\/wp\/v2\/media\/3620"}],"wp:attachment":[{"href":"https:\/\/busondakika.com.tr\/index.php?rest_route=%2Fwp%2Fv2%2Fmedia&parent=3619"}],"wp:term":[{"taxonomy":"category","embeddable":true,"href":"https:\/\/busondakika.com.tr\/index.php?rest_route=%2Fwp%2Fv2%2Fcategories&post=3619"},{"taxonomy":"post_tag","embeddable":true,"href":"https:\/\/busondakika.com.tr\/index.php?rest_route=%2Fwp%2Fv2%2Ftags&post=3619"}],"curies":[{"name":"wp","href":"https:\/\/api.w.org\/{rel}","templated":true}]}}