{"id":3631,"date":"2026-03-14T15:54:07","date_gmt":"2026-03-14T15:54:07","guid":{"rendered":"https:\/\/busondakika.com.tr\/?p=3631"},"modified":"2026-03-14T15:54:08","modified_gmt":"2026-03-14T15:54:08","slug":"baskan-huseyin-can-guner-bir-sozunu-daha-yerine-getirdi","status":"publish","type":"post","link":"https:\/\/busondakika.com.tr\/?p=3631","title":{"rendered":"Ba\u015fkan H\u00fcseyin Can G\u00fcner Bir S\u00f6z\u00fcn\u00fc Daha Yerine Getirdi"},"content":{"rendered":"<p> <b>\u00c7ankaya Belediye Ba\u015fkan\u0131 H\u00fcseyin Can G\u00fcner\u2019in se\u00e7im vaatleri aras\u0131nda yer alan emekli lokallerine bir yenisini daha eklendi. Ba\u015fkan G\u00fcner, \u0130lker- M\u00fcrsel Ulu\u00e7 Emekli Lokali&#8217;ni d\u00fczenlenen t\u00f6renle hizmete a\u00e7t\u0131.<\/b><\/p>\n<p><b>Vefan\u0131n Kalbi \u00c7ankaya\u2019da emekli kom\u015fular\u0131m\u0131z\u0131n sosyal ya\u015fam\u0131n\u0131 destekleyen, dayan\u0131\u015fmay\u0131 g\u00fc\u00e7lendiren emekli lokali say\u0131s\u0131 yeni a\u00e7\u0131lan merkezle birlikte 8\u2019e \u00e7\u0131kt\u0131.<\/b><\/p>\n<p><b>\u00c7ankaya Belediye Ba\u015fkan\u0131 H\u00fcseyin Can G\u00fcner:<\/b><\/p>\n<p><b>&#8220;G\u00f6reve geldi\u011fimiz g\u00fcnden bu yana insanlar\u0131n hayat\u0131na dokunan ya\u015fam\u0131 kolayla\u015ft\u0131ran, dayan\u0131\u015fmay\u0131 b\u00fcy\u00fcten ve \u00f6rg\u00fctleyen, kentte ya\u015fayan herkesin kendini de\u011ferli hissetti\u011fi bir ya\u015fam modelini ve k\u00fclt\u00fcr\u00fcn\u00fc hedefleyen bir belediyecilik anlay\u0131\u015f\u0131n\u0131 benimsiyoruz&#8221;<\/p>\n<p>&#8220;Kent lokantalar\u0131nda, emekli lokallerimizde sundu\u011fumuz hizmetleri, \u00e7ay, \u00e7orba gibi ikramlar\u0131m\u0131z\u0131 k\u00fc\u00e7\u00fcmseyen, hafife alan &#8216;baz\u0131lar\u0131na&#8217; buradan sesleniyorum. Biz emeklilerimizle \u00e7ay\u0131m\u0131z\u0131, \u00e7orbam\u0131z\u0131, sosyal tesislerimizi payla\u015fmaktan k\u0131van\u00e7 duyuyoruz, mutluluk duyuyoruz. Siz de emeklimizi bir bardak \u00e7aya, bir tas \u00e7orbaya muhta\u00e7 etti\u011finiz i\u00e7in ne kadar utan\u00e7 duysan\u0131z yeridir&#8221;<\/b><\/p>\n<p>\u00c7ankaya Belediyesi, emeklilerin sosyal ya\u015fam\u0131na katk\u0131 sunmak amac\u0131yla hayata ge\u00e7irdi\u011fi Emekli Lokalleri\u2019nin say\u0131s\u0131n\u0131 art\u0131r\u0131yor. K\u0131sa bir s\u00fcrede yap\u0131m\u0131 tamamlanan \u0130lker-M\u00fcrsel Ulu\u00e7 Emekli Lokali, \u00c7ankaya Belediye Ba\u015fkan\u0131 H\u00fcseyin Can G\u00fcner\u2019in ev sahipli\u011finde d\u00fczenlenen t\u00f6renle hizmete a\u00e7\u0131ld\u0131. Ba\u015fkan G\u00fcner\u2019in se\u00e7im vaatleri aras\u0131nda yer alan emekli lokallerinin say\u0131s\u0131 yeni a\u00e7\u0131lan merkezle birlikte 8\u2019e \u00e7\u0131kt\u0131.<\/p>\n<p>Emekli lokalinin a\u00e7\u0131l\u0131\u015f t\u00f6renine, ba\u015fta Ankara B\u00fcy\u00fck\u015fehir Belediye Ba\u015fkan\u0131 Mansur Yava\u015f olmak \u00fczere CHP Parti Meclisi \u00dcyeleri, Ankara milletvekilleri, CHP Ankara \u0130l Ba\u015fkan\u0131, Bala, Ke\u00e7i\u00f6ren, Ba\u011flar, Alt\u0131nda\u011f, \u00c7ankaya ve Mamak il\u00e7e ba\u015fkanlar\u0131, muhtarlar ve \u00e7ok say\u0131da \u00c7ankayal\u0131 kat\u0131ld\u0131.<\/p>\n<p><b>&#8220;KIVAN\u00c7 DUYUYORUZ&#8221;<\/b><br \/>A\u00e7\u0131l\u0131\u015f t\u00f6reninde konu\u015fan \u00c7ankaya Belediye Ba\u015fkan\u0131 H\u00fcseyin Can G\u00fcner, &#8220;G\u00f6reve geldi\u011fimiz g\u00fcnden bu yana insanlar\u0131n hayat\u0131na dokunan ya\u015fam\u0131 kolayla\u015ft\u0131ran, dayan\u0131\u015fmay\u0131 b\u00fcy\u00fcten ve \u00f6rg\u00fctleyen, kentte ya\u015fayan herkesin kendini de\u011ferli hissetti\u011fi bir ya\u015fam modelini ve k\u00fclt\u00fcr\u00fcn\u00fc hedefleyen bir belediyecilik anlay\u0131\u015f\u0131n\u0131 benimsiyoruz&#8221; dedi.<\/p>\n<p>A\u00e7\u0131l\u0131\u015fa kat\u0131lan y\u00fczlerce \u00c7ankayal\u0131 \u2019ya seslenen Ba\u015fkan G\u00fcner \u015f\u00f6yle devam etti:<\/p>\n<p>&#8220;Bug\u00fcn buray\u0131 bir a\u00e7\u0131l\u0131\u015ftan ziyade adeta bir miting alan\u0131na \u00e7eviren bu g\u00fczel kalabal\u0131k i\u00e7in, kat\u0131l\u0131m\u0131n\u0131z i\u00e7in de\u011ferli katk\u0131lar\u0131n\u0131z i\u00e7in, t\u00fcm kom\u015fular\u0131m\u0131za, t\u00fcm konuklar\u0131m\u0131za te\u015fekk\u00fcr ediyorum. B\u00f6ylesi g\u00fczel bir hafta sonunda sizlerle birlikte emekli lokalimizin a\u00e7\u0131l\u0131\u015f\u0131n\u0131 yap\u0131yor olmak b\u00fcy\u00fck bir mutluluktur. \u0130kinci y\u0131l\u0131m\u0131z\u0131 tamamlarken Gen\u00e7lik Merkezini, k\u0131z \u00f6\u011frenci yurdunu, kent lokantalar\u0131n\u0131, \u00c7ankafelerimizi hep birlikte a\u00e7t\u0131k. Bug\u00fcn burada da en \u00f6nem verdi\u011fimiz eserlerimizden biri olan emekli lokallerinin \u00fc\u00e7\u00fcnc\u00fcs\u00fcn\u00fc a\u00e7mak i\u00e7in bir araday\u0131z. Emekli lokallerimizde \u00fccretsiz \u00e7ay, kahve ve \u00e7orba, po\u011fa\u00e7a gibi ikramlar\u0131n yan\u0131 s\u0131ra ya\u015f alm\u0131\u015f b\u00fcy\u00fcklerimize, e\u011fitim programlar\u0131 ve seminerler gibi hizmetler sunuyoruz. Bug\u00fcn emekliye yapt\u0131\u011f\u0131m\u0131z bu hizmetler asla l\u00fctuf de\u011fildir. \u00c7\u00fcnk\u00fc y\u0131llard\u0131r emeklerini sunduklar\u0131, hizmet ettikleri, primlerini \u00f6dedikleri bu devletin onlara en temel vatanda\u015fl\u0131k hizmetini sunmas\u0131 gerekti\u011fine y\u00fcrekten inan\u0131yoruz. Ancak bug\u00fcn emeklilerimizin ya\u015fad\u0131\u011f\u0131 ko\u015fullar ortad\u0131r. Kent lokantalar\u0131m\u0131zda, emekli lokallerimizde sundu\u011fumuz hizmetleri, \u00e7ay, \u00e7orba gibi ikramlar\u0131m\u0131z\u0131 k\u00fc\u00e7\u00fcmseyen, hafife alan &#8216;baz\u0131lar\u0131na&#8217; buradan sesleniyorum. Biz emeklilerimizle \u00e7ay\u0131m\u0131z\u0131, \u00e7orbam\u0131z\u0131, sosyal tesislerimizi payla\u015fmaktan k\u0131van\u00e7 duyuyoruz, mutluluk duyuyoruz. Siz de emeklimizi bir bardak \u00e7aya, bir tas \u00e7orbaya muhta\u00e7 etti\u011finiz i\u00e7in ne kadar utan\u00e7 duysan\u0131z yeridir.&#8221;<\/p>\n<p><b>&#8220;\u00c7ANKAYA&#8217;YI DAYANI\u015eMANIN, PAYLA\u015eMANIN KALB\u0130 YAPMAYA DEVAM EDECE\u011e\u0130Z&#8221;<\/b><br \/>\u00c7ankaya&#8217;da adil ve d\u00fcr\u00fcst bir y\u00f6netim anlay\u0131\u015f\u0131 olu\u015fturduklar\u0131n\u0131 vurgulayan Ba\u015fkan G\u00fcner, &#8220;Bizler kim ne derse desin, hangi bask\u0131 unsurlar\u0131n\u0131 kullan\u0131rsa kullans\u0131n, kaynaklar\u0131m\u0131z\u0131 hangi \u015fekilde keserse kessin, sizin vergilerinizle olu\u015fan b\u00fct\u00e7emizi, yine sizler i\u00e7in harcamaya, kullanmaya devam edece\u011fiz. E\u015fit adil, \u015feffaf, d\u00fcr\u00fcst bir y\u00f6netim anlay\u0131\u015f\u0131yla \u00c7ankaya&#8217;y\u0131 dayan\u0131\u015fman\u0131n, payla\u015fman\u0131n, sevginin ve karde\u015fli\u011fin kalbi yapmaya devam edece\u011fiz&#8221; dedi.<\/p>\n<p><b>KENT YA\u015eAMINA AKT\u0130F KATILACAKLAR<\/b><br \/>\u00c7ankaya&#8217;da emekli lokallerinin \u00f6nemli bir ihtiyaca cevap verdi\u011fini kaydeden Ba\u015fkan G\u00fcner, \u015funlar\u0131 s\u00f6yledi:<br \/>&#8220;Say\u0131s\u0131 sekizi bulan emekli lokallerimizde kom\u015fular\u0131m\u0131z bir araya gelecek; sohbet edecek, birlikte vakit ge\u00e7irecek, yeni dostluklar kuracaklar. B\u00fcy\u00fcklerimiz kendilerini yaln\u0131z hissetmeyecekler. Kent ya\u015fam\u0131n\u0131n i\u00e7inde aktif bir \u015fekilde yer alacak ve sa\u011fl\u0131kl\u0131 bir \u015fekilde ya\u015fayacaklar. Bizim i\u00e7in en b\u00fcy\u00fck mutluluk i\u015fte budur. Ge\u00e7ti\u011fimiz aylarda birlikte temelini att\u0131\u011f\u0131m\u0131z K\u0131rkkonaklar Mahallemizdeki Meral Gen\u00e7ler Alzheimer Demans G\u00fcnd\u00fcz Ya\u015fam Merkezimizi de inan\u0131yorum ki y\u0131l i\u00e7erisinde birlikte hizmete a\u00e7aca\u011f\u0131z. Bir u\u00e7tan bir uca \u00c7ankaya&#8217;n\u0131n her k\u00f6\u015fesine sizlerden ald\u0131\u011f\u0131m\u0131z g\u00fc\u00e7te, bu g\u00fczel birlikteli\u011fimizde hizmet etmeye var g\u00fcc\u00fcm\u00fczle \u00e7al\u0131\u015fmaya devam edece\u011fiz.&#8221;<\/p>\n<p><b>MANSUR BA\u015eKAN&#8217;DAN TE\u015eEKK\u00dcR<\/b><br \/>A\u00e7\u0131l\u0131\u015fta konu\u015fan Ankara B\u00fcy\u00fck\u015fehir Belediye Ba\u015fkan&#8217;\u0131 Mansur Yava\u015f da emekli lokalleri projesini \u00c7ankaya&#8217;da hayata ge\u00e7iren Ba\u015fkan H\u00fcseyin Can G\u00fcner&#8217;e te\u015fekk\u00fcr etti. Emekli lokallerini Ankara genelinde yayg\u0131nla\u015ft\u0131rmaya devam edeceklerini m\u00fcjdeleyen Mansur Yava\u015f, &#8220;81 bin emekli yurtta\u015f\u0131m\u0131za her ay d\u00fczenli olarak yard\u0131mlar\u0131m\u0131z\u0131 s\u00fcrd\u00fcr\u00fcyoruz. B\u00f6ylesine donan\u0131ml\u0131 tesisler art\u0131k emeklilerimiz i\u00e7in b\u00fcy\u00fck ihtiya\u00e7 haline geldi ve in\u015fallah yenilerini de birlikte a\u00e7aca\u011f\u0131z. Ba\u015fta bizlere bu fikri veren say\u0131n ba\u015fkan\u0131m\u0131za ve \u00e7al\u0131\u015fanlar\u0131na, eme\u011fi ge\u00e7en herkese \u00e7ok \u00e7ok te\u015fekk\u00fcr ediyorum. \u0130lker ve M\u00fcrsel Ulu\u00e7 Mahallelerimize yeni lokallerinin hay\u0131rl\u0131\u00a0u\u011furlu olmas\u0131n\u0131 diliyorum&#8221; diye konu\u015ftu.<\/p>\n<p><b>YA\u015eAM BOYU GEL\u0130\u015e\u0130M<\/b><br \/>Emekli Lokalleri, d\u0131\u015f ve i\u00e7 mek\u00e2n tasar\u0131mlar\u0131yla da dikkat \u00e7ekiyor. Ana salon, mutfak ve toplant\u0131 odas\u0131 bulunan bu merkezler, \u00fcyelerin rahat bir \u015fekilde bir araya gelmesini sa\u011fl\u0131yor. Lokaller, \u00fcyelik sistemiyle hizmet veriyor ve \u00fcyelerine \u00f6zel olarak tasarlanm\u0131\u015f etkinlikler sunuyor. Zihinsel egzersizleri destekleyen, i\u015fitsel-g\u00f6rsel becerileri geli\u015ftiren, odaklanma ve konsantrasyonu art\u0131ran aktiviteler yer alan lokallerde, \u00fcyelere ayr\u0131ca \u00e7ay, kahve ve po\u011fa\u00e7a gibi \u00fccretsiz ikramlar da sunuluyor.<\/p>\n<p>\u00a0<\/p>\n<p>\u00a0<\/p>\n<p>Kaynak: (BYZHA) Beyaz Haber Ajans\u0131<\/p>\n","protected":false},"excerpt":{"rendered":"<p>\u00c7ankaya Belediye Ba\u015fkan\u0131 H\u00fcseyin Can G\u00fcner\u2019in se\u00e7im vaatleri aras\u0131nda yer alan emekli lokallerine bir yenisini daha eklendi.<\/p>\n","protected":false},"author":1,"featured_media":3632,"comment_status":"open","ping_status":"open","sticky":false,"template":"","format":"standard","meta":{"footnotes":""},"categories":[21],"tags":[],"class_list":["post-3631","post","type-post","status-publish","format-standard","has-post-thumbnail","hentry","category-gundem"],"_links":{"self":[{"href":"https:\/\/busondakika.com.tr\/index.php?rest_route=\/wp\/v2\/posts\/3631","targetHints":{"allow":["GET"]}}],"collection":[{"href":"https:\/\/busondakika.com.tr\/index.php?rest_route=\/wp\/v2\/posts"}],"about":[{"href":"https:\/\/busondakika.com.tr\/index.php?rest_route=\/wp\/v2\/types\/post"}],"author":[{"embeddable":true,"href":"https:\/\/busondakika.com.tr\/index.php?rest_route=\/wp\/v2\/users\/1"}],"replies":[{"embeddable":true,"href":"https:\/\/busondakika.com.tr\/index.php?rest_route=%2Fwp%2Fv2%2Fcomments&post=3631"}],"version-history":[{"count":1,"href":"https:\/\/busondakika.com.tr\/index.php?rest_route=\/wp\/v2\/posts\/3631\/revisions"}],"predecessor-version":[{"id":3633,"href":"https:\/\/busondakika.com.tr\/index.php?rest_route=\/wp\/v2\/posts\/3631\/revisions\/3633"}],"wp:featuredmedia":[{"embeddable":true,"href":"https:\/\/busondakika.com.tr\/index.php?rest_route=\/wp\/v2\/media\/3632"}],"wp:attachment":[{"href":"https:\/\/busondakika.com.tr\/index.php?rest_route=%2Fwp%2Fv2%2Fmedia&parent=3631"}],"wp:term":[{"taxonomy":"category","embeddable":true,"href":"https:\/\/busondakika.com.tr\/index.php?rest_route=%2Fwp%2Fv2%2Fcategories&post=3631"},{"taxonomy":"post_tag","embeddable":true,"href":"https:\/\/busondakika.com.tr\/index.php?rest_route=%2Fwp%2Fv2%2Ftags&post=3631"}],"curies":[{"name":"wp","href":"https:\/\/api.w.org\/{rel}","templated":true}]}}