{"id":3634,"date":"2026-03-14T15:54:09","date_gmt":"2026-03-14T15:54:09","guid":{"rendered":"https:\/\/busondakika.com.tr\/?p=3634"},"modified":"2026-03-14T15:54:09","modified_gmt":"2026-03-14T15:54:09","slug":"niluferde-tohumlar-gelecege-emanet","status":"publish","type":"post","link":"https:\/\/busondakika.com.tr\/?p=3634","title":{"rendered":"Nil\u00fcfer\u2019de tohumlar gelece\u011fe emanet"},"content":{"rendered":"<p> <b>Nil\u00fcfer Belediyesi\u2019nin d\u00fczenledi\u011fi 11. Tohum Takas \u015eenli\u011fi\u2019nde 30 farkl\u0131 \u00e7e\u015fitten toplam 15 bin paket tohum vatanda\u015flarla payla\u015f\u0131ld\u0131. \u015eenlikte tohum takas\u0131n\u0131n yan\u0131 s\u0131ra konserler, at\u00f6lyeler ve \u00e7e\u015fitli etkinlikler ger\u00e7ekle\u015ftirildi.<\/b>\u00a0\u00a0<\/p>\n<p>Nil\u00fcfer Belediyesi taraf\u0131ndan d\u00fczenlenen 11. Tohum Takas \u015eenli\u011fi\u2019nde yerel tohumlar toprakla bulu\u015fmak \u00fczere vatanda\u015flarla payla\u015f\u0131ld\u0131. Nil\u00fcfer Belediyesi, Nil\u00fcfer Tar\u0131msal Kalk\u0131nma Kooperatifi (N\u0130LKOOP) ve Nil\u00fcfer Kent Konseyi i\u015f birli\u011finde d\u00fczenlenen 11. Tohum Takas \u015eenli\u011fi, Nil\u00fcfer Belediyesi Halk Evi \u00f6n\u00fcnde ger\u00e7ekle\u015ftirildi. Vatanda\u015flar\u0131n yo\u011fun ilgi g\u00f6sterdi\u011fi \u015fenli\u011fe Nil\u00fcfer Belediye Ba\u015fkan\u0131 \u015eadi \u00d6zdemir ve e\u015fi Nuray \u00d6zdemir, Nil\u00fcfer Belediye Ba\u015fkan yard\u0131mc\u0131lar\u0131, Meclis \u00fcyeleri, CHP Nil\u00fcfer \u0130l\u00e7e Ba\u015fkan\u0131 \u00d6zg\u00fcr \u015eahin, Nil\u00fcfer Kent Konseyi, Ziraat M\u00fchendisleri Odas\u0131 Bursa \u015eubesi ve farkl\u0131 \u015fehirlerin yerel y\u00f6netim temsilcileri ile sivil toplum kurulu\u015flar\u0131n\u0131n y\u00f6neticileri kat\u0131ld\u0131. \u00a0<\/p>\n<p>\u015eenlik, Nil\u00fcfer Belediyesi Halk Danslar\u0131 Toplulu\u011fu\u2019nun g\u00f6sterisiyle ba\u015flad\u0131. Etkinlikte vatanda\u015flar, Nil\u00fcfer Belediyesi taraf\u0131ndan \u00fcretilen yerel tohumlardan olu\u015fan paketleri alarak tohum takas\u0131na kat\u0131ld\u0131.<\/p>\n<p><b>\u201cTOHUM YA\u015eAMIN TA KEND\u0130S\u0130D\u0130R\u201d<\/b><br \/>\u015eenlikte konu\u015fan Nil\u00fcfer Belediye Ba\u015fkan\u0131\u00a0<strong>\u015eadi \u00d6zdemir<\/strong>, yerel tohumlar\u0131n korunmas\u0131n\u0131n hem tar\u0131msal \u00fcretim hem de g\u0131da g\u00fcvenli\u011fi a\u00e7\u0131s\u0131ndan b\u00fcy\u00fck \u00f6nem ta\u015f\u0131d\u0131\u011f\u0131na dikkati \u00e7ekti. Tohumun ya\u015fam\u0131n ba\u015flang\u0131\u00e7 noktas\u0131 oldu\u011funu vurgulayan Ba\u015fkan \u015eadi \u00d6zdemir, \u015funlar\u0131 s\u00f6yledi: \u00a0<br \/>\u201cTohum, ya\u015fam\u0131n ta kendisidir. Tar\u0131msal \u00fcretimin ilk halkas\u0131d\u0131r. Bitki sa\u011fl\u0131\u011f\u0131n\u0131n, g\u0131da g\u00fcvencesinin ve g\u00fcvenli\u011finin temelidir. Tohumsuz tar\u0131m olmaz, tar\u0131ms\u0131z hayat olmaz. Bu nedenle yerel tohumlar\u0131 korumak ve \u00e7o\u011faltmak, gelece\u011fe b\u0131rakaca\u011f\u0131m\u0131z en de\u011ferli miraslardan biridir. Bundan 11 y\u0131l \u00f6nce k\u00fc\u00e7\u00fck bir ad\u0131mla yola \u00e7\u0131kt\u0131k. Yakla\u015f\u0131k 500 metrekarelik bir alanda birka\u00e7 \u00e7e\u015fit yerel tohumla ba\u015flad\u0131\u011f\u0131m\u0131z bu yolculuk, bug\u00fcn \u00dcr\u00fcnl\u00fc Mahallesi\u2019nde yakla\u015f\u0131k 6 dekarl\u0131k kent bostanlar\u0131na d\u00f6n\u00fc\u015ft\u00fc. Kent bostanlar\u0131m\u0131zda 70 parselde y\u00fczlerce \u00e7e\u015fit yerel tohumu \u00fcretiyor ve \u00e7o\u011falt\u0131yoruz. Nil\u00fcfer Tar\u0131msal Kalk\u0131nma Kooperatifimiz ile birlikte bu tohumlar\u0131 b\u00fcy\u00fck bir \u00f6zenle koruyor, \u00e7o\u011falt\u0131yor ve yeniden toprakla bulu\u015fmas\u0131n\u0131 sa\u011fl\u0131yoruz. Bu \u00e7al\u0131\u015fmalar yaln\u0131zca Nil\u00fcfer i\u00e7in de\u011fil, T\u00fcrkiye\u2019de yerel tohumlar\u0131n korunmas\u0131 a\u00e7\u0131s\u0131ndan da \u00f6nemli bir dayan\u0131\u015fma hareketine d\u00f6n\u00fc\u015ft\u00fc.\u201d \u00a0<br \/><b>YEREL TOHUMLAR T\u00dcRK\u0130YE\u2019YE YAYILIYOR<\/b><br \/>Nil\u00fcfer\u2019de ba\u015flayan bu hareketin \u0130zmir\u2019den Eski\u015fehir\u2019e, Edirne\u2019den \u00c7anakkale\u2019ye, K\u0131rklareli\u2019nden Mu\u011fla\u2019ya kadar pek \u00e7ok kente ilham verdi\u011fini s\u00f6yleyen Ba\u015fkan \u015eadi \u00d6zdemir, \u201cNil\u00fcfer\u2019de ekti\u011fimiz tohumlar T\u00fcrkiye\u2019nin d\u00f6rt bir yan\u0131nda filizlenmeye devam ediyor\u201d diyerek \u015f\u00f6yle konu\u015ftu: \u00a0<br \/>\u201cBu y\u0131l \u015fenli\u011fimizde 30 farkl\u0131 yerel \u00e7e\u015fitten 15 bin paket tohumu sizlerle bulu\u015fturuyoruz. Bakla, bezelye, biber, domates, fasulye, kavun, karpuz, patl\u0131can ve daha bir\u00e7ok yerel \u00e7e\u015fit kendi kent bostanlar\u0131m\u0131zda \u00fcretildi ve \u00e7imlenme testlerinden ge\u00e7irilerek toprakla bulu\u015fmaya haz\u0131r hale getirildi. \u00dcstelik burada yaln\u0131zca tohum da\u011f\u0131tm\u0131yoruz, ayn\u0131 zamanda bir dayan\u0131\u015fma zinciri kuruyoruz. Sizler bu tohumlar\u0131 ekip \u00e7o\u011faltacak, kom\u015fular\u0131n\u0131zla ve yak\u0131nlar\u0131n\u0131zla payla\u015facaks\u0131n\u0131z. B\u00f6ylece yerel tohumlar\u0131m\u0131z nesilden nesle aktar\u0131lmaya devam edecek. Tohum Takas \u015eenli\u011fi sadece bir tar\u0131m etkinli\u011fi de\u011fil; ayn\u0131 zamanda do\u011fayla kurdu\u011fumuz ba\u011f\u0131n, payla\u015fman\u0131n ve dayan\u0131\u015fman\u0131n bir simgesidir. Bug\u00fcn burada at\u00f6lyeler, etkinlikler ve bulu\u015fmalarla hep birlikte do\u011fan\u0131n bereketini kutluyoruz.\u201d \u00a0<\/p>\n<p>A\u00e7\u0131l\u0131\u015f konu\u015fmalar\u0131nda s\u00f6z alan Nil\u00fcfer Kent Konseyi Ba\u015fkan\u0131 Do\u00e7. Dr. Mustafa Berkay Ayd\u0131n ile Ziraat M\u00fchendisleri Odas\u0131 Bursa \u015eubesi Y\u00f6netim Kurulu \u00dcyesi Hasan Kay\u0131n, ge\u00e7mi\u015fin miras\u0131n\u0131 gelece\u011fe aktaran, co\u011frafyam\u0131z\u0131n en de\u011ferli hazinesi olan tohumlar\u0131n gelece\u011fe aktar\u0131lmas\u0131 ad\u0131na bu etkinli\u011fin \u00e7ok \u00f6nemli oldu\u011funu belirttiler. \u00a0<\/p>\n<p>\u015eenlik kapsam\u0131nda vatanda\u015flar g\u00fcn boyunca d\u00fczenlenen etkinliklere kat\u0131ld\u0131. Konserlerin yan\u0131 s\u0131ra Tohum Ekim At\u00f6lyesi, Tohum Topu At\u00f6lyesi, At\u0131k Ya\u011flardan Sabun Yap\u0131m At\u00f6lyesi ve A\u011fa\u00e7 Karde\u015fli\u011fi At\u00f6lyesi gibi etkinlikler ger\u00e7ekle\u015ftirildi. Vatanda\u015flar hem yerel tohumlarla bulu\u015ftu hem de do\u011fa dostu \u00fcretim konusunda bilgi edinme f\u0131rsat\u0131 buldu.<\/p>\n<p>\u00a0<\/p>\n<p>Kaynak: (BYZHA) Beyaz Haber Ajans\u0131<\/p>\n","protected":false},"excerpt":{"rendered":"<p>Nil\u00fcfer Belediyesi\u2019nin d\u00fczenledi\u011fi 11.<\/p>\n","protected":false},"author":1,"featured_media":3635,"comment_status":"open","ping_status":"open","sticky":false,"template":"","format":"standard","meta":{"footnotes":""},"categories":[21],"tags":[],"class_list":["post-3634","post","type-post","status-publish","format-standard","has-post-thumbnail","hentry","category-gundem"],"_links":{"self":[{"href":"https:\/\/busondakika.com.tr\/index.php?rest_route=\/wp\/v2\/posts\/3634","targetHints":{"allow":["GET"]}}],"collection":[{"href":"https:\/\/busondakika.com.tr\/index.php?rest_route=\/wp\/v2\/posts"}],"about":[{"href":"https:\/\/busondakika.com.tr\/index.php?rest_route=\/wp\/v2\/types\/post"}],"author":[{"embeddable":true,"href":"https:\/\/busondakika.com.tr\/index.php?rest_route=\/wp\/v2\/users\/1"}],"replies":[{"embeddable":true,"href":"https:\/\/busondakika.com.tr\/index.php?rest_route=%2Fwp%2Fv2%2Fcomments&post=3634"}],"version-history":[{"count":1,"href":"https:\/\/busondakika.com.tr\/index.php?rest_route=\/wp\/v2\/posts\/3634\/revisions"}],"predecessor-version":[{"id":3636,"href":"https:\/\/busondakika.com.tr\/index.php?rest_route=\/wp\/v2\/posts\/3634\/revisions\/3636"}],"wp:featuredmedia":[{"embeddable":true,"href":"https:\/\/busondakika.com.tr\/index.php?rest_route=\/wp\/v2\/media\/3635"}],"wp:attachment":[{"href":"https:\/\/busondakika.com.tr\/index.php?rest_route=%2Fwp%2Fv2%2Fmedia&parent=3634"}],"wp:term":[{"taxonomy":"category","embeddable":true,"href":"https:\/\/busondakika.com.tr\/index.php?rest_route=%2Fwp%2Fv2%2Fcategories&post=3634"},{"taxonomy":"post_tag","embeddable":true,"href":"https:\/\/busondakika.com.tr\/index.php?rest_route=%2Fwp%2Fv2%2Ftags&post=3634"}],"curies":[{"name":"wp","href":"https:\/\/api.w.org\/{rel}","templated":true}]}}