{"id":3643,"date":"2026-03-15T08:32:04","date_gmt":"2026-03-15T08:32:04","guid":{"rendered":"https:\/\/busondakika.com.tr\/?p=3643"},"modified":"2026-03-15T08:32:05","modified_gmt":"2026-03-15T08:32:05","slug":"buyuksehirden-ozel-bireylerle-iftar","status":"publish","type":"post","link":"https:\/\/busondakika.com.tr\/?p=3643","title":{"rendered":"B\u00fcy\u00fck\u015fehir&#8217;den \u00f6zel bireylerle iftar"},"content":{"rendered":"<p> Kocaeli B\u00fcy\u00fck\u015fehir Belediye Ba\u015fkan\u0131 Tahir B\u00fcy\u00fckak\u0131n, \u00f6zel bireylere y\u00f6nelik d\u00fczenlenen iftar program\u0131nda \u00e7ocuklar\u0131n yo\u011fun sevgi g\u00f6sterileriyle kar\u015f\u0131land\u0131. Salona girer girmez alk\u0131\u015f ya\u011fmuruna tutulan B\u00fcy\u00fckak\u0131n\u2019\u0131n etraf\u0131, konu\u015fma yapt\u0131\u011f\u0131 s\u0131rada \u00e7ocuklar taraf\u0131ndan sar\u0131ld\u0131.<\/p>\n<p><b>\u00d6ZEL B\u0130REYLER ARTIK HAYATA TUTUNUYOR<\/b><\/p>\n<p>Kocaeli B\u00fcy\u00fck\u015fehir Belediyesi, \u201cEngelsiz Kocaeli\u201d vizyonu do\u011frultusunda \u00f6zel bireylere y\u00f6nelik \u00e7ok say\u0131da proje hayata ge\u00e7iriyor. Bu projelerle yeniden hayata tutunan \u00f6zel bireyler ve aileleri, bu kez B\u00fcy\u00fck\u015fehir\u2019in d\u00fczenledi\u011fi Engelsiz \u0130ftar program\u0131nda bir araya geldi. Antikkap\u0131 Restoran\u2019daki programa Kocaeli Valisi \u0130lhami Akta\u015f ve Kocaeli B\u00fcy\u00fck\u015fehir Belediye Ba\u015fkan\u0131 Tahir B\u00fcy\u00fckak\u0131n da kat\u0131ld\u0131.<\/p>\n<p><b>BA\u015eKAN B\u00dcY\u00dcKAKIN\u2019A SEVG\u0130 SEL\u0130<\/b><\/p>\n<p>Ba\u015fkan B\u00fcy\u00fckak\u0131n\u2019dan her zaman \u00f6zel sevgi g\u00f6ren \u00f6zel bireyler, bu sevginin kar\u015f\u0131l\u0131ks\u0131z olmad\u0131\u011f\u0131n\u0131 d\u00fczenlenen iftar program\u0131nda g\u00f6sterdi. Ba\u015fkan\u2019\u0131, salona girer girmez alk\u0131\u015f ya\u011fmuruna tutan \u00f6zel bireyler, sevgi g\u00f6sterilerini konu\u015fmas\u0131 s\u0131ras\u0131nda da devam ettirdi. Ba\u015fkan B\u00fcy\u00fckak\u0131n konu\u015fmak i\u00e7in sahneye \u00e7\u0131kt\u0131\u011f\u0131 s\u0131rada \u00e7ocuklar bir anda etraf\u0131n\u0131 sararken salonda duygu dolu anlar ya\u015fand\u0131. Bu tablo kar\u015f\u0131s\u0131nda b\u00fcy\u00fck mutluluk ya\u015fayan B\u00fcy\u00fckak\u0131n, \u201c\u0130\u015fte mutlulu\u011fun resmi\u201d s\u00f6zleriyle duygular\u0131n\u0131 dile getirdi.<\/p>\n<p><b>\u201cBU AK\u015eAMK\u0130 ENERJ\u0130 BAMBA\u015eKA\u201d<\/b><\/p>\n<p>Ba\u015fkan B\u00fcy\u00fckak\u0131n konu\u015fmas\u0131nda, \u201cBug\u00fcnk\u00fc enerji bamba\u015fka. Muhte\u015fem g\u00f6r\u00fcn\u00fcyorsunuz. \u00d6nemli olan bu evlatlar\u0131m\u0131z\u0131n hayata kat\u0131lmas\u0131yd\u0131. Bu tablo, o mutlulu\u011fun tablosu. Hepinize y\u00fcrekten te\u015fekk\u00fcr ediyorum. Bunu ba\u015farmam\u0131z \u00e7ok k\u0131ymetliydi. \u015eu anda mutlulu\u011fumu ifade edecek s\u00f6z bulam\u0131yorum. \u0130\u015fte mutlulu\u011fun resmi bu\u201d dedi. B\u00fcy\u00fckak\u0131n, \u00f6n\u00fcm\u00fczdeki Kadir Gecesi\u2019nin milletimize huzur ve mutluluk getirmesini dilerken, \u00f6zel bireylerin hep bir a\u011f\u0131zdan \u201cAmin\u201d demesi salondan b\u00fcy\u00fck alk\u0131\u015f ald\u0131.<\/p>\n<p>Kaynak: (BYZHA) Beyaz Haber Ajans\u0131<\/p>\n","protected":false},"excerpt":{"rendered":"<p>Kocaeli B\u00fcy\u00fck\u015fehir Belediye Ba\u015fkan\u0131 Tahir B\u00fcy\u00fckak\u0131n, \u00f6zel bireylere y\u00f6nelik d\u00fczenlenen iftar program\u0131nda \u00e7ocuklar\u0131n yo\u011fun sevgi g\u00f6sterileriyle kar\u015f\u0131land\u0131.<\/p>\n","protected":false},"author":1,"featured_media":3644,"comment_status":"open","ping_status":"open","sticky":false,"template":"","format":"standard","meta":{"footnotes":""},"categories":[21],"tags":[],"class_list":["post-3643","post","type-post","status-publish","format-standard","has-post-thumbnail","hentry","category-gundem"],"_links":{"self":[{"href":"https:\/\/busondakika.com.tr\/index.php?rest_route=\/wp\/v2\/posts\/3643","targetHints":{"allow":["GET"]}}],"collection":[{"href":"https:\/\/busondakika.com.tr\/index.php?rest_route=\/wp\/v2\/posts"}],"about":[{"href":"https:\/\/busondakika.com.tr\/index.php?rest_route=\/wp\/v2\/types\/post"}],"author":[{"embeddable":true,"href":"https:\/\/busondakika.com.tr\/index.php?rest_route=\/wp\/v2\/users\/1"}],"replies":[{"embeddable":true,"href":"https:\/\/busondakika.com.tr\/index.php?rest_route=%2Fwp%2Fv2%2Fcomments&post=3643"}],"version-history":[{"count":1,"href":"https:\/\/busondakika.com.tr\/index.php?rest_route=\/wp\/v2\/posts\/3643\/revisions"}],"predecessor-version":[{"id":3645,"href":"https:\/\/busondakika.com.tr\/index.php?rest_route=\/wp\/v2\/posts\/3643\/revisions\/3645"}],"wp:featuredmedia":[{"embeddable":true,"href":"https:\/\/busondakika.com.tr\/index.php?rest_route=\/wp\/v2\/media\/3644"}],"wp:attachment":[{"href":"https:\/\/busondakika.com.tr\/index.php?rest_route=%2Fwp%2Fv2%2Fmedia&parent=3643"}],"wp:term":[{"taxonomy":"category","embeddable":true,"href":"https:\/\/busondakika.com.tr\/index.php?rest_route=%2Fwp%2Fv2%2Fcategories&post=3643"},{"taxonomy":"post_tag","embeddable":true,"href":"https:\/\/busondakika.com.tr\/index.php?rest_route=%2Fwp%2Fv2%2Ftags&post=3643"}],"curies":[{"name":"wp","href":"https:\/\/api.w.org\/{rel}","templated":true}]}}