{"id":3646,"date":"2026-03-15T08:32:05","date_gmt":"2026-03-15T08:32:05","guid":{"rendered":"https:\/\/busondakika.com.tr\/?p=3646"},"modified":"2026-03-15T08:32:06","modified_gmt":"2026-03-15T08:32:06","slug":"bergamanin-iftar-sofrasi-tip-bayraminda-doktor-baskanlari-bulusturdu","status":"publish","type":"post","link":"https:\/\/busondakika.com.tr\/?p=3646","title":{"rendered":"Bergama\u2019n\u0131n iftar sofras\u0131 T\u0131p Bayram\u0131&#8217;nda doktor ba\u015fkanlar\u0131 bulu\u015fturdu"},"content":{"rendered":"<p> \u0130zmir B\u00fcy\u00fck\u015fehir Belediye Ba\u015fkan\u0131 Dr. Cemil Tugay, Bergama\u2019da kurulan iftar sofras\u0131nda yurtta\u015flarla bulu\u015ftu. Ramazan\u2019\u0131n birlik ve dayan\u0131\u015fma ruhuna vurgu yap\u0131lan bulu\u015fmada anlaml\u0131 bir tesad\u00fcf ya\u015fand\u0131. Bergama Belediye Ba\u015fkan\u0131 Prof. Dr. Tanju \u00c7elik ile Dr. Cemil Tugay\u2019\u0131n ayn\u0131 sofrada bir araya gelmesiyle, t\u0131bb\u0131n do\u011fdu\u011fu yer olarak bilinen Bergama\u2019da iki doktor ba\u015fkan 14 Mart T\u0131p Bayram\u0131\u2019n\u0131 birlikte kutlad\u0131.<\/p>\n<p>\u0130zmir B\u00fcy\u00fck\u015fehir Belediye Ba\u015fkan\u0131 Dr. Cemil Tugay, \u0130zmir B\u00fcy\u00fck\u015fehir Belediyesi&#8217;nin Bergama\u2019da kurdu\u011fu iftar sofras\u0131nda yurtta\u015flarla bulu\u015ftu. Birlik ve dayan\u0131\u015fma ruhunun payla\u015f\u0131ld\u0131\u011f\u0131 bulu\u015fmada 14 Mart T\u0131p Bayram\u0131 da kutland\u0131. Programa K\u0131n\u0131k Belediye Ba\u015fkan\u0131 Sema Bodur, Dikili Belediye Ba\u015fkan\u0131 Adil K\u0131rg\u00f6z, CHP Bergama \u0130l\u00e7e Ba\u015fkan\u0131 \u0130smail Durmaz, meclis \u00fcyeleri, muhtarlar ve \u00e7ok say\u0131da yurtta\u015f da kat\u0131ld\u0131. \u0130ftar \u00f6ncesinde masalar\u0131 dola\u015farak yurtta\u015flarla tek tek tokala\u015fan Ba\u015fkan Tugay, CHP\u2019ye kat\u0131lmak istedi\u011fini ifade eden Engin G\u00fcrgel\u2019e de 6 oklu rozeti takt\u0131.<\/p>\n<p><strong>\u201cBirlik ve beraberlik iyidir\u201d<\/strong><\/p>\n<p>\u0130zmir B\u00fcy\u00fck\u015fehir Belediye Ba\u015fkan\u0131 Dr. Cemil Tugay, konu\u015fmas\u0131nda ramazan ay\u0131n\u0131n \u00f6nemine de\u011findi. Bu m\u00fcbarek ay\u0131n, herkese insanlar\u0131n e\u015fit oldu\u011funu hat\u0131rlatt\u0131\u011f\u0131n\u0131 s\u00f6yleyen Ba\u015fkan Tugay, \u201c\u0130nsan insana muhta\u00e7. Ne zaman zor g\u00fcn, dar g\u00fcn olsa d\u00f6n\u00fcp bir kom\u015fu ar\u0131yorsunuz. Birlik beraberlik iyidir. Birlik beraberlik duygusuyla ya\u015famak iyidir. O nedenle b\u00f6yle bir sofrada bir arada olmak, bize \u00e7ok \u015fey \u00f6\u011fretiyor\u201d dedi.\u00a0<\/p>\n<p><strong>\u201cZorluklar\u0131n \u00fcstesinden dayan\u0131\u015fma ile gelebiliriz\u201d<\/strong><\/p>\n<p>Ya\u015fanan zorluklar\u0131 dayan\u0131\u015fma ile a\u015facaklar\u0131na dikkat \u00e7eken Ba\u015fkan Dr. Cemil Tugay, \u015funlar\u0131 s\u00f6yledi: \u201cBiz zor g\u00fcnlerimizden, s\u0131k\u0131nt\u0131lar\u0131m\u0131zdan birlik beraberlikle, dayan\u0131\u015fmayla, birbirimizin halinden anlayarak, birbirimize destek olarak \u00e7\u0131kabiliriz ancak. \u00dclkemizi, halk\u0131m\u0131z\u0131, sahip oldu\u011fumuz b\u00fct\u00fcn o g\u00fczel de\u011ferleri severek onlara sahip \u00e7\u0131karak, \u00e7\u0131kabiliriz. Ve tabi \u00e7ok ama \u00e7ok \u00e7al\u0131\u015farak \u00e7\u0131kabiliriz. \u00c7al\u0131\u015fmadan bunlar\u0131n olmayaca\u011f\u0131 bir ger\u00e7ek.\u201d<\/p>\n<p><strong>\u201cBiz kocaman bir aileyiz\u201d<\/strong><\/p>\n<p>\u0130zmir B\u00fcy\u00fck\u015fehir Belediye Ba\u015fkan\u0131 Dr. Cemil Tugay, muhtarlara da \u00f6zel olarak te\u015fekk\u00fcr etti. Muhtarlar\u0131n yerel y\u00f6netimlerin g\u00f6z\u00fc, kula\u011f\u0131 ve vicdan\u0131 oldu\u011funu belirten Ba\u015fkan Tugay, \u201cBiz birlikte kocaman bir aileyiz. \u0130zmir\u2019de hi\u00e7bir yerin ihmal edilmedi\u011fi, her noktaya hizmetin ula\u015ft\u0131r\u0131lmaya \u00e7al\u0131\u015f\u0131ld\u0131\u011f\u0131 bir s\u00fcre\u00e7 ya\u015f\u0131yoruz. Bu nedenle zaman zaman zorland\u0131\u011f\u0131m\u0131z d\u00f6nemler de oluyor. Allah ne beni ne de g\u00f6rev alan di\u011fer arkada\u015flar\u0131m\u0131 mahcup etsin. Biz bu \u00fclkenin, bu \u015fehrin ve bu milletin sevdal\u0131s\u0131 olarak \u00fczerimize d\u00fc\u015feni yapaca\u011f\u0131z. Buradaki g\u00fczel birlik ve beraberlik havas\u0131n\u0131n y\u0131l\u0131n 365 g\u00fcn\u00fcnde s\u00fcrmesini diliyorum\u201d dedi.<\/p>\n<p><strong>\u201cSa\u011fl\u0131k \u00e7al\u0131\u015fanlar\u0131n\u0131n k\u0131ymetini bilmeyenlere ak\u0131l fikir versin\u201d<\/strong><\/p>\n<p>14 Mart\u2019\u0131n T\u0131p Bayram\u0131 oldu\u011funu da an\u0131msatan Tugay, \u015funlar\u0131 s\u00f6yledi: \u201cBen ve Tanju Ba\u015fkan\u0131m bu d\u00f6nemin belediye ba\u015fkanlar\u0131 aras\u0131nda iki doktor ba\u015fkan\u0131z.\u00a0 Bergama&#8217;day\u0131z. Bergama d\u00fcnyada t\u0131bb\u0131n da do\u011fdu\u011fu yer. Nas\u0131l bir tesad\u00fcf ve nas\u0131l bir g\u00fczellik? Hi\u00e7 kimse bunu planlamad\u0131. Bergama&#8217;da t\u0131bb\u0131n do\u011fdu\u011fu yerde, Tanju Ba\u015fkan\u0131m\u0131zla beraber T\u0131p Bayram\u0131n\u0131 sizlerle birlikte kutlam\u0131\u015f olduk. Sa\u011fl\u0131k \u00e7al\u0131\u015fanlar\u0131 cefakard\u0131rlar. \u0130nsanlar sa\u011fl\u0131\u011f\u0131n\u0131 emanet ediyor.\u00a0 Bundan daha b\u00fcy\u00fck bir vicdani sorumluluk olamaz. T\u00fcm sa\u011fl\u0131k \u00e7al\u0131\u015fanlar\u0131ndan Allah raz\u0131 olsun.\u00a0 Onlar\u0131n k\u0131ymetini bilmeyenlere de ak\u0131l fikir versin.\u201d<\/p>\n<p><strong>\u201cSizler bizim k\u0131ymetlimizsiniz\u201d<\/strong><\/p>\n<p>Ba\u015fkan Dr. Cemil Tugay, her \u015feyin \u201cinsan\u201d ile g\u00fczel oldu\u011funu dile getirerek, \u201c\u0130nan\u0131n her \u015fey sizinle g\u00fczel. O y\u00fczden iyi ki vars\u0131n\u0131z. Sizler bizim k\u0131ymetlimizsiniz.\u00a0 Allah bu \u00fclkedeki b\u00fct\u00fcn insanlara yard\u0131m etsin. Onlar\u0131n hi\u00e7birinin darda kalmas\u0131na, zorda kalmas\u0131na izin vermesin. \u00d6yle bir bolluk, \u00f6yle bir bereket, \u00f6yle bir hay\u0131r, \u00f6yle bir iyilik versin ki herkesin y\u00fcz\u00fc g\u00fcls\u00fcn\u201d diye konu\u015ftu.\u00a0<\/p>\n<p><strong>\u201c\u00dcreten herkesin ellerinden \u00f6p\u00fcyorum\u201d<\/strong><\/p>\n<p>Herkesin sa\u011fl\u0131kl\u0131 ve g\u00fczel bir hayat ya\u015famas\u0131n\u0131 dileyen Ba\u015fkan Tugay, \u201cTarlada \u00e7al\u0131\u015fan \u00e7ift\u00e7i karde\u015fimin de hayvanlara bakan karde\u015flerimizin de esnaf\u0131m\u0131z\u0131n da \u00fcretmeye \u00e7al\u0131\u015fan herkesin ellerinden \u00f6p\u00fcyorum. Onlara \u00e7ok te\u015fekk\u00fcr ediyorum. Allah onlara da sizlere de ve g\u00f6rev yapmaya \u00e7al\u0131\u015fan bizlere de yard\u0131mc\u0131 olsun\u201d dedi. Tugay, s\u00f6zlerinin sonunda yurtta\u015flar\u0131n yakla\u015fan Ramazan Bayram\u0131n\u0131 da kutlad\u0131.\u00a0<\/p>\n<p><strong>\u201cSizlerle birlikte olmaktan dolay\u0131 mutluluk duyuyoruz\u201d\u00a0<\/strong><\/p>\n<p>Bergama Belediye Ba\u015fkan\u0131 Prof. Dr. Tanju \u00c7elik de \u201cBug\u00fcn ayn\u0131 zamanda 14 Mart T\u0131p Bayram\u0131. 14 Mart T\u0131p Bayram\u0131 dolay\u0131s\u0131yla \u00e7ok de\u011ferli a\u011fabeyim, ayn\u0131 zamanda meslek b\u00fcy\u00fc\u011f\u00fcm\u00fcz Dr. Cemil Tugay&#8217;\u0131n nezdinde t\u00fcm doktorlar\u0131n, sa\u011fl\u0131k \u00e7al\u0131\u015fanlar\u0131n\u0131n bayram\u0131n\u0131 kutluyorum. Ramazan ak\u015famlar\u0131 iftar sofralar\u0131nda bir araya geliyoruz. Sizlerle birlikte olmaktan dolay\u0131 mutluluk duyuyoruz\u201d dedi.\u00a0<br \/>Bergama Belediye Ba\u015fkan\u0131 Prof. Dr. Tanju \u00c7elik, 14 Mart T\u0131p Bayram\u0131 an\u0131s\u0131na Ba\u015fkan Tugay\u2019a par\u015f\u00f6men hediye etti.<\/p>\n<p>Kaynak: (BYZHA) Beyaz Haber Ajans\u0131<\/p>\n","protected":false},"excerpt":{"rendered":"<p>\u0130zmir B\u00fcy\u00fck\u015fehir Belediye Ba\u015fkan\u0131 Dr.<\/p>\n","protected":false},"author":1,"featured_media":3647,"comment_status":"open","ping_status":"open","sticky":false,"template":"","format":"standard","meta":{"footnotes":""},"categories":[21],"tags":[],"class_list":["post-3646","post","type-post","status-publish","format-standard","has-post-thumbnail","hentry","category-gundem"],"_links":{"self":[{"href":"https:\/\/busondakika.com.tr\/index.php?rest_route=\/wp\/v2\/posts\/3646","targetHints":{"allow":["GET"]}}],"collection":[{"href":"https:\/\/busondakika.com.tr\/index.php?rest_route=\/wp\/v2\/posts"}],"about":[{"href":"https:\/\/busondakika.com.tr\/index.php?rest_route=\/wp\/v2\/types\/post"}],"author":[{"embeddable":true,"href":"https:\/\/busondakika.com.tr\/index.php?rest_route=\/wp\/v2\/users\/1"}],"replies":[{"embeddable":true,"href":"https:\/\/busondakika.com.tr\/index.php?rest_route=%2Fwp%2Fv2%2Fcomments&post=3646"}],"version-history":[{"count":1,"href":"https:\/\/busondakika.com.tr\/index.php?rest_route=\/wp\/v2\/posts\/3646\/revisions"}],"predecessor-version":[{"id":3648,"href":"https:\/\/busondakika.com.tr\/index.php?rest_route=\/wp\/v2\/posts\/3646\/revisions\/3648"}],"wp:featuredmedia":[{"embeddable":true,"href":"https:\/\/busondakika.com.tr\/index.php?rest_route=\/wp\/v2\/media\/3647"}],"wp:attachment":[{"href":"https:\/\/busondakika.com.tr\/index.php?rest_route=%2Fwp%2Fv2%2Fmedia&parent=3646"}],"wp:term":[{"taxonomy":"category","embeddable":true,"href":"https:\/\/busondakika.com.tr\/index.php?rest_route=%2Fwp%2Fv2%2Fcategories&post=3646"},{"taxonomy":"post_tag","embeddable":true,"href":"https:\/\/busondakika.com.tr\/index.php?rest_route=%2Fwp%2Fv2%2Ftags&post=3646"}],"curies":[{"name":"wp","href":"https:\/\/api.w.org\/{rel}","templated":true}]}}