{"id":3652,"date":"2026-03-15T08:32:09","date_gmt":"2026-03-15T08:32:09","guid":{"rendered":"https:\/\/busondakika.com.tr\/?p=3652"},"modified":"2026-03-15T08:32:10","modified_gmt":"2026-03-15T08:32:10","slug":"buyuksehir-personeline-yuksekte-calisma-egitimi","status":"publish","type":"post","link":"https:\/\/busondakika.com.tr\/?p=3652","title":{"rendered":"B\u00fcy\u00fck\u015fehir personeline &#8220;y\u00fcksekte \u00e7al\u0131\u015fma&#8221; e\u011fitimi"},"content":{"rendered":"<p> Kocaeli B\u00fcy\u00fck\u015fehir Belediyesi, \u00e7al\u0131\u015fan g\u00fcvenli\u011fini art\u0131rmak amac\u0131yla y\u00fcksekte \u00e7al\u0131\u015fma e\u011fitimlerini s\u00fcrd\u00fcr\u00fcyor. Personelin hem teorik hem de uygulamal\u0131 olarak bilin\u00e7lendirilmesini hedefleyen e\u011fitim programlar\u0131 kapsam\u0131nda yakla\u015f\u0131k 1.100 \u00e7al\u0131\u015fana e\u011fitim verilmesi planlan\u0131yor.<\/p>\n<p><b>Y\u00dcKSEKTE \u00c7ALI\u015eMA G\u00dcVENL\u0130\u011e\u0130 G\u00dc\u00c7LEN\u0130YOR<\/b><\/p>\n<p>\u00c7al\u0131\u015fanlar\u0131n\u0131n g\u00fcvenli\u011fini \u00f6ncelikli hedef olarak belirleyen B\u00fcy\u00fck\u015fehir Belediyesi, y\u00fcksekte \u00e7al\u0131\u015fma kaynakl\u0131 i\u015f kazalar\u0131n\u0131n \u00f6n\u00fcne ge\u00e7mek amac\u0131yla e\u011fitim faaliyetlerini sahadaki ihtiya\u00e7lar do\u011frultusunda kapsaml\u0131 bir \u015fekilde y\u00fcr\u00fct\u00fcyor. \u0130nsan Kaynaklar\u0131 ve E\u011fitim Dairesi Ba\u015fkanl\u0131\u011f\u0131 koordinasyonunda ger\u00e7ekle\u015ftirilen e\u011fitimler, \u0130tfaiye Dairesi Ba\u015fkanl\u0131\u011f\u0131\u2019n\u0131n uzman e\u011fitmenleri taraf\u0131ndan veriliyor. E\u011fitimlerle y\u00fcksekte \u00e7al\u0131\u015fma yap\u0131lan alanlarda g\u00fcvenli \u00e7al\u0131\u015fma k\u00fclt\u00fcr\u00fcn\u00fcn yayg\u0131nla\u015ft\u0131r\u0131lmas\u0131, \u00e7al\u0131\u015fanlar\u0131n olas\u0131 risklere kar\u015f\u0131 bilin\u00e7lendirilmesi ve i\u015f kazalar\u0131n\u0131n \u00f6nlenmesi hedefleniyor.<\/p>\n<p><b>TEOR\u0130K VE UYGULAMALI E\u011e\u0130T\u0130MLER VER\u0130L\u0130YOR<\/b><\/p>\n<p>E\u011fitim programlar\u0131nda d\u00fc\u015fmeyi \u00f6nleyici sistemler, ki\u015fisel koruyucu donan\u0131mlar\u0131n do\u011fru kullan\u0131m\u0131, emniyet kemeri ve ba\u011flant\u0131 ekipmanlar\u0131n\u0131n kontrol\u00fc, ankraj noktalar\u0131, g\u00fcvenli eri\u015fim y\u00f6ntemleri, merdiven ve platform kullan\u0131m\u0131 ile acil durum m\u00fcdahale ve kurtarma teknikleri hem teorik hem de uygulamal\u0131 olarak anlat\u0131l\u0131yor. Bu sayede \u00e7al\u0131\u015fanlar\u0131n sahada kar\u015f\u0131la\u015fabilecekleri riskli durumlara kar\u015f\u0131 daha bilin\u00e7li ve haz\u0131rl\u0131kl\u0131 olmalar\u0131 sa\u011flan\u0131yor.<\/p>\n<p><b>37 E\u011e\u0130T\u0130M PROGRAMI PLANLANDI<\/b><\/p>\n<p>Planlama kapsam\u0131nda toplam 37 ayr\u0131 e\u011fitim program\u0131 d\u00fczenlenmesi ve yakla\u015f\u0131k 1.100 \u00e7al\u0131\u015fan\u0131n y\u00fcksekte g\u00fcvenli \u00e7al\u0131\u015fma e\u011fitimi almas\u0131 \u00f6ng\u00f6r\u00fcl\u00fcyor. Kocaeli B\u00fcy\u00fck\u015fehir Belediyesi, bu e\u011fitimlerle \u00e7al\u0131\u015fanlar\u0131n yaln\u0131zca bilgi d\u00fczeyini art\u0131rmay\u0131 de\u011fil, ayn\u0131 zamanda g\u00fcvenli \u00e7al\u0131\u015fma al\u0131\u015fkanl\u0131klar\u0131n\u0131n g\u00fcnl\u00fck i\u015f hayat\u0131na yans\u0131t\u0131lmas\u0131n\u0131 da ama\u00e7l\u0131yor. B\u00f6ylece sahada s\u00fcrd\u00fcr\u00fclebilir ve g\u00fcvenli bir \u00e7al\u0131\u015fma ortam\u0131n\u0131n g\u00fc\u00e7lendirilmesi hedefleniyor.<\/p>\n<p>Kaynak: (BYZHA) Beyaz Haber Ajans\u0131<\/p>\n","protected":false},"excerpt":{"rendered":"<p>Kocaeli B\u00fcy\u00fck\u015fehir Belediyesi, \u00e7al\u0131\u015fan g\u00fcvenli\u011fini art\u0131rmak amac\u0131yla y\u00fcksekte \u00e7al\u0131\u015fma e\u011fitimlerini s\u00fcrd\u00fcr\u00fcyor.<\/p>\n","protected":false},"author":1,"featured_media":3653,"comment_status":"open","ping_status":"open","sticky":false,"template":"","format":"standard","meta":{"footnotes":""},"categories":[21],"tags":[],"class_list":["post-3652","post","type-post","status-publish","format-standard","has-post-thumbnail","hentry","category-gundem"],"_links":{"self":[{"href":"https:\/\/busondakika.com.tr\/index.php?rest_route=\/wp\/v2\/posts\/3652","targetHints":{"allow":["GET"]}}],"collection":[{"href":"https:\/\/busondakika.com.tr\/index.php?rest_route=\/wp\/v2\/posts"}],"about":[{"href":"https:\/\/busondakika.com.tr\/index.php?rest_route=\/wp\/v2\/types\/post"}],"author":[{"embeddable":true,"href":"https:\/\/busondakika.com.tr\/index.php?rest_route=\/wp\/v2\/users\/1"}],"replies":[{"embeddable":true,"href":"https:\/\/busondakika.com.tr\/index.php?rest_route=%2Fwp%2Fv2%2Fcomments&post=3652"}],"version-history":[{"count":1,"href":"https:\/\/busondakika.com.tr\/index.php?rest_route=\/wp\/v2\/posts\/3652\/revisions"}],"predecessor-version":[{"id":3654,"href":"https:\/\/busondakika.com.tr\/index.php?rest_route=\/wp\/v2\/posts\/3652\/revisions\/3654"}],"wp:featuredmedia":[{"embeddable":true,"href":"https:\/\/busondakika.com.tr\/index.php?rest_route=\/wp\/v2\/media\/3653"}],"wp:attachment":[{"href":"https:\/\/busondakika.com.tr\/index.php?rest_route=%2Fwp%2Fv2%2Fmedia&parent=3652"}],"wp:term":[{"taxonomy":"category","embeddable":true,"href":"https:\/\/busondakika.com.tr\/index.php?rest_route=%2Fwp%2Fv2%2Fcategories&post=3652"},{"taxonomy":"post_tag","embeddable":true,"href":"https:\/\/busondakika.com.tr\/index.php?rest_route=%2Fwp%2Fv2%2Ftags&post=3652"}],"curies":[{"name":"wp","href":"https:\/\/api.w.org\/{rel}","templated":true}]}}