{"id":3655,"date":"2026-03-15T08:40:25","date_gmt":"2026-03-15T08:40:25","guid":{"rendered":"https:\/\/busondakika.com.tr\/?p=3655"},"modified":"2026-03-15T08:40:26","modified_gmt":"2026-03-15T08:40:26","slug":"manisada-iftar-bereketi-binlerce-vatandas-ayni-sofrada-bulustu","status":"publish","type":"post","link":"https:\/\/busondakika.com.tr\/?p=3655","title":{"rendered":"Manisa\u2019da \u0130ftar Bereketi Binlerce Vatanda\u015f Ayn\u0131 Sofrada Bulu\u015ftu"},"content":{"rendered":"<p> CHP Genel Ba\u015fkan\u0131 \u00d6zg\u00fcr \u00d6zel ve Manisa B\u00fcy\u00fck\u015fehir Belediye Ba\u015fkan\u0131 Besim Dutlulu, Cumhuriyet Meydan\u0131\u2019nda binlerce vatanda\u015fla ayn\u0131 iftar sofras\u0131n\u0131 payla\u015ft\u0131. Manisa B\u00fcy\u00fck\u015fehir Belediyesinin kurdu\u011fu iftar sofras\u0131nda binlerce vatanda\u015fla birlikte orucunu a\u00e7an \u00d6zel, Ramazan ay\u0131n\u0131n birlik, dayan\u0131\u015fma ve karde\u015flik duygular\u0131n\u0131 b\u00fcy\u00fcten bir ay oldu\u011funu vurgulad\u0131.<\/p>\n<p>Manisa B\u00fcy\u00fck\u015fehir Belediyesi taraf\u0131ndan Ramazan ay\u0131n\u0131n payla\u015fma ve dayan\u0131\u015fma ruhunu ya\u015fatmak amac\u0131yla Cumhuriyet Meydan\u0131\u2019nda kurulan iftar sofras\u0131, binlerce vatanda\u015f\u0131 ayn\u0131 noktada bulu\u015fturdu. Programa CHP Genel Ba\u015fkan\u0131 \u00d6zg\u00fcr \u00d6zel ve Manisa B\u00fcy\u00fck\u015fehir Belediye Ba\u015fkan\u0131 Besim Dutlulu\u2019nun yan\u0131 s\u0131ra CHP Manisa \u0130l Ba\u015fkan\u0131 \u0130lksen \u00d6zalper, Milletvekilleri, il\u00e7e belediye ba\u015fkanlar\u0131, siyasi parti temsilcileri, MASK\u0130 Genel M\u00fcd\u00fcr\u00fc Ali K\u0131l\u0131\u00e7 ile belediye b\u00fcrokratlar\u0131 kat\u0131ld\u0131.<\/p>\n<p>\u0130ftar \u00f6ncesinde meydandaki sofralar\u0131 tek tek ziyaret eden Genel Ba\u015fkan \u00d6zg\u00fcr \u00d6zel ve Ba\u015fkan Besim Dutlulu, vatanda\u015flarla sohbet ederek Ramazan aylar\u0131n\u0131 kutlad\u0131. Yo\u011fun ilgiyle kar\u015f\u0131lanan \u00d6zel, hat\u0131ra foto\u011fraflar\u0131 \u00e7ektirdi.<\/p>\n<p><b>\u201cY\u00fcre\u011fimiz \u00e7ok buruk, \u00e7ok zor geldik bu iftara\u201d<\/b><\/p>\n<p>\u0130ftar sofras\u0131n\u0131n ard\u0131ndan bas\u0131n mensuplar\u0131n\u0131n sorular\u0131n\u0131 yan\u0131tlayan Cumhuriyet Halk Partisi Genel Ba\u015fkan\u0131 \u00d6zg\u00fcr \u00d6zel, ge\u00e7ti\u011fimiz y\u0131l iki merhum ba\u015fkan\u0131n ev sahipli\u011fi yapt\u0131\u011f\u0131n\u0131 hat\u0131rlatarak, \u201cDo\u011fdu\u011fumuz b\u00fcy\u00fcd\u00fc\u011f\u00fcm\u00fcz ildeyiz. Y\u00fcre\u011fimiz \u00e7ok buruk, \u00e7ok zor geldik bu iftara. Hem \u015eehzadelerin hem de b\u00fcy\u00fck\u015fehirin se\u00e7ilmi\u015f iki belediye bakan\u0131 iki karde\u015fim ramazanda ev sahipli\u011fi yapm\u0131\u015flard\u0131 bize. Bu sene maalesef ikisi de aram\u0131zda yok. O y\u00fczden i\u00e7imiz yan\u0131yor y\u00fcre\u011fimiz burkuk. Bu y\u0131l Besim ba\u015fkan\u0131m\u0131z ve Hakan ba\u015fkan\u0131m\u0131z ile birlikte yapt\u0131k\u201d diye konu\u015ftu.<\/p>\n<p><b>\u201cDo\u011fdu\u011fumuz b\u00fcy\u00fcd\u00fc\u011f\u00fcm\u00fcz \u015fehri arkada\u015flar\u0131m\u0131za emanet ettik\u201d<\/b><\/p>\n<p>Manisa\u2019da sunulan hizmetlerden duydu\u011fu memnuniyeti dile getiren \u00d6zel s\u00f6zlerini \u015f\u00f6yle s\u00fcrd\u00fcrd\u00fc: \u201cB\u00fct\u00fcn ya\u015fanan ac\u0131lara ra\u011fmen bu \u00fclkenin vatanda\u015flar\u0131na, yoksullara, kimsesizlere sahip \u00e7\u0131kmak gerekiyor. Hem Ferdi ve G\u00fcl\u015fah\u2019\u0131n b\u0131rakt\u0131\u011f\u0131 hizmetleri kald\u0131\u011f\u0131 yerden devam ettirmek hem de bu ekonomik kriz s\u00fcrecini iyi y\u00f6netmek gerekiyor. Manisa en \u00e7ok kent lokantas\u0131 bulunduran \u0130stanbul\u2019dan sonra ikinci il. Yak\u0131nda \u0130stanbul\u2019daki say\u0131ya ula\u015facak.\u00a0 \u0130l\u00e7elerimizin ve b\u00fcy\u00fck\u015fehrimizin iftarlar\u0131n\u0131 takip ediyorsunuz, 125 bin ki\u015fiye bug\u00fcne kadar sadece b\u00fcy\u00fck\u015fehir taraf\u0131ndan ula\u015f\u0131ld\u0131, \u00e7ok \u00f6nemli. Do\u011fdu\u011fumuz b\u00fcy\u00fcd\u00fc\u011f\u00fcm\u00fcz \u015fehri arkada\u015flar\u0131m\u0131za emanet ettik. Bug\u00fcn burada T\u00fcrkiye\u2019nin \u00e7ok farkl\u0131 yerlerinde do\u011fmu\u015f buraya gelmi\u015f Manisa\u2019da hayata tutunmaya \u00e7al\u0131\u015fan insanlarla ekme\u011fimizi payla\u015ft\u0131k. Burada duydu\u011fumuz g\u00fczel s\u00f6zlerden memleketimizde arkada\u015flar\u0131m\u0131z\u0131n hizmeti ile ilgili b\u00fcy\u00fck memnuniyet duyuyoruz.\u201d<\/p>\n<p><b>\u00d6zel, bayramda Manisa\u2019da olacak<\/b><\/p>\n<p>Ramazan Bayram\u0131\u2019nda Manisa\u2019da olaca\u011f\u0131n\u0131 ifade eden \u00d6zel, \u201cB\u00fct\u00fcn hem\u015fehrilerimizin bir kez daha hem Ramazan\u0131n\u0131 hem yakla\u015fan kadir gecesini kutluyorum. \u0130n\u015fallah Ramazan Bayram\u0131\u2019nda hep birlikte olaca\u011f\u0131z. Y\u00fcre\u011fimizin bir taraf\u0131 yan\u0131yor ama Manisam\u0131zda hep birlikte olaca\u011f\u0131z.\u00a0 Ben bayram\u0131n birinci g\u00fcn\u00fc sabah erken saatlerde burada olaca\u011f\u0131m. Bir g\u00fcn \u00f6nce \u0130stanbul\u2019day\u0131z malum programlar\u0131m\u0131z 19 Mart y\u0131l d\u00f6n\u00fcm\u00fcnde yo\u011fun. 19 Mart gece yar\u0131s\u0131 yola \u00e7\u0131k\u0131p sabah in\u015fallah bayram namaz\u0131na yeti\u015fmi\u015f olaca\u011f\u0131z\u201d dedi. \u00a0<\/p>\n<p><b>\u201cBirlik beraberli\u011fimiz Manisa\u2019da b\u00fcy\u00fcyerek devam edecek\u201d<\/b><\/p>\n<p>Ramazan ay\u0131 boyunca kent genelinde kurulan iftar sofralar\u0131yla binlerce vatanda\u015fa ula\u015ft\u0131klar\u0131n\u0131 belirten Manisa B\u00fcy\u00fck\u015fehir Belediye Ba\u015fkan\u0131 Besim Dutlulu ise \u015funlar\u0131 s\u00f6yledi: \u201cRamazan ay\u0131 boyunca kurdu\u011fumuz iftar sofralar\u0131nda binlerce hem\u015fehrimizle bir araya geldik. Payla\u015fman\u0131n bereketini birlikte ya\u015fad\u0131k. \u0130n\u015fallah bu birlik ve beraberlik ruhu, sadece Ramazan\u2019da de\u011fil, y\u0131l\u0131n her g\u00fcn\u00fcnde Manisa\u2019da b\u00fcy\u00fcyerek devam edecek.\u201d<\/p>\n<p>Cumhuriyet Meydan\u0131\u2019nda kurulan iftar program\u0131, vatanda\u015flar\u0131n yo\u011fun kat\u0131l\u0131m\u0131yla s\u0131cak ve samimi bir atmosferde ger\u00e7ekle\u015fti. Manisal\u0131lar, ayn\u0131 sofrada bulu\u015fman\u0131n ve Ramazan\u2019\u0131n bereketini birlikte payla\u015fman\u0131n mutlulu\u011funu ya\u015fad\u0131.<\/p>\n<p>Kaynak: (BYZHA) Beyaz Haber Ajans\u0131<\/p>\n","protected":false},"excerpt":{"rendered":"<p>CHP Genel Ba\u015fkan\u0131 \u00d6zg\u00fcr \u00d6zel ve Manisa B\u00fcy\u00fck\u015fehir Belediye Ba\u015fkan\u0131 Besim Dutlulu, Cumhuriyet Meydan\u0131\u2019nda binlerce vatanda\u015fla ayn\u0131 iftar sofras\u0131n\u0131 payla\u015ft\u0131.<\/p>\n","protected":false},"author":1,"featured_media":3656,"comment_status":"open","ping_status":"open","sticky":false,"template":"","format":"standard","meta":{"footnotes":""},"categories":[21],"tags":[],"class_list":["post-3655","post","type-post","status-publish","format-standard","has-post-thumbnail","hentry","category-gundem"],"_links":{"self":[{"href":"https:\/\/busondakika.com.tr\/index.php?rest_route=\/wp\/v2\/posts\/3655","targetHints":{"allow":["GET"]}}],"collection":[{"href":"https:\/\/busondakika.com.tr\/index.php?rest_route=\/wp\/v2\/posts"}],"about":[{"href":"https:\/\/busondakika.com.tr\/index.php?rest_route=\/wp\/v2\/types\/post"}],"author":[{"embeddable":true,"href":"https:\/\/busondakika.com.tr\/index.php?rest_route=\/wp\/v2\/users\/1"}],"replies":[{"embeddable":true,"href":"https:\/\/busondakika.com.tr\/index.php?rest_route=%2Fwp%2Fv2%2Fcomments&post=3655"}],"version-history":[{"count":1,"href":"https:\/\/busondakika.com.tr\/index.php?rest_route=\/wp\/v2\/posts\/3655\/revisions"}],"predecessor-version":[{"id":3657,"href":"https:\/\/busondakika.com.tr\/index.php?rest_route=\/wp\/v2\/posts\/3655\/revisions\/3657"}],"wp:featuredmedia":[{"embeddable":true,"href":"https:\/\/busondakika.com.tr\/index.php?rest_route=\/wp\/v2\/media\/3656"}],"wp:attachment":[{"href":"https:\/\/busondakika.com.tr\/index.php?rest_route=%2Fwp%2Fv2%2Fmedia&parent=3655"}],"wp:term":[{"taxonomy":"category","embeddable":true,"href":"https:\/\/busondakika.com.tr\/index.php?rest_route=%2Fwp%2Fv2%2Fcategories&post=3655"},{"taxonomy":"post_tag","embeddable":true,"href":"https:\/\/busondakika.com.tr\/index.php?rest_route=%2Fwp%2Fv2%2Ftags&post=3655"}],"curies":[{"name":"wp","href":"https:\/\/api.w.org\/{rel}","templated":true}]}}