{"id":3661,"date":"2026-03-15T08:40:32","date_gmt":"2026-03-15T08:40:32","guid":{"rendered":"https:\/\/busondakika.com.tr\/?p=3661"},"modified":"2026-03-15T08:40:33","modified_gmt":"2026-03-15T08:40:33","slug":"chp-genel-baskani-ozgur-ozel-sarisin-bir-kurt-sergisini-gezdi","status":"publish","type":"post","link":"https:\/\/busondakika.com.tr\/?p=3661","title":{"rendered":"CHP Genel Ba\u015fkan\u0131 \u00d6zg\u00fcr \u00d6zel \u201cSar\u0131\u015f\u0131n Bir Kurt\u201d Sergisini Gezdi"},"content":{"rendered":"<p> Manisa B\u00fcy\u00fck\u015fehir Belediyesi\u2019nin ev sahipli\u011finde, k\u00fcrat\u00f6rl\u00fc\u011f\u00fcn\u00fc Fahri \u00d6zdemir\u2019in \u00fcstlendi\u011fi ve b\u00fcy\u00fck ilgi g\u00f6ren \u201cSar\u0131\u015f\u0131n Bir Kurt: Mustafa Kemal Atat\u00fcrk\u201d sergisi, CHP Genel Ba\u015fkan\u0131 \u00d6zg\u00fcr \u00d6zel\u2019i a\u011f\u0131rlad\u0131.<\/p>\n<p>Gazim Mustafa Kemal Atat\u00fcrk\u2019\u00fcn 1907\u2019den 1938\u2019e uzanan liderlik s\u00fcrecini kronolojik bir anlat\u0131mla sergileyen \u00e7al\u0131\u015fma, orijinal foto\u011fraflar, d\u00f6neme ait gazete ve dergiler, \u00f6zel yaz\u0131\u015fmalar ve \u00e7ok say\u0131da tarihi dok\u00fcman\u0131 bir araya getiriyor. Anadolu Ajans\u0131\u2019n\u0131n kurulu\u015fundan \u0130zmir\u2019in kurtulu\u015funa kadar pek \u00e7ok kritik ana \u015fahitlik eden belgeler, ziyaret\u00e7ilere adeta o g\u00fcnleri yeniden ya\u015fat\u0131yor.<\/p>\n<p><b>\u201cManisa\u2019da G\u00f6r\u00fclmeye De\u011fer Bir Miras\u201d<\/b><\/p>\n<p>Sergiyi, k\u00fcrat\u00f6r Fahri \u00d6zdemir\u2019in anlat\u0131m\u0131yla gezen CHP Genel Ba\u015fkan\u0131 \u00d6zg\u00fcr \u00d6zel\u2019e, Manisa B\u00fcy\u00fck\u015fehir Belediye Ba\u015fkan\u0131 Besim Dutlulu, CHP Manisa \u0130l Ba\u015fkan\u0131 \u0130lksen \u00d6zalper, CHP Manisa Milletvekilleri ve il\u00e7e belediye ba\u015fkanlar\u0131 e\u015flik etti. Sergiyi inceledikten sonra duygular\u0131n\u0131 ifade eden CHP Genel Ba\u015fkan\u0131 \u00d6zg\u00fcr \u00d6zel, Manisa\u2019da b\u00f6ylesine de\u011ferli bir koleksiyonun sergilenmesinden duydu\u011fu memnuniyeti dile getirdi. Koleksiyoner Fahri \u00d6zdemir\u2019e, Manisa\u2019ya olan \u00f6zel ilgisi ve bu k\u0131ymetli ar\u015fivi vatanda\u015flarla bulu\u015fturdu\u011fu i\u00e7in te\u015fekk\u00fcrlerini ileten \u00d6zel, serginin tarihi derinli\u011fine vurgu yapt\u0131.<\/p>\n<p>K\u00fcrat\u00f6r Fahri \u00d6zdemir ise Manisa halk\u0131n\u0131n sergiye g\u00f6sterdi\u011fi yo\u011fun ilgiden b\u00fcy\u00fck mutluluk duydu\u011funu belirterek, \u201cManisa olunca k\u0131ramad\u0131k, sergiyi a\u00e7t\u0131k. \u0130lginin bu kadar y\u00fcksek olmas\u0131 beni \u00e7ok mutlu etti\u201d ifadelerini kulland\u0131.<\/p>\n<p>Kaynak: (BYZHA) Beyaz Haber Ajans\u0131<\/p>\n","protected":false},"excerpt":{"rendered":"<p>Manisa B\u00fcy\u00fck\u015fehir Belediyesi\u2019nin ev sahipli\u011finde, k\u00fcrat\u00f6rl\u00fc\u011f\u00fcn\u00fc Fahri \u00d6zdemir\u2019in \u00fcstlendi\u011fi ve b\u00fcy\u00fck ilgi g\u00f6ren \u201cSar\u0131\u015f\u0131n Bir Kurt: Mustafa Kemal Atat\u00fcrk\u201d sergisi, CHP Genel Ba\u015fkan\u0131 \u00d6zg\u00fcr \u00d6zel\u2019i a\u011f\u0131rlad\u0131.<\/p>\n","protected":false},"author":1,"featured_media":3662,"comment_status":"open","ping_status":"open","sticky":false,"template":"","format":"standard","meta":{"footnotes":""},"categories":[20],"tags":[],"class_list":["post-3661","post","type-post","status-publish","format-standard","has-post-thumbnail","hentry","category-kultur-sanat"],"_links":{"self":[{"href":"https:\/\/busondakika.com.tr\/index.php?rest_route=\/wp\/v2\/posts\/3661","targetHints":{"allow":["GET"]}}],"collection":[{"href":"https:\/\/busondakika.com.tr\/index.php?rest_route=\/wp\/v2\/posts"}],"about":[{"href":"https:\/\/busondakika.com.tr\/index.php?rest_route=\/wp\/v2\/types\/post"}],"author":[{"embeddable":true,"href":"https:\/\/busondakika.com.tr\/index.php?rest_route=\/wp\/v2\/users\/1"}],"replies":[{"embeddable":true,"href":"https:\/\/busondakika.com.tr\/index.php?rest_route=%2Fwp%2Fv2%2Fcomments&post=3661"}],"version-history":[{"count":1,"href":"https:\/\/busondakika.com.tr\/index.php?rest_route=\/wp\/v2\/posts\/3661\/revisions"}],"predecessor-version":[{"id":3663,"href":"https:\/\/busondakika.com.tr\/index.php?rest_route=\/wp\/v2\/posts\/3661\/revisions\/3663"}],"wp:featuredmedia":[{"embeddable":true,"href":"https:\/\/busondakika.com.tr\/index.php?rest_route=\/wp\/v2\/media\/3662"}],"wp:attachment":[{"href":"https:\/\/busondakika.com.tr\/index.php?rest_route=%2Fwp%2Fv2%2Fmedia&parent=3661"}],"wp:term":[{"taxonomy":"category","embeddable":true,"href":"https:\/\/busondakika.com.tr\/index.php?rest_route=%2Fwp%2Fv2%2Fcategories&post=3661"},{"taxonomy":"post_tag","embeddable":true,"href":"https:\/\/busondakika.com.tr\/index.php?rest_route=%2Fwp%2Fv2%2Ftags&post=3661"}],"curies":[{"name":"wp","href":"https:\/\/api.w.org\/{rel}","templated":true}]}}