{"id":3667,"date":"2026-03-15T09:34:29","date_gmt":"2026-03-15T09:34:29","guid":{"rendered":"https:\/\/busondakika.com.tr\/?p=3667"},"modified":"2026-03-15T09:34:30","modified_gmt":"2026-03-15T09:34:30","slug":"sahur-gelenegimiz-nevsehir-sokaklarinda-suruyor","status":"publish","type":"post","link":"https:\/\/busondakika.com.tr\/?p=3667","title":{"rendered":"Sahur Gelene\u011fimiz Nev\u015fehir Sokaklar\u0131nda S\u00fcr\u00fcyor"},"content":{"rendered":"<p> <i>Nev\u015fehir Belediyesi\u2019nin Ramazan geleneklerini ya\u015fatmak amac\u0131yla y\u00fcr\u00fctt\u00fc\u011f\u00fc Mehteran Tak\u0131m\u0131 ile sahur saatinde vatanda\u015flar\u0131 uyand\u0131rma gelene\u011fi bug\u00fcn 3 farkl\u0131 mahallede devam etti. Nev\u015fehirli vatanda\u015flar sahura Mehteran tak\u0131m\u0131n\u0131n \u00e7ald\u0131\u011f\u0131 mar\u015flar ve \u015fark\u0131larla uyand\u0131r\u0131ld\u0131.<\/i><\/p>\n<p><i>Ramazan Ay\u0131 boyunca sahur saatinde Nev\u015fehir\u2019in farkl\u0131 mahallelerinde sokak sokak dola\u015farak vatanda\u015flar\u0131 sahura kald\u0131ran Mehteran Tak\u0131m\u0131 vatanda\u015flardan b\u00fcy\u00fck ilgi ve tevecc\u00fch g\u00f6rmeye devam ediyor.<\/i><\/p>\n<p><i>Bu gece G\u00fczelyurt Mahallesi, 15 Temmuz Mahallesi ve 2000 Evler Mahallesi\u2019nde \u00f6zlenen sahur geleneklerini ya\u015fatan ve \u00f6zellikle Cumartesi\u2019yi Pazar\u2019a ba\u011flayan gece mahallelerde mar\u015flar \u00e7alarak vatanda\u015flar\u0131 rahats\u0131z etmeden manevi iklimi korumaya \u00e7al\u0131\u015fan Mehteran Tak\u0131m\u0131 Osmanl\u0131 gelene\u011fini de devam ettirerek gelecek ku\u015faklara ta\u015f\u0131yor.<\/i><\/p>\n<p><i>Mehteran Tak\u0131m\u0131 ile mahalle mahalle dola\u015farak Nev\u015fehirli vatanda\u015flar\u0131n hal hat\u0131rlar\u0131n\u0131 soran Nev\u015fehir Belediye Ba\u015fkan\u0131 Rasim Ar\u0131 yapt\u0131\u011f\u0131 a\u00e7\u0131klamada \u201cOsmanl\u0131 gelenekleriyle bize uygun \u015fekilde Ramazan nas\u0131l ya\u015fan\u0131rsa bu \u015fehirde \u00f6yle ya\u015famaya ve ya\u015fatmaya \u00e7al\u0131\u015f\u0131yoruz. Sadece gece sahurda de\u011fil g\u00fcnd\u00fcz vakti iftar vakti de ayn\u0131 \u015fekliyle Ramazan\u0131 ruhuna uygun olarak bu \u015fekilde ya\u015famaya gayret g\u00f6steriyoruz. T\u00fcrkiye\u2019de Ramazan ba\u015fka ya\u015fan\u0131yor ama Ramazan Nev\u015fehir\u2019de bir ba\u015fka ya\u015fanmaya devam ediyor. Son g\u00fcnlerine yakla\u015ft\u0131\u011f\u0131m\u0131z Ramazan Ay\u0131\u2019n\u0131n manevi huzurunda ya\u015fatmaya devam etti\u011fimiz geleneklerimizi gelecek ku\u015faklara aktarmaya ve Ramazan Ay\u0131\u2019n\u0131n manevi iklimini bu \u015fehirde kalpten hissettirmeye devam edece\u011fiz. B\u00fct\u00fcn vatanda\u015flar\u0131m\u0131za hay\u0131rl\u0131 sahurlar diliyorum\u201d diye konu\u015ftu<\/i><\/p>\n<p>Kaynak: (BYZHA) Beyaz Haber Ajans\u0131<\/p>\n","protected":false},"excerpt":{"rendered":"<p>Nev\u015fehir Belediyesi\u2019nin Ramazan geleneklerini ya\u015fatmak amac\u0131yla y\u00fcr\u00fctt\u00fc\u011f\u00fc Mehteran Tak\u0131m\u0131 ile sahur saatinde vatanda\u015flar\u0131 uyand\u0131rma gelene\u011fi bug\u00fcn 3 farkl\u0131 mahallede devam etti.<\/p>\n","protected":false},"author":1,"featured_media":3668,"comment_status":"open","ping_status":"open","sticky":false,"template":"","format":"standard","meta":{"footnotes":""},"categories":[21],"tags":[],"class_list":["post-3667","post","type-post","status-publish","format-standard","has-post-thumbnail","hentry","category-gundem"],"_links":{"self":[{"href":"https:\/\/busondakika.com.tr\/index.php?rest_route=\/wp\/v2\/posts\/3667","targetHints":{"allow":["GET"]}}],"collection":[{"href":"https:\/\/busondakika.com.tr\/index.php?rest_route=\/wp\/v2\/posts"}],"about":[{"href":"https:\/\/busondakika.com.tr\/index.php?rest_route=\/wp\/v2\/types\/post"}],"author":[{"embeddable":true,"href":"https:\/\/busondakika.com.tr\/index.php?rest_route=\/wp\/v2\/users\/1"}],"replies":[{"embeddable":true,"href":"https:\/\/busondakika.com.tr\/index.php?rest_route=%2Fwp%2Fv2%2Fcomments&post=3667"}],"version-history":[{"count":1,"href":"https:\/\/busondakika.com.tr\/index.php?rest_route=\/wp\/v2\/posts\/3667\/revisions"}],"predecessor-version":[{"id":3669,"href":"https:\/\/busondakika.com.tr\/index.php?rest_route=\/wp\/v2\/posts\/3667\/revisions\/3669"}],"wp:featuredmedia":[{"embeddable":true,"href":"https:\/\/busondakika.com.tr\/index.php?rest_route=\/wp\/v2\/media\/3668"}],"wp:attachment":[{"href":"https:\/\/busondakika.com.tr\/index.php?rest_route=%2Fwp%2Fv2%2Fmedia&parent=3667"}],"wp:term":[{"taxonomy":"category","embeddable":true,"href":"https:\/\/busondakika.com.tr\/index.php?rest_route=%2Fwp%2Fv2%2Fcategories&post=3667"},{"taxonomy":"post_tag","embeddable":true,"href":"https:\/\/busondakika.com.tr\/index.php?rest_route=%2Fwp%2Fv2%2Ftags&post=3667"}],"curies":[{"name":"wp","href":"https:\/\/api.w.org\/{rel}","templated":true}]}}