{"id":3670,"date":"2026-03-15T09:34:31","date_gmt":"2026-03-15T09:34:31","guid":{"rendered":"https:\/\/busondakika.com.tr\/?p=3670"},"modified":"2026-03-15T09:34:32","modified_gmt":"2026-03-15T09:34:32","slug":"thalesin-kenti-miletosta-matematik-ve-umut-bulusmasi","status":"publish","type":"post","link":"https:\/\/busondakika.com.tr\/?p=3670","title":{"rendered":"Thales&#8217;in kenti Miletos&#8217;ta Matematik ve umut bulu\u015fmas\u0131"},"content":{"rendered":"<p> 14 Mart D\u00fcnya Matematik G\u00fcn\u00fc\u2019nde, bilimin ve d\u00fc\u015f\u00fcncenin kadim merkezlerinden Miletos\u2019ta, UNESCO\u2019nun \u201cMatematik ve Umut\u201d temal\u0131 bulu\u015fmas\u0131 Didim Belediyesi\u2019nin ev sahipli\u011finde ger\u00e7ekle\u015ftirildi.\u00a0<\/p>\n<p>Bilim ve d\u00fc\u015f\u00fcncenin izinde, Miletos\u2019un kadim miras\u0131n\u0131 ya\u015fatmaya ve bu miras\u0131 gelecek ku\u015faklara aktarmak i\u00e7in Antik d\u00f6nemin \u00f6nemli filozof ve matematik\u00e7ilerinden Thales\u2019in yeti\u015fti\u011fi kent olarak bilinen Miletos\u2019ta ger\u00e7ekle\u015ftirilen etkinli\u011fe, Didim Belediye Ba\u015fkan\u0131 Hatice Gen\u00e7ay, Ayd\u0131n Adnan Menderes \u00dcniversitesi Tarih B\u00f6l\u00fcm\u00fc \u00d6\u011fretim \u00dcyesi Prof. Dr. H\u00fcseyin \u00dcreten, KBGV Onursal Ba\u015fkan\u0131 Faruk Pekin, Amerikan Hastanesi N\u00f6ro\u015firurji Uzman\u0131 Prof. Dr. Talat K\u0131r\u0131\u015f, Tekno Giri\u015fim\u00e7i F\u00fcsun Nebil, \u0130stanbul Bilgi \u00dcniversitesi Matematik B\u00f6l\u00fcm\u00fc \u00d6\u011fretim \u00dcyesi Prof. Dr. Ali Nesin, Bo\u011fazi\u00e7i \u00dcniversitesi Matematik B\u00f6l\u00fcm\u00fc \u00d6\u011fretim \u00dcyesi Prof. Dr. Bet\u00fcl Tanbay, belediye b\u00fcrokratlar\u0131 ve halk kat\u0131ld\u0131.\u00a0<\/p>\n<p><strong>MATEMAT\u0130\u011e\u0130N \u0130LHAM VEREN G\u00dcC\u00dc PAYLA\u015eILDI\u00a0<\/strong><\/p>\n<p>Etkinlikte, Thales\u2019ten bu yana insanl\u0131\u011f\u0131n d\u00fc\u015f\u00fcnce ufkunu geni\u015fleten matemati\u011fin ilham veren g\u00fcc\u00fc, de\u011ferli akademisyenler ve bilim insanlar\u0131n\u0131n katk\u0131lar\u0131yla payla\u015f\u0131ld\u0131. Ard\u0131ndan \u00f6d\u00fcll\u00fc resim ve kompozisyon eserleri halk\u0131m\u0131zla bulu\u015ftu.\u00a0<\/p>\n<p><strong>HER \u015eEY\u0130N YOK OLDU\u011eU B\u0130R ANDA B\u0130LE UMUT VARDIR\u00a0<\/strong><\/p>\n<p>Etkinlikte konu\u015fma yapan Didim Belediye Ba\u015fkan\u0131 Hatice Gen\u00e7ay, \u201cDe\u011ferli Bilim \u0130nsanlar\u0131, Sayg\u0131de\u011fer Konuklar, Bas\u0131n\u0131m\u0131z\u0131n K\u0131ymetli Temsilcileri ve Sevgili Didimliler,<\/p>\n<p>\u00a0Miletos\u2019un bilge d\u00fc\u015f\u00fcn\u00fcr\u00fc Thales, y\u00fczy\u0131llar \u00f6nce, belki de tam bu noktada, \u015f\u00f6yle s\u00f6yler:\u00a0<\/p>\n<p>\u201cHer \u015feyin yok oldu\u011fu anda bile umut vard\u0131r.\u201d<\/p>\n<p>\u00a0\u0130\u015fte bu s\u00f6zden hareketle, \u201cMatematik ve Umut\u201d temas\u0131yla bu y\u0131l yedincisi d\u00fczenlenen D\u00fcnya Matematik G\u00fcn\u00fc etkinli\u011finde, sizlerle bir arada olmak ve b\u00f6yle anlaml\u0131 bir bulu\u015fmaya ev sahipli\u011fi yapmaktan b\u00fcy\u00fck mutluluk duyuyoruz.<\/p>\n<p>Didim\u2019e, Miletos\u2019a ho\u015f geldiniz!<\/p>\n<p>Evreni anlama merak\u0131n\u0131n soruya, sorunun d\u00fc\u015f\u00fcnceye, d\u00fc\u015f\u00fcncenin ise bilgiye d\u00f6n\u00fc\u015ft\u00fc\u011f\u00fc b\u00fcy\u00fck zihinsel devrimin ba\u015flad\u0131\u011f\u0131 bu topraklarda;<\/p>\n<p><strong>MATEMAT\u0130K ADINI ALAN EVRENSEL D\u0130L\u0130N \u0130LK ADIMLARINDAN B\u0130R\u0130 BU TOPRAKLARDA ATILDI<\/strong><\/p>\n<p>Bu d\u00fc\u015f\u00fcnce gelene\u011finin \u00f6nc\u00fcs\u00fc olan Milet Felsefe Okulu\u2019nun kurucusu, filozof ve matematik\u00e7i Thales, insanl\u0131\u011f\u0131n do\u011fay\u0131 anlamaya y\u00f6nelik b\u00fcy\u00fck y\u00fcr\u00fcy\u00fc\u015f\u00fcn\u00fcn \u00f6nc\u00fclerinden biriydi. O, evrene yaln\u0131zca hayranl\u0131kla bakmakla yetinmedi; onu anlamaya \u00e7al\u0131\u015ft\u0131. Do\u011fay\u0131 g\u00f6zlemledi, sorular sordu, d\u00fc\u015f\u00fcnceyi sistemli bir bilgiye d\u00f6n\u00fc\u015ft\u00fcrmenin yollar\u0131n\u0131 arad\u0131.\u00a0<\/p>\n<p>\u00a0B\u00f6ylece, matematik ad\u0131n\u0131 alan evrensel dilin ilk ad\u0131mlar\u0131ndan biri, bu topraklarda at\u0131lm\u0131\u015f oldu.<\/p>\n<p>Miletos\u2019ta; Thales ile ba\u015flayan do\u011fay\u0131 ak\u0131lla anlama \u00e7abas\u0131, Anaksimandros ve Anaksimenes ile geli\u015fmi\u015f; Hekataios gibi d\u00fc\u015f\u00fcn\u00fcrlerle de d\u00fcnyan\u0131n ve insanl\u0131\u011f\u0131n hik\u00e2yesini anlamaya y\u00f6nelen daha geni\u015f bir bilgi ufkuna d\u00f6n\u00fc\u015fm\u00fc\u015ft\u00fcr.<\/p>\n<p><strong>M\u0130LETOS UYGARLIKLARA EV SAH\u0130PL\u0130\u011e\u0130 YAPMI\u015e KAD\u0130M B\u0130R KENT<\/strong><\/p>\n<p>Bu nedenle Miletos, \u00f6nemli uygarl\u0131klara ev sahipli\u011fi yapm\u0131\u015f bir kadim kent olman\u0131n yan\u0131nda; insan akl\u0131n\u0131n sorgulamaya ba\u015flad\u0131\u011f\u0131, \u0130nsanl\u0131k d\u00fc\u015f\u00fcnce miras\u0131n\u0131n bir anlamda do\u011fdu\u011fu yer olarak kabul g\u00f6rmektedir.<\/p>\n<p>De\u011ferli Kat\u0131l\u0131mc\u0131lar,<\/p>\n<p>\u0130nsan evreni anlamaya ba\u015flad\u0131k\u00e7a karanl\u0131k biraz daha azal\u0131r. Belirsizlik yerini bilgiye b\u0131rak\u0131r. Ve bilgi, insanl\u0131\u011fa bir ufuk a\u00e7ar ki; tam da burada umut do\u011far. \u00a0Bug\u00fcn D\u00fcnya Matematik G\u00fcn\u00fc\u2019n\u00fc Miletos\u2019ta kutlarken, asl\u0131nda insanl\u0131\u011f\u0131n ak\u0131l, bilim ve umutla kurdu\u011fu bu uzun yolculu\u011fu da selaml\u0131yoruz.<\/p>\n<p><strong>TAR\u0130H\u0130N VE B\u0130L\u0130M\u0130N I\u015eI\u011eINI GELECE\u011eE TA\u015eIMANIN SORUMLULU\u011eUNU H\u0130SSED\u0130YORUZ\u00a0<\/strong><\/p>\n<p>Didim olarak bu kadim mirasa ev sahipli\u011fi yaparken, tarihin ve bilimin \u0131\u015f\u0131\u011f\u0131n\u0131 gelece\u011fe ta\u015f\u0131man\u0131n sorumlulu\u011funu hissediyoruz. Ve biliyoruz ki matemati\u011fin, bilimin ve umudun ger\u00e7ekten hayat bulabilmesi i\u00e7in insanl\u0131\u011f\u0131n ihtiya\u00e7 duydu\u011fu en temel \u015fey; Bar\u0131\u015ft\u0131r.<\/p>\n<p><strong>YURTTA SULH C\u0130HANDA SULH\u00a0<\/strong><\/p>\n<p>\u2018Matematik ve Umut\u2019 temas\u0131n\u0131n, insanl\u0131k i\u00e7in ger\u00e7ek anlam\u0131n\u0131 bulabilmesi, ancak bar\u0131\u015f\u0131n egemen oldu\u011fu bir d\u00fcnyada m\u00fcmk\u00fcnd\u00fcr. Bu d\u00fc\u015f\u00fcncelerle, Cumhuriyetimizin kurucusu, B\u00fcy\u00fck \u00d6nder, Mustafa Kemal Atat\u00fcrk\u2019\u00fcn o evrensel \u00e7a\u011fr\u0131s\u0131n\u0131 payla\u015fmak istiyorum: \u201cYurtta Bar\u0131\u015f, D\u00fcnyada Bar\u0131\u015f.\u201d<\/p>\n<p>G\u00fcn\u00fcm\u00fcz d\u00fcnyas\u0131nda, bilimin, akl\u0131n ve insanl\u0131\u011f\u0131n onca y\u00fczy\u0131ll\u0131k birikimine ra\u011fmen, sava\u015f\u0131n h\u00e2l\u00e2 bir \u00e7\u00f6z\u00fcm yolu gibi sunulmas\u0131 kar\u015f\u0131s\u0131nda; bu anlaml\u0131 bulu\u015fman\u0131n, Miletos\u2019un kadim bilgeli\u011finden ilham alarak insanl\u0131\u011fa umut ve bar\u0131\u015f ta\u015f\u0131mas\u0131n\u0131 diliyor,<\/p>\n<p>D\u00fcn aram\u0131zdan ayr\u0131lan, tarihi hepimiz sevdirmi\u015f de\u011ferli akademisyen Prof. Dr. \u0130lber Ortayl\u0131\u2019y\u0131 da sayg\u0131 ve rahmetle an\u0131yorum.\u201d ifadelerini kulland\u0131.<\/p>\n<p>Etkinlikte konu\u015fan akademisyenler ve bilim insanlar\u0131, matemati\u011fin yaln\u0131zca bir bilim dal\u0131 de\u011fil; ayn\u0131 zamanda insanl\u0131\u011f\u0131n ilerlemesini sa\u011flayan evrensel bir d\u00fc\u015f\u00fcnce dili oldu\u011funa dikkat \u00e7ekti. Panelin sonunda kat\u0131l\u0131mc\u0131lara Didim Belediye Ba\u015fkan\u0131 Hatice Gen\u00e7ay taraf\u0131ndan plaket takdim edildi.<\/p>\n<p>Etkinli\u011fin ard\u0131ndan Miletos Antik Kenti \u00f6n\u00fcnde iftar program\u0131 ger\u00e7ekle\u015ftirildi. Kat\u0131l\u0131mc\u0131lar oru\u00e7lar\u0131n\u0131 birlikte a\u00e7t\u0131.<\/p>\n<p>Kaynak: (BYZHA) Beyaz Haber Ajans\u0131<\/p>\n","protected":false},"excerpt":{"rendered":"<p>14 Mart D\u00fcnya Matematik G\u00fcn\u00fc\u2019nde, bilimin ve d\u00fc\u015f\u00fcncenin kadim merkezlerinden Miletos\u2019ta, UNESCO\u2019nun \u201cMatematik ve Umut\u201d temal\u0131 bulu\u015fmas\u0131 Didim Belediyesi\u2019nin ev sahipli\u011finde ger\u00e7ekle\u015ftirildi.<\/p>\n","protected":false},"author":1,"featured_media":3671,"comment_status":"open","ping_status":"open","sticky":false,"template":"","format":"standard","meta":{"footnotes":""},"categories":[21],"tags":[],"class_list":["post-3670","post","type-post","status-publish","format-standard","has-post-thumbnail","hentry","category-gundem"],"_links":{"self":[{"href":"https:\/\/busondakika.com.tr\/index.php?rest_route=\/wp\/v2\/posts\/3670","targetHints":{"allow":["GET"]}}],"collection":[{"href":"https:\/\/busondakika.com.tr\/index.php?rest_route=\/wp\/v2\/posts"}],"about":[{"href":"https:\/\/busondakika.com.tr\/index.php?rest_route=\/wp\/v2\/types\/post"}],"author":[{"embeddable":true,"href":"https:\/\/busondakika.com.tr\/index.php?rest_route=\/wp\/v2\/users\/1"}],"replies":[{"embeddable":true,"href":"https:\/\/busondakika.com.tr\/index.php?rest_route=%2Fwp%2Fv2%2Fcomments&post=3670"}],"version-history":[{"count":1,"href":"https:\/\/busondakika.com.tr\/index.php?rest_route=\/wp\/v2\/posts\/3670\/revisions"}],"predecessor-version":[{"id":3672,"href":"https:\/\/busondakika.com.tr\/index.php?rest_route=\/wp\/v2\/posts\/3670\/revisions\/3672"}],"wp:featuredmedia":[{"embeddable":true,"href":"https:\/\/busondakika.com.tr\/index.php?rest_route=\/wp\/v2\/media\/3671"}],"wp:attachment":[{"href":"https:\/\/busondakika.com.tr\/index.php?rest_route=%2Fwp%2Fv2%2Fmedia&parent=3670"}],"wp:term":[{"taxonomy":"category","embeddable":true,"href":"https:\/\/busondakika.com.tr\/index.php?rest_route=%2Fwp%2Fv2%2Fcategories&post=3670"},{"taxonomy":"post_tag","embeddable":true,"href":"https:\/\/busondakika.com.tr\/index.php?rest_route=%2Fwp%2Fv2%2Ftags&post=3670"}],"curies":[{"name":"wp","href":"https:\/\/api.w.org\/{rel}","templated":true}]}}