{"id":3673,"date":"2026-03-15T09:34:32","date_gmt":"2026-03-15T09:34:32","guid":{"rendered":"https:\/\/busondakika.com.tr\/?p=3673"},"modified":"2026-03-15T09:34:33","modified_gmt":"2026-03-15T09:34:33","slug":"didim-belediyesinden-14-martta-saglik-calisanlarina-anlamli-jest","status":"publish","type":"post","link":"https:\/\/busondakika.com.tr\/?p=3673","title":{"rendered":"Didim Belediyesi&#8217;nden 14 Mart&#8217;ta sa\u011fl\u0131k \u00e7al\u0131\u015fanlar\u0131na anlaml\u0131 jest"},"content":{"rendered":"<p> 14 Mart T\u0131p Bayram\u0131 kapsam\u0131nda Didim Belediyesi taraf\u0131ndan Didim Devlet Hastanesi\u2019nde g\u00f6rev yapan doktorlar ve sa\u011fl\u0131k \u00e7al\u0131\u015fanlar\u0131n\u0131n g\u00fcn\u00fc kutland\u0131. Ger\u00e7ekle\u015ftirilen ziyarette sa\u011fl\u0131k \u00e7al\u0131\u015fanlar\u0131n\u0131n \u00f6zverili \u00e7al\u0131\u015fmalar\u0131na dikkat \u00e7ekilerek emekleri i\u00e7in te\u015fekk\u00fcr edildi.<\/p>\n<p><strong>Sa\u011fl\u0131k \u00c7al\u0131\u015fanlar\u0131na \u00c7i\u00e7ek Takdim Edildi<\/strong><\/p>\n<p>Didim Belediyesi taraf\u0131ndan ger\u00e7ekle\u015ftirilen ziyarette, toplum sa\u011fl\u0131\u011f\u0131 i\u00e7in fedak\u00e2rca g\u00f6rev yapan hekimlere ve sa\u011fl\u0131k \u00e7al\u0131\u015fanlar\u0131na 14 Mart T\u0131p Bayram\u0131 dolay\u0131s\u0131yla \u00e7i\u00e7ek takdim edildi. Sa\u011fl\u0131k emek\u00e7ilerinin g\u00fcn\u00fcn\u00fc kutlayan belediye temsilcileri, sa\u011fl\u0131k \u00e7al\u0131\u015fanlar\u0131n\u0131n insan hayat\u0131n\u0131 korumak ad\u0131na b\u00fcy\u00fck bir \u00f6zveriyle g\u00f6rev yapt\u0131\u011f\u0131n\u0131 vurgulad\u0131.<\/p>\n<p><strong>Ba\u015fkan Hatice Gen\u00e7ay\u2019dan Sa\u011fl\u0131k Emek\u00e7ilerine Mesaj<\/strong><\/p>\n<p>Didim Belediye Ba\u015fkan\u0131 Hatice Gen\u00e7ay, 14 Mart T\u0131p Bayram\u0131 dolay\u0131s\u0131yla yapt\u0131\u011f\u0131 a\u00e7\u0131klamada, \u201cToplum sa\u011fl\u0131\u011f\u0131 i\u00e7in b\u00fcy\u00fck bir \u00f6zveriyle \u00e7al\u0131\u015fan, gece g\u00fcnd\u00fcz demeden insan hayat\u0131n\u0131 korumak i\u00e7in emek veren t\u00fcm hekimlerimizin ve sa\u011fl\u0131k \u00e7al\u0131\u015fanlar\u0131m\u0131z\u0131n 14 Mart T\u0131p Bayram\u0131\u2019n\u0131 kutluyorum. Sa\u011fl\u0131\u011f\u0131m\u0131z i\u00e7in fedak\u00e2rca g\u00f6rev yapan t\u00fcm sa\u011fl\u0131k emek\u00e7ilerimize te\u015fekk\u00fcr ediyorum.\u201d ifadelerini kulland\u0131.<\/p>\n<p>Kaynak: (BYZHA) Beyaz Haber Ajans\u0131<\/p>\n","protected":false},"excerpt":{"rendered":"<p>14 Mart T\u0131p Bayram\u0131 kapsam\u0131nda Didim Belediyesi taraf\u0131ndan Didim Devlet Hastanesi\u2019nde g\u00f6rev yapan doktorlar ve sa\u011fl\u0131k \u00e7al\u0131\u015fanlar\u0131n\u0131n g\u00fcn\u00fc kutland\u0131.<\/p>\n","protected":false},"author":1,"featured_media":3674,"comment_status":"open","ping_status":"open","sticky":false,"template":"","format":"standard","meta":{"footnotes":""},"categories":[21],"tags":[],"class_list":["post-3673","post","type-post","status-publish","format-standard","has-post-thumbnail","hentry","category-gundem"],"_links":{"self":[{"href":"https:\/\/busondakika.com.tr\/index.php?rest_route=\/wp\/v2\/posts\/3673","targetHints":{"allow":["GET"]}}],"collection":[{"href":"https:\/\/busondakika.com.tr\/index.php?rest_route=\/wp\/v2\/posts"}],"about":[{"href":"https:\/\/busondakika.com.tr\/index.php?rest_route=\/wp\/v2\/types\/post"}],"author":[{"embeddable":true,"href":"https:\/\/busondakika.com.tr\/index.php?rest_route=\/wp\/v2\/users\/1"}],"replies":[{"embeddable":true,"href":"https:\/\/busondakika.com.tr\/index.php?rest_route=%2Fwp%2Fv2%2Fcomments&post=3673"}],"version-history":[{"count":1,"href":"https:\/\/busondakika.com.tr\/index.php?rest_route=\/wp\/v2\/posts\/3673\/revisions"}],"predecessor-version":[{"id":3675,"href":"https:\/\/busondakika.com.tr\/index.php?rest_route=\/wp\/v2\/posts\/3673\/revisions\/3675"}],"wp:featuredmedia":[{"embeddable":true,"href":"https:\/\/busondakika.com.tr\/index.php?rest_route=\/wp\/v2\/media\/3674"}],"wp:attachment":[{"href":"https:\/\/busondakika.com.tr\/index.php?rest_route=%2Fwp%2Fv2%2Fmedia&parent=3673"}],"wp:term":[{"taxonomy":"category","embeddable":true,"href":"https:\/\/busondakika.com.tr\/index.php?rest_route=%2Fwp%2Fv2%2Fcategories&post=3673"},{"taxonomy":"post_tag","embeddable":true,"href":"https:\/\/busondakika.com.tr\/index.php?rest_route=%2Fwp%2Fv2%2Ftags&post=3673"}],"curies":[{"name":"wp","href":"https:\/\/api.w.org\/{rel}","templated":true}]}}