{"id":3682,"date":"2026-03-15T09:54:55","date_gmt":"2026-03-15T09:54:55","guid":{"rendered":"https:\/\/busondakika.com.tr\/?p=3682"},"modified":"2026-03-15T09:54:56","modified_gmt":"2026-03-15T09:54:56","slug":"bornovada-genclerle-iftar","status":"publish","type":"post","link":"https:\/\/busondakika.com.tr\/?p=3682","title":{"rendered":"Bornova\u2019da Gen\u00e7lerle \u0130ftar"},"content":{"rendered":"<p> Bornova Belediyesi \u015eehzadeler Belediye Ba\u015fkan\u0131 G\u00fcl\u015fah Durbay\u2019\u0131n ad\u0131n\u0131n verildi\u011fi G\u00fcl\u015fah Durbay Gen\u00e7lik Merkezi\u2019nde iftar yeme\u011fi verdi. Bornova Belediye Ba\u015fkan\u0131 \u00d6mer E\u015fki de programda \u00fcniversiteli gen\u00e7lerin yan\u0131nda yer ald\u0131. E\u015fki, \u201cHer zaman gen\u00e7lerimizin yan\u0131nday\u0131z\u201d dedi.<\/p>\n<p>Bornova Belediyesi, \u015eubat ay\u0131 sonunda hizmete a\u00e7t\u0131\u011f\u0131 ve 37 ya\u015f\u0131nda hayat\u0131n\u0131 kaybeden Manisa\u2019n\u0131n ilk kad\u0131n belediye ba\u015fkan\u0131 olan \u015eehzadeler Belediye Ba\u015fkan\u0131 G\u00fcl\u015fah Durbay\u2019\u0131n ad\u0131n\u0131 ta\u015f\u0131yan G\u00fcl\u015fah Durbay Gen\u00e7lik Merkezi\u2019nde \u00fcniversite \u00f6\u011frencileri i\u00e7in iftar program\u0131 d\u00fczenledi.<\/p>\n<p>Bornova Belediye Ba\u015fkan\u0131 \u00d6mer E\u015fki\u2019nin de kat\u0131ld\u0131\u011f\u0131 programda gen\u00e7lerle ayn\u0131 sofrada bulu\u015fuldu. E\u015fki, \u00f6\u011frencilerle birlikte oturup sohbet ederken iftar sonras\u0131 gen\u00e7ler gitar \u00e7al\u0131p \u015fark\u0131 s\u00f6yleyerek keyifli anlar ya\u015fad\u0131.<\/p>\n<p><b>Ba\u015fkan E\u015fki: \u201cGen\u00e7lerimizin her zaman yan\u0131nday\u0131z\u201d<\/b><\/p>\n<p>Bornova Belediye Ba\u015fkan\u0131 \u00d6mer E\u015fki, gen\u00e7lerin kentin en \u00f6nemli g\u00fcc\u00fc oldu\u011funu vurgulayarak, \u00fcniversite \u00f6\u011frencilerinin kendilerini yaln\u0131z hissetmemeleri i\u00e7in \u00e7al\u0131\u015ft\u0131klar\u0131n\u0131 s\u00f6yledi.<\/p>\n<p>E\u015fki, \u201cGen\u00e7lerimizin hem sosyal hem akademik hayatlar\u0131n\u0131 destekleyecek alanlar olu\u015fturmak bizim i\u00e7in \u00e7ok \u00f6nemli. G\u00fcl\u015fah Durbay Gen\u00e7lik Merkezi de bu anlay\u0131\u015f\u0131n bir \u00fcr\u00fcn\u00fc. Bug\u00fcn Ramazan\u2019\u0131n bereketini gen\u00e7lerimizle ayn\u0131 sofrada payla\u015fmak bizim i\u00e7in b\u00fcy\u00fck mutluluk\u201d dedi.<\/p>\n<p><b>Gen\u00e7lerin yeni bulu\u015fma noktas\u0131<\/b><\/p>\n<p>Ergene Mahallesi\u2019nde, Tarihi Bornova \u00c7ar\u015f\u0131 giri\u015finde yer alan G\u00fcl\u015fah Durbay Gen\u00e7lik Merkezi; 3 katta toplam 250 metrekare kapal\u0131 alana sahip.<\/p>\n<p>Merkezde yemekhane, toplant\u0131 alanlar\u0131, \u00fccretsiz \u00e7ama\u015f\u0131rhane, 3D yaz\u0131c\u0131 at\u00f6lyesi, ye\u015fil perde st\u00fcdyosu ile sesli ve sessiz ders \u00e7al\u0131\u015fma alanlar\u0131 bulunuyor. Gen\u00e7lerin hem sosyal hem de akademik ihtiya\u00e7lar\u0131n\u0131 kar\u015f\u0131lamas\u0131 hedeflenen merkez, Bornova\u2019da \u00f6\u011frenciler i\u00e7in \u00f6nemli bir bulu\u015fma noktas\u0131 olacak.<\/p>\n<p>Kaynak: (BYZHA) Beyaz Haber Ajans\u0131<\/p>\n","protected":false},"excerpt":{"rendered":"<p>Bornova Belediyesi \u015eehzadeler Belediye Ba\u015fkan\u0131 G\u00fcl\u015fah Durbay\u2019\u0131n ad\u0131n\u0131n verildi\u011fi G\u00fcl\u015fah Durbay Gen\u00e7lik Merkezi\u2019nde iftar yeme\u011fi verdi.<\/p>\n","protected":false},"author":1,"featured_media":3683,"comment_status":"open","ping_status":"open","sticky":false,"template":"","format":"standard","meta":{"footnotes":""},"categories":[21],"tags":[],"class_list":["post-3682","post","type-post","status-publish","format-standard","has-post-thumbnail","hentry","category-gundem"],"_links":{"self":[{"href":"https:\/\/busondakika.com.tr\/index.php?rest_route=\/wp\/v2\/posts\/3682","targetHints":{"allow":["GET"]}}],"collection":[{"href":"https:\/\/busondakika.com.tr\/index.php?rest_route=\/wp\/v2\/posts"}],"about":[{"href":"https:\/\/busondakika.com.tr\/index.php?rest_route=\/wp\/v2\/types\/post"}],"author":[{"embeddable":true,"href":"https:\/\/busondakika.com.tr\/index.php?rest_route=\/wp\/v2\/users\/1"}],"replies":[{"embeddable":true,"href":"https:\/\/busondakika.com.tr\/index.php?rest_route=%2Fwp%2Fv2%2Fcomments&post=3682"}],"version-history":[{"count":1,"href":"https:\/\/busondakika.com.tr\/index.php?rest_route=\/wp\/v2\/posts\/3682\/revisions"}],"predecessor-version":[{"id":3684,"href":"https:\/\/busondakika.com.tr\/index.php?rest_route=\/wp\/v2\/posts\/3682\/revisions\/3684"}],"wp:featuredmedia":[{"embeddable":true,"href":"https:\/\/busondakika.com.tr\/index.php?rest_route=\/wp\/v2\/media\/3683"}],"wp:attachment":[{"href":"https:\/\/busondakika.com.tr\/index.php?rest_route=%2Fwp%2Fv2%2Fmedia&parent=3682"}],"wp:term":[{"taxonomy":"category","embeddable":true,"href":"https:\/\/busondakika.com.tr\/index.php?rest_route=%2Fwp%2Fv2%2Fcategories&post=3682"},{"taxonomy":"post_tag","embeddable":true,"href":"https:\/\/busondakika.com.tr\/index.php?rest_route=%2Fwp%2Fv2%2Ftags&post=3682"}],"curies":[{"name":"wp","href":"https:\/\/api.w.org\/{rel}","templated":true}]}}