{"id":3685,"date":"2026-03-15T09:54:57","date_gmt":"2026-03-15T09:54:57","guid":{"rendered":"https:\/\/busondakika.com.tr\/?p=3685"},"modified":"2026-03-15T09:54:58","modified_gmt":"2026-03-15T09:54:58","slug":"buyukakindan-arife-dogum-gunu-surprizi","status":"publish","type":"post","link":"https:\/\/busondakika.com.tr\/?p=3685","title":{"rendered":"B\u00fcy\u00fckak\u0131n&#8217;dan Arif&#8217;e do\u011fum g\u00fcn\u00fc s\u00fcrprizi"},"content":{"rendered":"<p> Kocaeli B\u00fcy\u00fck\u015fehir Belediye Ba\u015fkan\u0131 Tahir B\u00fcy\u00fckak\u0131n taraf\u0131ndan \u00f6zel bireylere verilen iftarda, s\u00fcrpriz bir do\u011fum g\u00fcn\u00fc kutlamas\u0131 da ya\u015fand\u0131.<b>\u00a0<\/b><\/p>\n<p><b>BEK\u0130RDERE\u2019N\u0130N NE\u015eE KAYNA\u011eI<\/b><\/p>\n<p>Kocaeli B\u00fcy\u00fck\u015fehir Belediyesi, \u00f6zel bireyler ve aileleri i\u00e7in Antikkap\u0131 Restoran\u2019da iftar program\u0131 d\u00fczenledi. Son derece renkli g\u00f6r\u00fcnt\u00fclere sahne olan programa kat\u0131lanlar aras\u0131nda \u0130zmit Bekirdere Mahallesi\u2019nin sevilen gen\u00e7lerinden Arif Ay da vard\u0131. Bug\u00fcn 32. ya\u015f g\u00fcn\u00fc kutlayan Arif\u2019i b\u00fcy\u00fck bir s\u00fcrpriz bekliyordu. Kocaeli B\u00fcy\u00fck\u015fehir Belediye Ba\u015fkan\u0131 Tahir B\u00fcy\u00fckak\u0131n, her programda yak\u0131ndan ilgilendi\u011fi Arif\u2019in do\u011fum g\u00fcn\u00fc oldu\u011funu \u00f6\u011frenince kendisi i\u00e7in s\u00fcrpriz haz\u0131rlatt\u0131.<\/p>\n<p><b>PASTAYI G\u00d6R\u00dcNCE BA\u015eKAN\u2019A SARILDI<\/b><\/p>\n<p>Program\u0131n sonunda Ba\u015fkan B\u00fcy\u00fckak\u0131n, Arif\u2019in yan\u0131na giderek do\u011fum g\u00fcn\u00fcn\u00fc pastayla kutlad\u0131. Kar\u015f\u0131s\u0131nda mumlar\u0131 yak\u0131lm\u0131\u015f pastay\u0131 g\u00f6r\u00fcnce b\u00fcy\u00fck bir \u015fa\u015fk\u0131nl\u0131k ya\u015fayan Arif, \u00f6nce duyguland\u0131 ard\u0131ndan da sevgiyle Ba\u015fkan B\u00fcy\u00fckak\u0131n\u2019a sar\u0131ld\u0131. B\u00fcy\u00fckak\u0131n, Arif\u2019e yeni ya\u015f\u0131n\u0131n sa\u011fl\u0131k, mutluluk ve huzur getirmesini temenni etti. Arif\u2019in annesi Saime Ay ise yap\u0131lan bu anlaml\u0131 s\u00fcrpriz i\u00e7in Ba\u015fkan B\u00fcy\u00fckak\u0131n\u2019a te\u015fekk\u00fcr etti.<\/p>\n<p>Kaynak: (BYZHA) Beyaz Haber Ajans\u0131<\/p>\n","protected":false},"excerpt":{"rendered":"<p>Kocaeli B\u00fcy\u00fck\u015fehir Belediye Ba\u015fkan\u0131 Tahir B\u00fcy\u00fckak\u0131n taraf\u0131ndan \u00f6zel bireylere verilen iftarda, s\u00fcrpriz bir do\u011fum g\u00fcn\u00fc kutlamas\u0131 da ya\u015fand\u0131.<\/p>\n","protected":false},"author":1,"featured_media":3686,"comment_status":"open","ping_status":"open","sticky":false,"template":"","format":"standard","meta":{"footnotes":""},"categories":[21],"tags":[],"class_list":["post-3685","post","type-post","status-publish","format-standard","has-post-thumbnail","hentry","category-gundem"],"_links":{"self":[{"href":"https:\/\/busondakika.com.tr\/index.php?rest_route=\/wp\/v2\/posts\/3685","targetHints":{"allow":["GET"]}}],"collection":[{"href":"https:\/\/busondakika.com.tr\/index.php?rest_route=\/wp\/v2\/posts"}],"about":[{"href":"https:\/\/busondakika.com.tr\/index.php?rest_route=\/wp\/v2\/types\/post"}],"author":[{"embeddable":true,"href":"https:\/\/busondakika.com.tr\/index.php?rest_route=\/wp\/v2\/users\/1"}],"replies":[{"embeddable":true,"href":"https:\/\/busondakika.com.tr\/index.php?rest_route=%2Fwp%2Fv2%2Fcomments&post=3685"}],"version-history":[{"count":1,"href":"https:\/\/busondakika.com.tr\/index.php?rest_route=\/wp\/v2\/posts\/3685\/revisions"}],"predecessor-version":[{"id":3687,"href":"https:\/\/busondakika.com.tr\/index.php?rest_route=\/wp\/v2\/posts\/3685\/revisions\/3687"}],"wp:featuredmedia":[{"embeddable":true,"href":"https:\/\/busondakika.com.tr\/index.php?rest_route=\/wp\/v2\/media\/3686"}],"wp:attachment":[{"href":"https:\/\/busondakika.com.tr\/index.php?rest_route=%2Fwp%2Fv2%2Fmedia&parent=3685"}],"wp:term":[{"taxonomy":"category","embeddable":true,"href":"https:\/\/busondakika.com.tr\/index.php?rest_route=%2Fwp%2Fv2%2Fcategories&post=3685"},{"taxonomy":"post_tag","embeddable":true,"href":"https:\/\/busondakika.com.tr\/index.php?rest_route=%2Fwp%2Fv2%2Ftags&post=3685"}],"curies":[{"name":"wp","href":"https:\/\/api.w.org\/{rel}","templated":true}]}}