{"id":3691,"date":"2026-03-15T09:55:05","date_gmt":"2026-03-15T09:55:05","guid":{"rendered":"https:\/\/busondakika.com.tr\/?p=3691"},"modified":"2026-03-15T09:55:06","modified_gmt":"2026-03-15T09:55:06","slug":"konakta-felsefe-ve-bilim-festivaline-yogun-ilgi","status":"publish","type":"post","link":"https:\/\/busondakika.com.tr\/?p=3691","title":{"rendered":"Konak\u2019ta Felsefe ve Bilim Festivali\u2019ne yo\u011fun ilgi"},"content":{"rendered":"<p> <b>Konak Belediye Ba\u015fkan\u0131 Nil\u00fcfer \u00c7\u0131narl\u0131 Mutlu, Aktiffelsefe K\u00fclt\u00fcr Derne\u011fi i\u015f birli\u011fi ile Sancar Maruflu Bilim Merkezi\u2019nde d\u00fczenlenen Felsefe ve Bilim Festivali\u2019ne kat\u0131ld\u0131. Yeti\u015fkinlere y\u00f6nelik oturumlar\u0131n yan\u0131 s\u0131ra felsefi diyaloglar, belgesel g\u00f6sterimleri, deney istasyonlar\u0131 ve \u00e7ocuklar i\u00e7in at\u00f6lye \u00e7al\u0131\u015fmalar\u0131yla her ya\u015ftan kat\u0131l\u0131mc\u0131y\u0131 a\u011f\u0131rlayan festivalde konu\u015fan Ba\u015fkan Mutlu, \u201cSorgulayan, merak eden ve birey olma yolunda dogmalardan uzak \u00e7ocuklar yeti\u015ftirmeyi hedefliyoruz\u201d dedi.<\/b><\/p>\n<p>Konak Belediyesi ve Aktiffelsefe K\u00fclt\u00fcr Derne\u011fi i\u015f birli\u011finde, 14 Mart T\u0131p Bayram\u0131 ve D\u00fcnya Pi G\u00fcn\u00fc dolay\u0131s\u0131yla Sancar Maruflu Bilim Merkezi\u2019nde d\u00fczenlenen Felsefe ve Bilim \u015eenli\u011fi, her ya\u015ftan kat\u0131l\u0131mc\u0131n\u0131n bilim ve felsefeyle i\u00e7 i\u00e7e keyifli bir g\u00fcn ge\u00e7irmesini sa\u011flad\u0131. Ba\u015fkan Nil\u00fcfer \u00c7\u0131narl\u0131 Mutlu\u2019nun kat\u0131l\u0131m\u0131yla ger\u00e7ekle\u015fen ve t\u00fcm g\u00fcn s\u00fcren festivalde; yeti\u015fkinlere y\u00f6nelik ilgi \u00e7ekici oturumlar ger\u00e7ekle\u015ftirilirken, kat\u0131l\u0131mc\u0131lar felsefi diyaloglar ve belgesel g\u00f6sterimleriyle d\u00fc\u015f\u00fcnsel bir yolculu\u011fa \u00e7\u0131kt\u0131. Bilim merkezinde kurulan deney istasyonlar\u0131 ise \u00f6zellikle gen\u00e7lerin ve \u00e7ocuklar\u0131n b\u00fcy\u00fck ilgisini \u00e7ekti. Festivalde Ba\u015fkan Mutlu\u2019nun yan\u0131 s\u0131ra Aktiffelsefe K\u00fclt\u00fcr Derne\u011fi Y\u00f6netim Kurulu Ba\u015fkan\u0131 Oya Uysal ve Y\u00f6netim Kurulu \u00dcyeleri, \u0130zmir Kent Konseyi Ba\u015fkan\u0131 \u00d6zg\u00fcr Topa\u00e7, akademisyenler, \u00f6\u011frenciler ve vatanda\u015flar yer ald\u0131.<\/p>\n<p><b>Mutlu: Sorgulayan ve merak eden \u00e7ocuklar yeti\u015ftirmeyi hedefliyoruz<\/b><\/p>\n<p>Festivalin a\u00e7\u0131l\u0131\u015f\u0131nda yapt\u0131\u011f\u0131 konu\u015fmada sorgulayan, merak eden ve birey olma yolunda dogmalardan uzakla\u015fm\u0131\u015f \u00e7ocuklar yeti\u015ftirmeyi hedeflediklerini s\u00f6yleyen Konak Belediye Ba\u015fkan\u0131 Nil\u00fcfer \u00c7\u0131narl\u0131 Mutlu, \u201cAk\u0131ldan ve bilimden yana, her t\u00fcrl\u00fc dogmadan uzak fikirleri payla\u015fmak ve d\u00fc\u015f\u00fcncelerin zenginli\u011fine ortak olmak \u00e7ok de\u011ferli. Bu anlaml\u0131 bulu\u015fmada bizimle i\u015f birli\u011fi yapan Aktiffelsefe K\u00fclt\u00fcr Derne\u011fi\u2019ne te\u015fekk\u00fcr ediyorum. Konak\u2019ta, \u0130zmir sevdal\u0131s\u0131 Sancar Maruflu\u2019nun ad\u0131n\u0131 ta\u015f\u0131yan Bilim Merkezimizde; sorgulayan, merak eden ve birey olma yolunda dogmalardan uzak \u00e7ocuklar yeti\u015ftirmeyi hedefliyoruz. Aktiffelsefe, benim de yak\u0131ndan takip etti\u011fim ve bug\u00fcn birlikte olmaktan memnuniyet duydu\u011fum bir kurulu\u015f. Bundan sonraki \u00e7al\u0131\u015fmalar\u0131m\u0131zda da birlikte yol y\u00fcr\u00fcmek bizi \u00e7ok mutlu eder. \u00c7ok yararl\u0131 bir etkinlik olaca\u011f\u0131na inan\u0131yorum\u201d ifadelerini kulland\u0131.<\/p>\n<p><b>Uysal: Festivalden ziyade bir aray\u0131\u015f<\/b><\/p>\n<p>Aktiffelsefe K\u00fclt\u00fcr Derne\u011fi Y\u00f6netim Kurulu Ba\u015fkan\u0131 Oya Uysal ise \u015funlar\u0131 s\u00f6yledi: \u201cBu bir festivalden ziyade bir aray\u0131\u015f. Neden var oldu\u011fumuzu, nereden geldi\u011fimizi ve nereye gitti\u011fimizi bilmek istiyoruz. Bilgeli\u011fi arama arzusu i\u00e7in bir araya geldik. Felsefe sadece teorik bilgilerin bir y\u0131\u011f\u0131n\u0131 de\u011fil. Tam tersine hayata anlam katan bir s\u00fcre\u00e7tir. Felsefe ve bilimi tekrardan bu y\u00fczy\u0131lda ve bu co\u011frafyada bir araya getirmek istiyoruz. Bu festivalde bilgi y\u0131\u011f\u0131n\u0131ndan ziyade daha \u00e7ok sorgulamak, etkile\u015fim i\u00e7ine girmek ve d\u00fc\u015f\u00fcnce atmosferi olu\u015fturmak istedik. Bilim bizi do\u011fruya do\u011fru g\u00f6t\u00fcr\u00fcrken, felsefe ise daha iyi do\u011fru y\u00f6nlendirir. Hepimizin b\u00fct\u00fcn bunlara ihtiyac\u0131 var. Bu g\u00fczel organizasyonu daha da g\u00fczelle\u015ftiren belediyemize, \u00e7al\u0131\u015fanlar\u0131na ve dernek g\u00f6n\u00fcll\u00fclerimize te\u015fekk\u00fcr ediyorum. G\u00fczel bir festival olmas\u0131n\u0131 diliyorum.\u201d<\/p>\n<p><b>Oturumlarda bilim ve felsefe masaya yat\u0131r\u0131ld\u0131<\/b><\/p>\n<p>Festivalin ilk oturumunda felsefenin biyoloji, t\u0131p ve fizik gibi temel bilimlerle ili\u015fkisi ele al\u0131nd\u0131. \u201cFelsefe ve Temel Bilimler\u201d ba\u015fl\u0131kl\u0131 oturumda Dr. G\u00fclsen Altunta\u015f (Fizyolog), Dr. Mahmut \u015eansal (Gastroenterolog) ve Dr. Ay\u015fe B\u00fcber Ayd\u0131n (Akademisyen) konu\u015fmac\u0131 olarak yer ald\u0131. \u0130kinci oturumda \u201cBilim Felsefesi\u201d ba\u015fl\u0131\u011f\u0131 alt\u0131nda Prof. Dr. Yavuz Unat (Kastamonu \u00dcniversitesi), Prof. Dr. G\u00fcl \u00dcnal \u00c7oban (Dokuz Eyl\u00fcl \u00dcniversitesi) ve Prof. Dr. Remzi Demir (Ankara \u00dcniversitesi) konu\u015fmalar ger\u00e7ekle\u015ftirdi. Festivalin son oturumunda ise Aktiffelsefe Fen ve Do\u011fa Bilimleri Ara\u015ft\u0131rma Ekibi \u00dcyeleri Ahmet Dildan ve Bilgi Paki\u015f sunumlar ger\u00e7ekle\u015ftirdi. Oturumun sonunda \u0130zmir Gaziemir\u2019de bulunan Uzay Kamp\u0131 tan\u0131t\u0131ld\u0131. 9\u201315 ya\u015f aras\u0131 \u00e7ocuklara y\u00f6nelik bilimsel e\u011fitim programlar\u0131yla bilinen kamp\u0131n NASA tasar\u0131ml\u0131 astronot sim\u00fclat\u00f6rleriyle kat\u0131l\u0131mc\u0131lara uygulamal\u0131 deneyim sundu\u011fu ve tak\u0131m \u00e7al\u0131\u015fmas\u0131n\u0131 geli\u015ftirmeyi hedefledi\u011fi aktar\u0131ld\u0131. Festival kapsam\u0131nda ayr\u0131ca \u00e7ocuk at\u00f6lyeleri, bilim \u00fczerine felsefi diyaloglar ve belgesel g\u00f6sterimi de d\u00fczenlendi.<\/p>\n<p>Kaynak: (BYZHA) Beyaz Haber Ajans\u0131<\/p>\n","protected":false},"excerpt":{"rendered":"<p>Konak Belediye Ba\u015fkan\u0131 Nil\u00fcfer \u00c7\u0131narl\u0131 Mutlu, Aktiffelsefe K\u00fclt\u00fcr Derne\u011fi i\u015f birli\u011fi ile Sancar Maruflu Bilim Merkezi\u2019nde d\u00fczenlenen Felsefe ve Bilim Festivali\u2019ne kat\u0131ld\u0131.<\/p>\n","protected":false},"author":1,"featured_media":3692,"comment_status":"open","ping_status":"open","sticky":false,"template":"","format":"standard","meta":{"footnotes":""},"categories":[20],"tags":[],"class_list":["post-3691","post","type-post","status-publish","format-standard","has-post-thumbnail","hentry","category-kultur-sanat"],"_links":{"self":[{"href":"https:\/\/busondakika.com.tr\/index.php?rest_route=\/wp\/v2\/posts\/3691","targetHints":{"allow":["GET"]}}],"collection":[{"href":"https:\/\/busondakika.com.tr\/index.php?rest_route=\/wp\/v2\/posts"}],"about":[{"href":"https:\/\/busondakika.com.tr\/index.php?rest_route=\/wp\/v2\/types\/post"}],"author":[{"embeddable":true,"href":"https:\/\/busondakika.com.tr\/index.php?rest_route=\/wp\/v2\/users\/1"}],"replies":[{"embeddable":true,"href":"https:\/\/busondakika.com.tr\/index.php?rest_route=%2Fwp%2Fv2%2Fcomments&post=3691"}],"version-history":[{"count":1,"href":"https:\/\/busondakika.com.tr\/index.php?rest_route=\/wp\/v2\/posts\/3691\/revisions"}],"predecessor-version":[{"id":3693,"href":"https:\/\/busondakika.com.tr\/index.php?rest_route=\/wp\/v2\/posts\/3691\/revisions\/3693"}],"wp:featuredmedia":[{"embeddable":true,"href":"https:\/\/busondakika.com.tr\/index.php?rest_route=\/wp\/v2\/media\/3692"}],"wp:attachment":[{"href":"https:\/\/busondakika.com.tr\/index.php?rest_route=%2Fwp%2Fv2%2Fmedia&parent=3691"}],"wp:term":[{"taxonomy":"category","embeddable":true,"href":"https:\/\/busondakika.com.tr\/index.php?rest_route=%2Fwp%2Fv2%2Fcategories&post=3691"},{"taxonomy":"post_tag","embeddable":true,"href":"https:\/\/busondakika.com.tr\/index.php?rest_route=%2Fwp%2Fv2%2Ftags&post=3691"}],"curies":[{"name":"wp","href":"https:\/\/api.w.org\/{rel}","templated":true}]}}