{"id":3697,"date":"2026-03-15T10:04:40","date_gmt":"2026-03-15T10:04:40","guid":{"rendered":"https:\/\/busondakika.com.tr\/?p=3697"},"modified":"2026-03-15T10:04:41","modified_gmt":"2026-03-15T10:04:41","slug":"osmangazide-gonul-sofralari-yenibaglarda-kuruldu","status":"publish","type":"post","link":"https:\/\/busondakika.com.tr\/?p=3697","title":{"rendered":"Osmangazi\u2019de G\u00f6n\u00fcl Sofralar\u0131 Yeniba\u011flar\u2019da Kuruldu"},"content":{"rendered":"<p> Osmangazi Belediyesi\u2019nin Ramazan ay\u0131 boyunca mahalle mahalle kurdu\u011fu g\u00f6n\u00fcl sofralar\u0131, bu kez Yeniba\u011flar Mahallesi\u2019nde bin 200 vatanda\u015f\u0131 bir araya getirdi. Yo\u011fun kat\u0131l\u0131mla ger\u00e7ekle\u015fen iftar program\u0131nda mahalle sakinleri ayn\u0131 sofrada bulu\u015farak Ramazan\u2019\u0131n bereketini ve payla\u015fma ruhunu birlikte ya\u015fad\u0131.<\/p>\n<p>Osmangazi Belediyesi\u2019nin Ramazan ay\u0131 boyunca il\u00e7enin farkl\u0131 mahallelerinde d\u00fczenledi\u011fi iftar programlar\u0131, birlik ve beraberlik duygusunu g\u00fc\u00e7lendirmeye devam ediyor. Ramazan\u2019\u0131n bereketini ve payla\u015fma k\u00fclt\u00fcr\u00fcn\u00fc mahallelere ta\u015f\u0131yan iftar programlar\u0131n\u0131n bir ba\u015fka dura\u011f\u0131 Yeniba\u011flar Mahallesi oldu. Yeniba\u011flar Meydan\u0131\u2019nda d\u00fczenlenen iftar program\u0131na mahalle sakinleri b\u00fcy\u00fck ilgi g\u00f6sterdi. Meydan\u0131 dolduran y\u00fczlerce vatanda\u015f, kurulan g\u00f6n\u00fcl sofralar\u0131nda bir araya gelerek hem kom\u015fuluk ba\u011flar\u0131n\u0131 g\u00fc\u00e7lendirdi, hem de Ramazan ay\u0131n\u0131n payla\u015fma ruhunu birlikte ya\u015fad\u0131. Ezan\u0131n okunmas\u0131yla birlikte oru\u00e7lar a\u00e7\u0131l\u0131rken, vatanda\u015flar ayn\u0131 sofray\u0131 payla\u015fman\u0131n mutlulu\u011funu ya\u015fad\u0131.<\/p>\n<p><b>\u0130ftar Program\u0131nda Bin 200 Ki\u015fi Ramazan\u2019\u0131n Bereketini Payla\u015ft\u0131<\/b><\/p>\n<p>Programa Osmangazi Belediye Ba\u015fkan Yard\u0131mc\u0131lar\u0131 M\u00fccahit Y\u0131ld\u0131zhan ve Fatih Vardar ile Osmangazi Belediyesi meclis \u00fcyeleri de kat\u0131larak vatanda\u015flarla bir araya geldi. \u0130ftar \u00f6ncesinde masalar\u0131 tek tek dola\u015fan ba\u015fkan yard\u0131mc\u0131lar\u0131 ve meclis \u00fcyeleri, mahalle sakinleriyle sohbet ederek Ramazan ay\u0131n\u0131n bereketini payla\u015ft\u0131. Osmangazi Belediye Ba\u015fkan Yard\u0131mc\u0131s\u0131 M\u00fccahit Y\u0131ld\u0131zhan, yo\u011fun bir kat\u0131l\u0131m\u0131n oldu\u011funa i\u015faret ederek \u201cYeniba\u011flar Mahallesi\u2019nde bin 200 vatanda\u015f\u0131m\u0131zla g\u00f6n\u00fcl sofras\u0131nda bulu\u015ftuk. Kendileriyle birlikte iftar\u0131m\u0131z\u0131 a\u00e7t\u0131k. Buraya gelen, katk\u0131 sunan b\u00fct\u00fcn vatanda\u015flar\u0131m\u0131za te\u015fekk\u00fcr ediyor, hepsinin Ramazan\u2019\u0131n\u0131 kutluyorum. Nice Ramazan\u2019larda birlikte olmak dile\u011fiyle.\u201d diye konu\u015ftu.<\/p>\n<p><b>\u201cVatanda\u015flar\u0131m\u0131z \u00c7ok Memnun\u201d<\/b><\/p>\n<p>Yeniba\u011flar Mahalle Muhtar\u0131 Nursel \u015eahint\u00fcrk de yapt\u0131\u011f\u0131 konu\u015fmada \u201cOsmangazi Belediye Ba\u015fkan\u0131m\u0131z Erkan Ayd\u0131n\u2019a \u00e7ok te\u015fekk\u00fcr ediyoruz. Burada bir ilk oldu, iftar sofras\u0131nda bir araya geldik. Vatanda\u015flar\u0131m\u0131z \u00e7ok memnun, bin 200 ki\u015fi vard\u0131.\u201d ifadelerini kulland\u0131.<\/p>\n<p>Yeniba\u011flar Mahallesi sakinleri de, iftar program\u0131ndan duyduklar\u0131 memnuniyeti dile getirerek Osmangazi Belediyesi\u2019ne ve Osmangazi Belediye Ba\u015fkan\u0131 Erkan Ayd\u0131n\u2019a te\u015fekk\u00fcrlerini sundu. Mahalle sakinlerinden Esma Ayhan, \u201cErkan ba\u015fkan\u0131m\u0131za bu g\u00fczel organizasyon i\u00e7in \u00e7ok te\u015fekk\u00fcr ederiz, \u00e7ok g\u00fczel hizmetler sundu.\u201d yorumunu yaparken, Rasim Y\u0131ld\u0131z da \u201c\u00d6ncelikle Osmangazi Belediye Ba\u015fkan\u0131m\u0131za ve muhtar\u0131m\u0131za \u00e7ok te\u015fekk\u00fcr ederiz, bizleri burada bulu\u015fturdu. Mahallemizi, kom\u015fuluk ili\u015fkilerimizi g\u00fc\u00e7lendirdi. Herkese iyi Ramazanlar diliyorum.\u201d de\u011ferlendirmesinde bulundu.<\/p>\n<p>Kaynak: (BYZHA) Beyaz Haber Ajans\u0131<\/p>\n","protected":false},"excerpt":{"rendered":"<p>Osmangazi Belediyesi\u2019nin Ramazan ay\u0131 boyunca mahalle mahalle kurdu\u011fu g\u00f6n\u00fcl sofralar\u0131, bu kez Yeniba\u011flar Mahallesi\u2019nde bin 200 vatanda\u015f\u0131 bir araya getirdi.<\/p>\n","protected":false},"author":1,"featured_media":3698,"comment_status":"open","ping_status":"open","sticky":false,"template":"","format":"standard","meta":{"footnotes":""},"categories":[21],"tags":[],"class_list":["post-3697","post","type-post","status-publish","format-standard","has-post-thumbnail","hentry","category-gundem"],"_links":{"self":[{"href":"https:\/\/busondakika.com.tr\/index.php?rest_route=\/wp\/v2\/posts\/3697","targetHints":{"allow":["GET"]}}],"collection":[{"href":"https:\/\/busondakika.com.tr\/index.php?rest_route=\/wp\/v2\/posts"}],"about":[{"href":"https:\/\/busondakika.com.tr\/index.php?rest_route=\/wp\/v2\/types\/post"}],"author":[{"embeddable":true,"href":"https:\/\/busondakika.com.tr\/index.php?rest_route=\/wp\/v2\/users\/1"}],"replies":[{"embeddable":true,"href":"https:\/\/busondakika.com.tr\/index.php?rest_route=%2Fwp%2Fv2%2Fcomments&post=3697"}],"version-history":[{"count":1,"href":"https:\/\/busondakika.com.tr\/index.php?rest_route=\/wp\/v2\/posts\/3697\/revisions"}],"predecessor-version":[{"id":3699,"href":"https:\/\/busondakika.com.tr\/index.php?rest_route=\/wp\/v2\/posts\/3697\/revisions\/3699"}],"wp:featuredmedia":[{"embeddable":true,"href":"https:\/\/busondakika.com.tr\/index.php?rest_route=\/wp\/v2\/media\/3698"}],"wp:attachment":[{"href":"https:\/\/busondakika.com.tr\/index.php?rest_route=%2Fwp%2Fv2%2Fmedia&parent=3697"}],"wp:term":[{"taxonomy":"category","embeddable":true,"href":"https:\/\/busondakika.com.tr\/index.php?rest_route=%2Fwp%2Fv2%2Fcategories&post=3697"},{"taxonomy":"post_tag","embeddable":true,"href":"https:\/\/busondakika.com.tr\/index.php?rest_route=%2Fwp%2Fv2%2Ftags&post=3697"}],"curies":[{"name":"wp","href":"https:\/\/api.w.org\/{rel}","templated":true}]}}