{"id":3703,"date":"2026-03-15T10:04:44","date_gmt":"2026-03-15T10:04:44","guid":{"rendered":"https:\/\/busondakika.com.tr\/?p=3703"},"modified":"2026-03-15T10:04:45","modified_gmt":"2026-03-15T10:04:45","slug":"baskan-kocamandan-kadir-gecesi-mesaji","status":"publish","type":"post","link":"https:\/\/busondakika.com.tr\/?p=3703","title":{"rendered":"Ba\u015fkan Kocaman&#8217;dan Kadir Gecesi mesaj\u0131"},"content":{"rendered":"<br \/>\n<article>Kartepe Belediye Ba\u015fkan\u0131 Av. M. Mustafa Kocaman, bin aydan daha hay\u0131rl\u0131 olan Kadir Gecesi dolay\u0131s\u0131yla bir mesaj yay\u0131mlad\u0131. Ba\u015fkan Kocaman, bu m\u00fcbarek gecenin t\u00fcm insanl\u0131\u011fa bar\u0131\u015f, huzur ve esenlik getirmesini temenni etti.<\/p>\n<p><strong>Ba\u015fkan Kocaman mesaj\u0131nda \u015fu ifadelere yer verdi:<\/strong><\/p>\n<p>\u201cBa\u015f\u0131 rahmet, ortas\u0131 ma\u011ffiret, sonu ise azaptan kurtulu\u015f olan m\u00fcbarek Ramazan ay\u0131n\u0131n son g\u00fcnlerine yakla\u015f\u0131rken; Kur\u2019an-\u0131 Kerim\u2019in indirilmeye ba\u015fland\u0131\u011f\u0131 ve Y\u00fcce Rabbimizin \u2018bin aydan daha hay\u0131rl\u0131\u2019 k\u0131ld\u0131\u011f\u0131 Kadir Gecesi\u2019ne bir kez daha kavu\u015fman\u0131n derin huzurunu ve manevi sevincini ya\u015f\u0131yoruz. Bu m\u00fcstesna gece; yaln\u0131zca ibadetlerle ge\u00e7irilen bir zaman dilimi de\u011fil, ayn\u0131 zamanda kalplerimizi ar\u0131nd\u0131rd\u0131\u011f\u0131m\u0131z, g\u00f6n\u00fcllerimizi birbirine yakla\u015ft\u0131rd\u0131\u011f\u0131m\u0131z ve karde\u015flik ba\u011flar\u0131m\u0131z\u0131 daha da g\u00fc\u00e7lendirdi\u011fimiz kutlu bir f\u0131rsatt\u0131r.<\/p>\n<p>Kadir Gecesi; ellerin samimiyetle semaya a\u00e7\u0131ld\u0131\u011f\u0131, dualar\u0131n umutla y\u00fckseldi\u011fi ve kalplerin ayn\u0131 rahmet ikliminde bulu\u015ftu\u011fu e\u015fsiz bir zaman dilimidir.\u00a0Rabbimizin rahmet ve ma\u011ffiret kap\u0131lar\u0131n\u0131 sonuna kadar a\u00e7t\u0131\u011f\u0131 bu m\u00fcbarek gecede; g\u00f6n\u00fcllerimizi iyilikle doldurmak, kalplerimizi ar\u0131nd\u0131rmak ve karde\u015flik ba\u011flar\u0131m\u0131z\u0131 kuvvetlendirmek bizim i\u00e7in en b\u00fcy\u00fck kazan\u00e7t\u0131r.\u00a0Bu gece birlik ve beraberli\u011fimizi daha g\u00fc\u00e7l\u00fc \u015fekilde hat\u0131rlamam\u0131z, k\u0131rg\u0131nl\u0131klar\u0131 geride b\u0131rakmam\u0131z ve toplumsal bar\u0131\u015f\u0131m\u0131z\u0131 peki\u015ftirmemiz i\u00e7in k\u0131ymetli bir vesiledir.<\/p>\n<p>Sava\u015flar\u0131n ve kavgalar\u0131n y\u00fcre\u011fimizi yaralad\u0131\u011f\u0131 bu g\u00fcnlerde, \u00f6zellikle mazlum co\u011frafyalarda akan g\u00f6zya\u015flar\u0131n\u0131n dinmesi i\u00e7in ellerimizi semaya a\u00e7mal\u0131, dualar\u0131m\u0131z\u0131 eksik etmemeliyiz. Bu m\u00fcbarek gecenin rahmet ve bereketinin, zul\u00fcm alt\u0131nda ya\u015fam m\u00fccadelesi veren t\u00fcm karde\u015flerimize umut olmas\u0131n\u0131 temenni ediyoruz.<\/p>\n<p>Bu duygu ve d\u00fc\u015f\u00fcncelerle ba\u015fta Kartepeli hem\u015fehrilerim olmak \u00fczere aziz milletimizin ve t\u00fcm \u0130slam \u00e2leminin m\u00fcbarek Kadir Gecesi\u2019ni en kalbi duygular\u0131mla tebrik ediyor; bu kutlu gecenin \u00fclkemize, milletimize ve t\u00fcm insanl\u0131\u011fa huzur, sa\u011fl\u0131k, birlik ve bereket getirmesini Cenab-\u0131 Allah\u2019tan niyaz ediyorum\u201d dedi.<\/p>\n<\/article>\n<p>Kaynak: (BYZHA) Beyaz Haber Ajans\u0131<\/p>\n","protected":false},"excerpt":{"rendered":"<p>Kartepe Belediye Ba\u015fkan\u0131 Av.<\/p>\n","protected":false},"author":1,"featured_media":3704,"comment_status":"open","ping_status":"open","sticky":false,"template":"","format":"standard","meta":{"footnotes":""},"categories":[21],"tags":[],"class_list":["post-3703","post","type-post","status-publish","format-standard","has-post-thumbnail","hentry","category-gundem"],"_links":{"self":[{"href":"https:\/\/busondakika.com.tr\/index.php?rest_route=\/wp\/v2\/posts\/3703","targetHints":{"allow":["GET"]}}],"collection":[{"href":"https:\/\/busondakika.com.tr\/index.php?rest_route=\/wp\/v2\/posts"}],"about":[{"href":"https:\/\/busondakika.com.tr\/index.php?rest_route=\/wp\/v2\/types\/post"}],"author":[{"embeddable":true,"href":"https:\/\/busondakika.com.tr\/index.php?rest_route=\/wp\/v2\/users\/1"}],"replies":[{"embeddable":true,"href":"https:\/\/busondakika.com.tr\/index.php?rest_route=%2Fwp%2Fv2%2Fcomments&post=3703"}],"version-history":[{"count":1,"href":"https:\/\/busondakika.com.tr\/index.php?rest_route=\/wp\/v2\/posts\/3703\/revisions"}],"predecessor-version":[{"id":3705,"href":"https:\/\/busondakika.com.tr\/index.php?rest_route=\/wp\/v2\/posts\/3703\/revisions\/3705"}],"wp:featuredmedia":[{"embeddable":true,"href":"https:\/\/busondakika.com.tr\/index.php?rest_route=\/wp\/v2\/media\/3704"}],"wp:attachment":[{"href":"https:\/\/busondakika.com.tr\/index.php?rest_route=%2Fwp%2Fv2%2Fmedia&parent=3703"}],"wp:term":[{"taxonomy":"category","embeddable":true,"href":"https:\/\/busondakika.com.tr\/index.php?rest_route=%2Fwp%2Fv2%2Fcategories&post=3703"},{"taxonomy":"post_tag","embeddable":true,"href":"https:\/\/busondakika.com.tr\/index.php?rest_route=%2Fwp%2Fv2%2Ftags&post=3703"}],"curies":[{"name":"wp","href":"https:\/\/api.w.org\/{rel}","templated":true}]}}