{"id":3706,"date":"2026-03-15T10:04:46","date_gmt":"2026-03-15T10:04:46","guid":{"rendered":"https:\/\/busondakika.com.tr\/?p=3706"},"modified":"2026-03-15T10:04:46","modified_gmt":"2026-03-15T10:04:46","slug":"baskan-buyukakin-mhp-il-iftarina-katildi","status":"publish","type":"post","link":"https:\/\/busondakika.com.tr\/?p=3706","title":{"rendered":"Ba\u015fkan B\u00fcy\u00fckak\u0131n, MHP \u0130l iftar\u0131na kat\u0131ld\u0131"},"content":{"rendered":"<p> Kocaeli B\u00fcy\u00fck\u015fehir Belediye Ba\u015fkan\u0131 Tahir B\u00fcy\u00fckak\u0131n, MHP Kocaeli \u0130l Ba\u015fkanl\u0131\u011f\u0131 taraf\u0131ndan d\u00fczenlenen iftar program\u0131na kat\u0131ld\u0131. Programda birlik ve beraberlik vurgusu \u00f6ne \u00e7\u0131kt\u0131.<\/p>\n<p><b>MHP TE\u015eK\u0130LATI \u0130FTARDA BULU\u015eTU<\/b><\/p>\n<p>Kocaeli B\u00fcy\u00fck\u015fehir Belediye Ba\u015fkan\u0131 Tahir B\u00fcy\u00fckak\u0131n ve AK Parti Kocaeli \u0130l Ba\u015fkan\u0131 \u015eahin Talus, Cumhur \u0130ttifak\u0131 orta\u011f\u0131 Milliyet\u00e7i Hareket Partisi (MHP) Kocaeli \u0130l Ba\u015fkanl\u0131\u011f\u0131\u2019nca d\u00fczenlenen \u201cBirlik ve Karde\u015flik \u0130ftar\u0131\u201d program\u0131nda te\u015fkilat mensuplar\u0131yla bir araya geldi. MHP Kocaeli \u0130l Ba\u015fkan\u0131 Kamil Ak\u0131n\u2019\u0131n ev sahipli\u011finde d\u00fczenlenen programa; MHP Kocaeli Milletvekili Saffet Sancakl\u0131, Kartepe Belediye Ba\u015fkan\u0131 Mustafa Kocaman, G\u00f6lc\u00fck Belediye Ba\u015fkan\u0131 Ali Y\u0131ld\u0131r\u0131m Sezer, Kocaeli Ticaret Odas\u0131 Ba\u015fkan\u0131 Necmi Bulut, Kocaeli Esnaf ve Sanatk\u00e2rlar Odas\u0131 Ba\u015fkan\u0131 Kadir Durmu\u015f, MHP\u2019li il\u00e7e ba\u015fkanlar\u0131 ve \u00e7ok say\u0131da partili kat\u0131ld\u0131.<\/p>\n<p><b>\u201cT\u00dcRK\u0130YE G\u00d6N\u00dcL CO\u011eRAFYAMIZ \u0130\u00c7\u0130N B\u00dcY\u00dcK UMUT\u201d<\/b><\/p>\n<p>Programda konu\u015fan Ba\u015fkan B\u00fcy\u00fckak\u0131n, birlik ve beraberli\u011fin \u00f6nemine dikkat \u00e7ekti. Ramazan ay\u0131 boyunca Bulgaristan, Yunanistan, Kuzey Makedonya, Bosna Hersek, M\u0131s\u0131r ve Suriye\u2019de Kocaeli B\u00fcy\u00fck\u015fehir Belediyesi taraf\u0131ndan kurulan \u201cKarde\u015flik Sofralar\u0131\u201dna de\u011finen B\u00fcy\u00fckak\u0131n, T\u00fcrkiye\u2019ye duyulan umuda bizzat \u015fahit olduklar\u0131n\u0131 ifade etti.<\/p>\n<p><b>\u201cBU HUZUR CUMHURBA\u015eKANIMIZ VE BAH\u00c7EL\u0130 SAYES\u0130NDE\u201d<\/b><\/p>\n<p>Cumhurba\u015fkan\u0131 Recep Tayyip Erdo\u011fan ve MHP Genel Ba\u015fkan\u0131 Devlet Bah\u00e7eli\u2019nin ortaya koydu\u011fu g\u00fc\u00e7l\u00fc iradenin T\u00fcrkiye\u2019nin bulundu\u011fu b\u00f6lgede istikrar\u0131n korunmas\u0131na katk\u0131 sa\u011flad\u0131\u011f\u0131n\u0131 belirten B\u00fcy\u00fckak\u0131n, \u201cSay\u0131n Cumhurba\u015fkan\u0131m\u0131z Recep Tayyip Erdo\u011fan ve Say\u0131n Devlet Bah\u00e7eli\u2019nin ortaya koydu\u011fu \u2018i\u00e7 cepheyi g\u00fc\u00e7lendirelim\u2019 iradesini, bug\u00fcn d\u00f6rt yan\u0131m\u0131z ate\u015f \u00e7emberine d\u00f6nerken \u00e7ok daha iyi anl\u0131yoruz\u201d dedi.<\/p>\n<p><b>\u201cS\u0130ZLERLE YOL Y\u00dcR\u00dcMEKTEN GURUR DUYUYORUM\u201d<\/b><\/p>\n<p>Cumhur \u0130ttifak\u0131\u2019n\u0131n g\u00fc\u00e7l\u00fc bir iradeyle yoluna devam etti\u011fini vurgulayan B\u00fcy\u00fckak\u0131n, \u201cG\u00fc\u00e7l\u00fc bir iradeyle dimdik ayakta duruyoruz ve yolumuza devam ediyoruz. Sizlerle birlikte y\u00fcr\u00fcmekten, sizlerle yol arkada\u015fl\u0131\u011f\u0131 yapmaktan b\u00fcy\u00fck gurur duyuyorum. Sizler gibi yol arkada\u015flar\u0131m oldu\u011fu i\u00e7in kendimi \u00e7ok \u015fansl\u0131 hissediyorum. Hepinize sonsuz te\u015fekk\u00fcr ediyorum. \u0130yi ki vars\u0131n\u0131z\u201d ifadelerini kulland\u0131. Program, yap\u0131lan dualar\u0131n ard\u0131ndan sona erdi.<\/p>\n<p>Kaynak: (BYZHA) Beyaz Haber Ajans\u0131<\/p>\n","protected":false},"excerpt":{"rendered":"<p>Kocaeli B\u00fcy\u00fck\u015fehir Belediye Ba\u015fkan\u0131 Tahir B\u00fcy\u00fckak\u0131n, MHP Kocaeli \u0130l Ba\u015fkanl\u0131\u011f\u0131 taraf\u0131ndan d\u00fczenlenen iftar program\u0131na kat\u0131ld\u0131.<\/p>\n","protected":false},"author":1,"featured_media":3707,"comment_status":"open","ping_status":"open","sticky":false,"template":"","format":"standard","meta":{"footnotes":""},"categories":[21],"tags":[],"class_list":["post-3706","post","type-post","status-publish","format-standard","has-post-thumbnail","hentry","category-gundem"],"_links":{"self":[{"href":"https:\/\/busondakika.com.tr\/index.php?rest_route=\/wp\/v2\/posts\/3706","targetHints":{"allow":["GET"]}}],"collection":[{"href":"https:\/\/busondakika.com.tr\/index.php?rest_route=\/wp\/v2\/posts"}],"about":[{"href":"https:\/\/busondakika.com.tr\/index.php?rest_route=\/wp\/v2\/types\/post"}],"author":[{"embeddable":true,"href":"https:\/\/busondakika.com.tr\/index.php?rest_route=\/wp\/v2\/users\/1"}],"replies":[{"embeddable":true,"href":"https:\/\/busondakika.com.tr\/index.php?rest_route=%2Fwp%2Fv2%2Fcomments&post=3706"}],"version-history":[{"count":1,"href":"https:\/\/busondakika.com.tr\/index.php?rest_route=\/wp\/v2\/posts\/3706\/revisions"}],"predecessor-version":[{"id":3708,"href":"https:\/\/busondakika.com.tr\/index.php?rest_route=\/wp\/v2\/posts\/3706\/revisions\/3708"}],"wp:featuredmedia":[{"embeddable":true,"href":"https:\/\/busondakika.com.tr\/index.php?rest_route=\/wp\/v2\/media\/3707"}],"wp:attachment":[{"href":"https:\/\/busondakika.com.tr\/index.php?rest_route=%2Fwp%2Fv2%2Fmedia&parent=3706"}],"wp:term":[{"taxonomy":"category","embeddable":true,"href":"https:\/\/busondakika.com.tr\/index.php?rest_route=%2Fwp%2Fv2%2Fcategories&post=3706"},{"taxonomy":"post_tag","embeddable":true,"href":"https:\/\/busondakika.com.tr\/index.php?rest_route=%2Fwp%2Fv2%2Ftags&post=3706"}],"curies":[{"name":"wp","href":"https:\/\/api.w.org\/{rel}","templated":true}]}}