{"id":3709,"date":"2026-03-15T10:04:47","date_gmt":"2026-03-15T10:04:47","guid":{"rendered":"https:\/\/busondakika.com.tr\/?p=3709"},"modified":"2026-03-15T10:04:48","modified_gmt":"2026-03-15T10:04:48","slug":"buyuksehir-zabitasi-ogrencilere-meslegi-tanitti","status":"publish","type":"post","link":"https:\/\/busondakika.com.tr\/?p=3709","title":{"rendered":"B\u00fcy\u00fck\u015fehir Zab\u0131tas\u0131 \u00f6\u011frencilere mesle\u011fi tan\u0131tt\u0131"},"content":{"rendered":"<p> T\u00fcrkan Dereli \u0130lkokulu \u00f6\u011frencileri, \u201cMeslek Tan\u0131t\u0131m Program\u0131\u201d kapsam\u0131nda Kocaeli B\u00fcy\u00fck\u015fehir Belediyesi Zab\u0131ta Dairesi Ba\u015fkanl\u0131\u011f\u0131\u2019n\u0131 ziyaret etti. Minikler, zab\u0131ta mesle\u011fi ile ilgili merak ettiklerini ilk a\u011f\u0131zdan \u00f6\u011frenme f\u0131rsat\u0131 buldu.<\/p>\n<p><b>B\u00dcY\u00dcK\u015eEH\u0130R ZABITASINI YAKINDAN TANIDILAR<\/b><\/p>\n<p>Kocaeli B\u00fcy\u00fck\u015fehir Belediyesi Zab\u0131ta Dairesi Ba\u015fkanl\u0131\u011f\u0131, T\u00fcrkan Dereli \u0130lkokulu \u00f6\u011frencilerini a\u011f\u0131rlad\u0131. \u201cZab\u0131ta kimdir, ne i\u015f yapar?\u201d sorular\u0131na yan\u0131t arayan minik \u00f6\u011frenciler, zab\u0131ta merkezini ziyaret ederek kurumun \u00e7al\u0131\u015fma alanlar\u0131n\u0131 yerinde g\u00f6rme f\u0131rsat\u0131 buldu. Programda \u00e7ocuklara zab\u0131tan\u0131n g\u00f6rev ve sorumluluklar\u0131 anlat\u0131ld\u0131.<\/p>\n<p><b>G\u00d6REV VE YETK\u0130LER ANLATILDI<\/b><\/p>\n<p>Ziyaret kapsam\u0131nda Merkez Amiri G\u00f6khan \u00d6zt\u00fcrk ve zab\u0131ta memuru Neslihan Baydan, \u00f6\u011frencilere zab\u0131tan\u0131n g\u00f6rev ve sorumluluklar\u0131 hakk\u0131nda bilgi verdi. Ziyarette \u00f6\u011frencilere, zab\u0131ta ekiplerinin \u015fehir d\u00fczenini sa\u011flamak, vatanda\u015flar\u0131n huzur ve g\u00fcvenli\u011fini korumak ve kamu alanlar\u0131nda kurallara uyulmas\u0131n\u0131 denetlemek gibi \u00f6nemli g\u00f6revleri oldu\u011fu anlat\u0131ld\u0131.<\/p>\n<p><b>MERKEZ\u0130 GEZD\u0130LER, B\u0130R\u0130MLER\u0130 \u0130NCELED\u0130LER<\/b><\/p>\n<p>Minik \u00f6\u011frenciler ziyaret s\u0131ras\u0131nda zab\u0131ta merkezini gezerek birimleri yak\u0131ndan inceleme f\u0131rsat\u0131 da buldu. Zab\u0131ta ekiplerinin \u00e7al\u0131\u015fma ortam\u0131n\u0131 g\u00f6ren \u00f6\u011frenciler, merak ettikleri sorular\u0131 sorarak meslek hakk\u0131nda bilgi ald\u0131. B\u00fcy\u00fck ilgiyle ger\u00e7ekle\u015fen ziyaret, g\u00fcn\u00fcn an\u0131s\u0131na \u00e7ekilen hat\u0131ra foto\u011fraflar\u0131yla sona erdi.<\/p>\n<p>Kaynak: (BYZHA) Beyaz Haber Ajans\u0131<\/p>\n","protected":false},"excerpt":{"rendered":"<p>T\u00fcrkan Dereli \u0130lkokulu \u00f6\u011frencileri, \u201cMeslek Tan\u0131t\u0131m Program\u0131\u201d kapsam\u0131nda Kocaeli B\u00fcy\u00fck\u015fehir Belediyesi Zab\u0131ta Dairesi Ba\u015fkanl\u0131\u011f\u0131\u2019n\u0131 ziyaret etti.<\/p>\n","protected":false},"author":1,"featured_media":3710,"comment_status":"open","ping_status":"open","sticky":false,"template":"","format":"standard","meta":{"footnotes":""},"categories":[21],"tags":[],"class_list":["post-3709","post","type-post","status-publish","format-standard","has-post-thumbnail","hentry","category-gundem"],"_links":{"self":[{"href":"https:\/\/busondakika.com.tr\/index.php?rest_route=\/wp\/v2\/posts\/3709","targetHints":{"allow":["GET"]}}],"collection":[{"href":"https:\/\/busondakika.com.tr\/index.php?rest_route=\/wp\/v2\/posts"}],"about":[{"href":"https:\/\/busondakika.com.tr\/index.php?rest_route=\/wp\/v2\/types\/post"}],"author":[{"embeddable":true,"href":"https:\/\/busondakika.com.tr\/index.php?rest_route=\/wp\/v2\/users\/1"}],"replies":[{"embeddable":true,"href":"https:\/\/busondakika.com.tr\/index.php?rest_route=%2Fwp%2Fv2%2Fcomments&post=3709"}],"version-history":[{"count":1,"href":"https:\/\/busondakika.com.tr\/index.php?rest_route=\/wp\/v2\/posts\/3709\/revisions"}],"predecessor-version":[{"id":3711,"href":"https:\/\/busondakika.com.tr\/index.php?rest_route=\/wp\/v2\/posts\/3709\/revisions\/3711"}],"wp:featuredmedia":[{"embeddable":true,"href":"https:\/\/busondakika.com.tr\/index.php?rest_route=\/wp\/v2\/media\/3710"}],"wp:attachment":[{"href":"https:\/\/busondakika.com.tr\/index.php?rest_route=%2Fwp%2Fv2%2Fmedia&parent=3709"}],"wp:term":[{"taxonomy":"category","embeddable":true,"href":"https:\/\/busondakika.com.tr\/index.php?rest_route=%2Fwp%2Fv2%2Fcategories&post=3709"},{"taxonomy":"post_tag","embeddable":true,"href":"https:\/\/busondakika.com.tr\/index.php?rest_route=%2Fwp%2Fv2%2Ftags&post=3709"}],"curies":[{"name":"wp","href":"https:\/\/api.w.org\/{rel}","templated":true}]}}