{"id":3712,"date":"2026-03-15T10:15:08","date_gmt":"2026-03-15T10:15:08","guid":{"rendered":"https:\/\/busondakika.com.tr\/?p=3712"},"modified":"2026-03-15T10:15:09","modified_gmt":"2026-03-15T10:15:09","slug":"malkarada-yogun-program-acilis-ziyaretler-ve-iftar-bulusmasi","status":"publish","type":"post","link":"https:\/\/busondakika.com.tr\/?p=3712","title":{"rendered":"Malkara&#8217;da yo\u011fun program: A\u00e7\u0131l\u0131\u015f, Ziyaretler ve \u0130ftar bulu\u015fmas\u0131"},"content":{"rendered":"<p> Tekirda\u011f B\u00fcy\u00fck\u015fehir Belediye Ba\u015fkan\u0131 Candan Y\u00fcceer\u2019in kat\u0131l\u0131m\u0131yla Malkara\u2019da a\u00e7\u0131l\u0131\u015f, ziyaretler ve iftar programlar\u0131n\u0131 kapsayan yo\u011fun bir program ger\u00e7ekle\u015ftirildi. G\u00fcn boyunca yap\u0131lan etkinliklerde hem yeni hizmetlerin a\u00e7\u0131l\u0131\u015f\u0131 yap\u0131ld\u0131 hem de meslek odalar\u0131yla g\u00f6r\u00fc\u015fmeler ger\u00e7ekle\u015ftirildi. Programlara Malkara Belediye Ba\u015fkan\u0131 Nergiz Karaa\u011fa\u00e7l\u0131 \u00d6zt\u00fcrk de ev sahipli\u011fi yapt\u0131.<\/p>\n<p><b>TEK Market Hizmete A\u00e7\u0131ld\u0131<\/b><\/p>\n<p>Tekirda\u011f B\u00fcy\u00fck\u015fehir Belediyesi taraf\u0131ndan il\u00e7eye kazand\u0131r\u0131lan TEK Market, d\u00fczenlenen t\u00f6renle hizmete a\u00e7\u0131ld\u0131. A\u00e7\u0131l\u0131\u015fa CHP Tekirda\u011f milletvekilleri Nurten Yontar ve \u0130lhami \u00d6zcan Aygun, Tekirda\u011f B\u00fcy\u00fck\u015fehir Belediye Ba\u015fkan\u0131 Candan Y\u00fcceer, Malkara Belediye Ba\u015fkan\u0131 Nergiz Karaa\u011fa\u00e7l\u0131 \u00d6zt\u00fcrk, CHP Tekirda\u011f \u0130l Ba\u015fkan\u0131 Cenk Bodu\u00e7, Alpay Var, , il ve il\u00e7e y\u00f6neticileri ile \u00e7ok say\u0131da vatanda\u015f kat\u0131ld\u0131.<\/p>\n<p>Uygun fiyatl\u0131, g\u00fcvenilir ve kaliteli \u00fcr\u00fcnleri vatanda\u015flarla bulu\u015fturmay\u0131 hedefleyen TEK Market\u2019in, \u00fcreticiyi destekleyen yap\u0131s\u0131yla sosyal belediyecilik anlay\u0131\u015f\u0131n\u0131n \u00f6nemli bir \u00f6rne\u011fi oldu\u011fu ifade edildi. A\u00e7\u0131l\u0131\u015fta yap\u0131lan konu\u015fmalarda projenin hem \u00fcreticiye hem de vatanda\u015f\u0131n b\u00fct\u00e7esine katk\u0131 sa\u011flayaca\u011f\u0131 vurguland\u0131.<\/p>\n<p><b>Belediyede Proje ve \u00c7al\u0131\u015fmalar De\u011ferlendirildi<\/b><\/p>\n<p>Program kapsam\u0131nda Tekirda\u011f B\u00fcy\u00fck\u015fehir Belediye Ba\u015fkan\u0131 Candan Y\u00fcceer, CHP Tekirda\u011f \u0130l Ba\u015fkan\u0131 Cenk Bodu\u00e7, Alpay Var ve parti y\u00f6neticileri, Malkara Belediye Ba\u015fkan\u0131 Nergiz Karaa\u011fa\u00e7l\u0131 \u00d6zt\u00fcrk\u2019\u00fc belediyede ziyaret etti.<\/p>\n<p>Ger\u00e7ekle\u015ftirilen g\u00f6r\u00fc\u015fmede il\u00e7enin geli\u015fimi, planlanan projeler ve y\u00fcr\u00fct\u00fclen \u00e7al\u0131\u015fmalar \u00fczerine kapsaml\u0131 bir fikir al\u0131\u015fveri\u015finde bulunuldu. G\u00f6r\u00fc\u015fmede Malkara\u2019n\u0131n gelece\u011fine y\u00f6nelik \u00e7al\u0131\u015fmalar ve i\u015f birli\u011fi olanaklar\u0131 ele al\u0131nd\u0131.<\/p>\n<p><b>Meslek Odalar\u0131na Ziyaret<\/b><\/p>\n<p>Heyet, program kapsam\u0131nda il\u00e7edeki meslek odalar\u0131n\u0131 da ziyaret etti. Kahveciler ve B\u00fcfeciler Odas\u0131 Ba\u015fkan\u0131 Osman Alcan, Esnaf ve Sanatk\u00e2rlar Odas\u0131 Ba\u015fkan\u0131 H\u00fcseyin Ka\u00e7arlar, S\u00fct \u00dcreticileri Birli\u011fi Ba\u015fkan\u0131 Osman Turgutlugil ile Tekirda\u011f Ticaret ve Sanayi Odas\u0131 Y\u00f6netim Kurulu Ba\u015fkan\u0131 Tevfik Yamano\u011flu ve y\u00f6netimleri ziyaret edildi.<\/p>\n<p>Ger\u00e7ekle\u015ftirilen g\u00f6r\u00fc\u015fmelerde esnaf ve \u00fcreticilerin talepleri dinlenirken, kentin ekonomik geli\u015fimi, yerel \u00fcretimin g\u00fc\u00e7lendirilmesi ve i\u015f d\u00fcnyas\u0131n\u0131n beklentileri \u00fczerine de\u011ferlendirmelerde bulunuldu.<\/p>\n<p><b>57. Alay Malkara\u2019da Kar\u015f\u0131land\u0131<\/b><\/p>\n<p>\u0130ftar program\u0131 \u00f6ncesinde, \u00c7anakkale Sava\u015f\u0131\u2019nda g\u00f6sterdi\u011fi kahramanl\u0131kla tarihe ge\u00e7en 57. Alay\u2019\u0131 anma y\u00fcr\u00fcy\u00fc\u015f\u00fc kapsam\u0131nda Malkara\u2019ya ula\u015fan kat\u0131l\u0131mc\u0131lar d\u00fczenlenen programla kar\u015f\u0131land\u0131.<\/p>\n<p>Ger\u00e7ekle\u015ftirilen kar\u015f\u0131lama program\u0131nda birlik ve beraberlik vurgusu yap\u0131l\u0131rken, \u00c7anakkale ruhunun gelecek nesillere aktar\u0131lmas\u0131n\u0131n \u00f6nemine dikkat \u00e7ekildi<b>.<\/b><\/p>\n<p><b>Tekirda\u011f B\u00fcy\u00fck\u015fehir Belediye\u2019sinden \u0130ftar Program\u0131<\/b><\/p>\n<p>Program\u0131n sonunda ise Tekirda\u011f B\u00fcy\u00fck\u015fehir Belediyesi taraf\u0131ndan d\u00fczenlenen iftar program\u0131nda vatanda\u015flarla bir araya gelindi. Yo\u011fun kat\u0131l\u0131m\u0131n oldu\u011fu iftar program\u0131nda Ramazan ay\u0131n\u0131n birlik, beraberlik ve dayan\u0131\u015fma ruhuna vurgu yap\u0131ld\u0131.<\/p>\n<p>Ger\u00e7ekle\u015ftirilen a\u00e7\u0131l\u0131\u015f, ziyaretler ve iftar program\u0131 ile il\u00e7ede hem sosyal belediyecilik uygulamalar\u0131 hem de yerel payda\u015flarla i\u015f birli\u011fi mesaj\u0131 \u00f6n plana \u00e7\u0131kt\u0131. Malkara Belediye Ba\u015fkan\u0131 Nergiz Karaa\u011fa\u00e7l\u0131 \u00d6zt\u00fcrk ise il\u00e7enin geli\u015fimi i\u00e7in durmadan \u00e7al\u0131\u015fmaya devam edeceklerini ifade etti.<\/p>\n<p>Kaynak: (BYZHA) Beyaz Haber Ajans\u0131<\/p>\n","protected":false},"excerpt":{"rendered":"<p>Tekirda\u011f B\u00fcy\u00fck\u015fehir Belediye Ba\u015fkan\u0131 Candan Y\u00fcceer\u2019in kat\u0131l\u0131m\u0131yla Malkara\u2019da a\u00e7\u0131l\u0131\u015f, ziyaretler ve iftar programlar\u0131n\u0131 kapsayan yo\u011fun bir program ger\u00e7ekle\u015ftirildi.<\/p>\n","protected":false},"author":1,"featured_media":3713,"comment_status":"open","ping_status":"open","sticky":false,"template":"","format":"standard","meta":{"footnotes":""},"categories":[21],"tags":[],"class_list":["post-3712","post","type-post","status-publish","format-standard","has-post-thumbnail","hentry","category-gundem"],"_links":{"self":[{"href":"https:\/\/busondakika.com.tr\/index.php?rest_route=\/wp\/v2\/posts\/3712","targetHints":{"allow":["GET"]}}],"collection":[{"href":"https:\/\/busondakika.com.tr\/index.php?rest_route=\/wp\/v2\/posts"}],"about":[{"href":"https:\/\/busondakika.com.tr\/index.php?rest_route=\/wp\/v2\/types\/post"}],"author":[{"embeddable":true,"href":"https:\/\/busondakika.com.tr\/index.php?rest_route=\/wp\/v2\/users\/1"}],"replies":[{"embeddable":true,"href":"https:\/\/busondakika.com.tr\/index.php?rest_route=%2Fwp%2Fv2%2Fcomments&post=3712"}],"version-history":[{"count":1,"href":"https:\/\/busondakika.com.tr\/index.php?rest_route=\/wp\/v2\/posts\/3712\/revisions"}],"predecessor-version":[{"id":3714,"href":"https:\/\/busondakika.com.tr\/index.php?rest_route=\/wp\/v2\/posts\/3712\/revisions\/3714"}],"wp:featuredmedia":[{"embeddable":true,"href":"https:\/\/busondakika.com.tr\/index.php?rest_route=\/wp\/v2\/media\/3713"}],"wp:attachment":[{"href":"https:\/\/busondakika.com.tr\/index.php?rest_route=%2Fwp%2Fv2%2Fmedia&parent=3712"}],"wp:term":[{"taxonomy":"category","embeddable":true,"href":"https:\/\/busondakika.com.tr\/index.php?rest_route=%2Fwp%2Fv2%2Fcategories&post=3712"},{"taxonomy":"post_tag","embeddable":true,"href":"https:\/\/busondakika.com.tr\/index.php?rest_route=%2Fwp%2Fv2%2Ftags&post=3712"}],"curies":[{"name":"wp","href":"https:\/\/api.w.org\/{rel}","templated":true}]}}