{"id":3715,"date":"2026-03-15T10:15:17","date_gmt":"2026-03-15T10:15:17","guid":{"rendered":"https:\/\/busondakika.com.tr\/?p=3715"},"modified":"2026-03-15T10:15:18","modified_gmt":"2026-03-15T10:15:18","slug":"osmangazi-belediyesi-engel-tanimayan-yureklerle-milli-ruhu-yansitti","status":"publish","type":"post","link":"https:\/\/busondakika.com.tr\/?p=3715","title":{"rendered":"Osmangazi Belediyesi Engel Tan\u0131mayan Y\u00fcreklerle Milli Ruhu Yans\u0131tt\u0131"},"content":{"rendered":"<p> Osmangazi Belediyesi\u2019nin d\u00fczenledi\u011fi anlaml\u0131 etkinlikte engelli \u00e7ocuklar, \u0130stiklal Mar\u015f\u0131&#8217;n\u0131n Kabul\u00fc\u2019n\u00fcn 105. y\u0131l\u0131 ve \u00c7anakkale Zaferi\u2019nin 111. y\u0131l\u0131 an\u0131s\u0131na sahne ald\u0131. Ay-y\u0131ld\u0131z koreografisi, piyes ve t\u00fcrk\u00fclerle izleyenlere duygu dolu anlar ya\u015fatan program, milli birlik ve dayan\u0131\u015fma ruhunu bir kez daha ortaya koydu.<\/p>\n<p>Engelli bireylerin sosyal hayata daha aktif kat\u0131l\u0131m\u0131n\u0131 sa\u011flama amac\u0131yla \u00e7al\u0131\u015fmalar\u0131n\u0131 yo\u011fun bir \u015fekilde s\u00fcrd\u00fcren Osmangazi Belediyesi, Osmangazi Kent Konseyi Engelliler Meclisi ile anlam dolu bir etkinli\u011fe imza att\u0131. \u0130stiklal Mar\u015f\u0131&#8217;n\u0131n Kabul\u00fc\u2019n\u00fcn 105. y\u0131l d\u00f6n\u00fcm\u00fc ile \u00c7anakkale Zaferi\u2019nin 111. y\u0131l d\u00f6n\u00fcm\u00fc dolay\u0131s\u0131yla \u00d6rdekli K\u00fclt\u00fcr Merkezi\u2019nde d\u00fczenlenen programda engelli \u00e7ocuklar ve bireyler sahne alarak izleyenlere unutulmaz anlar ya\u015fatt\u0131. Milli birlik ve beraberlik ruhunun g\u00fc\u00e7l\u00fc bir \u015fekilde hissedildi\u011fi etkinlikte engelli \u00e7ocuklar, \u00f6zel olarak haz\u0131rlad\u0131klar\u0131 anlaml\u0131 g\u00f6steriyle b\u00fcy\u00fck be\u011feni toplad\u0131. Program kapsam\u0131nda \u00e7ocuklar, ellerinde ta\u015f\u0131d\u0131klar\u0131 ay ve y\u0131ld\u0131z fig\u00fcrleriyle T\u00fcrk bayra\u011f\u0131n\u0131 sembolize eden koreografik bir g\u00f6steri sergiledi. Sahnedeki g\u00f6r\u00fcnt\u00fcler izleyenlere hem gurur hem de duygu dolu anlar ya\u015fat\u0131rken, salonu dolduran vatanda\u015flar \u00e7ocuklar\u0131 uzun s\u00fcre alk\u0131\u015flad\u0131. Etkinlikte ayn\u0131 zamanda tarih ve vefa duygusunun g\u00fc\u00e7l\u00fc bir anlat\u0131m\u0131 da sahnelendi. Engelli bireyler taraf\u0131ndan haz\u0131rlanan ve \u00c7anakkale Zaferi\u2019nin ruhunu yans\u0131tan piyes, izleyicilerden tam not ald\u0131. Piyeste, vatan u\u011fruna verilen m\u00fccadele, fedakarl\u0131k ve kahramanl\u0131k duygular\u0131 etkileyici bir \u015fekilde anlat\u0131ld\u0131. Program, m\u00fczik dinletileriyle devam etti. \u0130brahim Parlak ve Berfin \u00d6zdal, seslendirdikleri t\u00fcrk\u00fclerle izleyenlerin y\u00fcre\u011fine dokundu. Duygu dolu eserler e\u015fli\u011finde salonu kaplayan atmosfer, milli de\u011ferlerin ve dayan\u0131\u015fma ruhunun en g\u00fczel \u00f6rneklerinden birini ortaya koydu.<\/p>\n<p><b>\u201cB\u00fcy\u00fck Bir Motivasyonla \u00c7al\u0131\u015fmaya Devam Edece\u011fiz\u201d<\/b><\/p>\n<p>Osmangazi Kent Konseyi Engelliler Meclisi Ba\u015fkan\u0131 Orhan Koca, g\u00f6reve geldikleri ilk g\u00fcnden itibaren b\u00fcy\u00fck bir motivasyonla \u00e7al\u0131\u015ft\u0131klar\u0131n\u0131 kaydetti. Ba\u015fkan Koca, \u201cE\u011fitimde, istihdamda, k\u00fclt\u00fcrel, sporsal faaliyetlerde Osmangazi Belediye Ba\u015fkan\u0131m\u0131z Erkan Ayd\u0131n\u2019\u0131n destekleriyle \u00e7al\u0131\u015fmalar\u0131m\u0131za ad\u0131m ad\u0131m devam ediyoruz, devam edece\u011fiz. Bu ak\u015fam\u0131n haz\u0131rlanmas\u0131nda eme\u011fi ge\u00e7en herkese \u00e7ok te\u015fekk\u00fcr ediyorum. Bundan sonraki s\u00fcre\u00e7lerde Osmangazi Engelliler Meclisi olarak 17 il\u00e7emizin her birinde engelli bireylerin hayat\u0131n her alan\u0131nda sadece aktif olabilmeleri de\u011fil, s\u00f6z sahibi de olabilmeleri ad\u0131na b\u00fcy\u00fck bir motivasyonla \u00e7al\u0131\u015fmaya devam edece\u011fiz.\u201d ifadelerini kulland\u0131.<\/p>\n<p><b>Duygu Dolu Anlar Ya\u015fatt\u0131lar<\/b><\/p>\n<p>Etkinli\u011fi izleyen CHP Osmangazi \u0130l\u00e7e Ba\u015fkan\u0131 Ra\u015fit G\u00fcrb\u00fcz de, \u201cToplumda ya\u015fayan t\u00fcm unsurlar\u0131n ihtiya\u00e7lar\u0131 kar\u015f\u0131lan\u0131rsa, huzurlu olursa, ak\u015fam yatt\u0131\u011f\u0131nda mutluysa, o zaman gelece\u011fe g\u00fcvenle bakar. Sizler de bu g\u00fcler y\u00fczlerle, bu sevgi dolu ya\u015fam ile, bu kadar g\u00fczel \u00e7ocuklar\u0131m\u0131zla birlikte onu tamamlam\u0131\u015fs\u0131n\u0131z, sizleri kutluyorum.\u201d \u015feklinde konu\u015ftu.<\/p>\n<p>Osmangazi Kent Konseyi Engelliler Meclisi E\u011fitmeni H. Ece K\u00fc\u00e7\u00fck ise, \u201c\u0130stiklal Mar\u015f\u0131, bir milletin ba\u011f\u0131ms\u0131z ya\u015fama kararl\u0131l\u0131\u011f\u0131n\u0131n g\u00fc\u00e7l\u00fc bir ifadesidir. B\u00fcy\u00fck \u015fairimiz Mehmet Akif Ersoy\u2019a, bu e\u015fsiz eseri bizlere miras b\u0131rakt\u0131\u011f\u0131 i\u00e7in sonsuz rahmet diliyoruz. 18 Mart ise tarihimizin en b\u00fcy\u00fck destanlar\u0131ndan biridir. Cesaret, fedakarl\u0131k, birlik olman\u0131n ne demek oldu\u011funu d\u00fcnyaya g\u00f6sterdi\u011fimiz bir g\u00fcnd\u00fcr.\u201d diye konu\u015ftu.<\/p>\n<p>Program boyunca engelli bireyler, sergiledikleri performanslarla duygu dolu anlar ya\u015fatt\u0131. Etkinli\u011fin sonunda protokol \u00fcyeleri, Osmangazi Kent Konseyi Engelliler Meclisi \u00fcyeleri ve engelli bireyler, g\u00fcn\u00fcn an\u0131s\u0131na hat\u0131ra karesinde yeniden bir araya gelerek, sevgiyle dolan bir b\u00fct\u00fcnle\u015fme mesaj\u0131 verdi.<\/p>\n<p>Kaynak: (BYZHA) Beyaz Haber Ajans\u0131<\/p>\n","protected":false},"excerpt":{"rendered":"<p>Osmangazi Belediyesi\u2019nin d\u00fczenledi\u011fi anlaml\u0131 etkinlikte engelli \u00e7ocuklar, \u0130stiklal Mar\u015f\u0131&#8217;n\u0131n Kabul\u00fc\u2019n\u00fcn 105.<\/p>\n","protected":false},"author":1,"featured_media":3716,"comment_status":"open","ping_status":"open","sticky":false,"template":"","format":"standard","meta":{"footnotes":""},"categories":[20],"tags":[],"class_list":["post-3715","post","type-post","status-publish","format-standard","has-post-thumbnail","hentry","category-kultur-sanat"],"_links":{"self":[{"href":"https:\/\/busondakika.com.tr\/index.php?rest_route=\/wp\/v2\/posts\/3715","targetHints":{"allow":["GET"]}}],"collection":[{"href":"https:\/\/busondakika.com.tr\/index.php?rest_route=\/wp\/v2\/posts"}],"about":[{"href":"https:\/\/busondakika.com.tr\/index.php?rest_route=\/wp\/v2\/types\/post"}],"author":[{"embeddable":true,"href":"https:\/\/busondakika.com.tr\/index.php?rest_route=\/wp\/v2\/users\/1"}],"replies":[{"embeddable":true,"href":"https:\/\/busondakika.com.tr\/index.php?rest_route=%2Fwp%2Fv2%2Fcomments&post=3715"}],"version-history":[{"count":1,"href":"https:\/\/busondakika.com.tr\/index.php?rest_route=\/wp\/v2\/posts\/3715\/revisions"}],"predecessor-version":[{"id":3717,"href":"https:\/\/busondakika.com.tr\/index.php?rest_route=\/wp\/v2\/posts\/3715\/revisions\/3717"}],"wp:featuredmedia":[{"embeddable":true,"href":"https:\/\/busondakika.com.tr\/index.php?rest_route=\/wp\/v2\/media\/3716"}],"wp:attachment":[{"href":"https:\/\/busondakika.com.tr\/index.php?rest_route=%2Fwp%2Fv2%2Fmedia&parent=3715"}],"wp:term":[{"taxonomy":"category","embeddable":true,"href":"https:\/\/busondakika.com.tr\/index.php?rest_route=%2Fwp%2Fv2%2Fcategories&post=3715"},{"taxonomy":"post_tag","embeddable":true,"href":"https:\/\/busondakika.com.tr\/index.php?rest_route=%2Fwp%2Fv2%2Ftags&post=3715"}],"curies":[{"name":"wp","href":"https:\/\/api.w.org\/{rel}","templated":true}]}}