{"id":3718,"date":"2026-03-15T12:59:45","date_gmt":"2026-03-15T12:59:45","guid":{"rendered":"https:\/\/busondakika.com.tr\/?p=3718"},"modified":"2026-03-15T12:59:47","modified_gmt":"2026-03-15T12:59:47","slug":"izmirde-geri-donusum-atagi-evlerden-sanayiye-yayiliyor","status":"publish","type":"post","link":"https:\/\/busondakika.com.tr\/?p=3718","title":{"rendered":"\u0130zmir\u2019de geri d\u00f6n\u00fc\u015f\u00fcm ata\u011f\u0131 evlerden sanayiye yay\u0131l\u0131yor"},"content":{"rendered":"<p> \u0130zmir B\u00fcy\u00fck\u015fehir Belediyesi ve \u0130zdo\u011fa A\u015e i\u015f birli\u011fiyle y\u00fcr\u00fct\u00fclen \u201cD\u00f6n\u00fc\u015f\u00fcme Evde Ba\u015fla\u201d projesine, Moda Tekstil Konfeksiyoncular\u0131 (MTK) Sitesi de kat\u0131ld\u0131. \u0130zmir B\u00fcy\u00fck\u015fehir Belediye Ba\u015fkan\u0131 Dr. Cemil Tugay\u2019\u0131n ziyareti s\u0131ras\u0131nda g\u00fcndeme gelen proje, mavi po\u015fetlerin da\u011f\u0131t\u0131lmas\u0131yla ba\u015flad\u0131.\u00a0<\/p>\n<p>\u0130zmir B\u00fcy\u00fck\u015fehir Belediye Ba\u015fkan\u0131 Dr. Cemil Tugay\u2019\u0131n g\u00f6reve gelmesinin ard\u0131ndan \u0130zmir B\u00fcy\u00fck\u015fehir Belediyesi ve \u0130zdo\u011fa A\u015e i\u015f birli\u011fiyle \u0130zmir\u2019de de hayata ge\u00e7irilen D\u00f6n\u00fc\u015f\u00fcme Evde Ba\u015fla projesi, kent genelinde yayg\u0131nla\u015fmaya devam ediyor. \u0130lk etapta 6 il\u00e7e ve 8 mahallede ba\u015flat\u0131lan kap\u0131dan kap\u0131ya at\u0131k toplama uygulamas\u0131, art\u0131k 8 il\u00e7edeki toplam 27 mahallede s\u00fcrd\u00fcr\u00fcl\u00fcyor. Projeye, Ba\u015fkan Tugay\u2019\u0131n ziyaretinin ard\u0131ndan Moda Tekstil Konfeksiyoncular\u0131 Sitesi de dahil oldu.<\/p>\n<p><strong>Manc\u0131: Katk\u0131 sa\u011flamay\u0131 \u00e7ok istiyoruz<\/strong><\/p>\n<p>MTK Sitesi Y\u00f6netim Kurulu Ba\u015fkan\u0131 \u00d6mer Manc\u0131, \u201cBuras\u0131 820 bin metrekare, 755 tane binam\u0131z var, yakla\u015f\u0131k bin 100 civar\u0131nda da firmam\u0131z bulunmakta. 18 bin \u00e7al\u0131\u015fan var, olduk\u00e7a \u00e7ok ambalaj at\u0131\u011f\u0131 \u00e7\u0131k\u0131yor. \u0130n\u015fallah bu projede ba\u015far\u0131l\u0131 olaca\u011f\u0131z. Katk\u0131 sa\u011flamay\u0131 \u00e7ok istiyoruz\u201d \u015feklinde konu\u015ftu.<\/p>\n<p><strong>\u015eens\u00f6z: \u00c7ok heyecanland\u0131k<\/strong><\/p>\n<p>MTK\u2019da faaliyet g\u00f6steren ve geri d\u00f6n\u00fc\u015f\u00fcm alan\u0131nda \u00e7al\u0131\u015fan Ali \u015eens\u00f6z, \u201cProjeyle ilgili \u00e7ok heyecanland\u0131k. Ba\u015fkan Cemil Tugay bu konuyu \u00e7ok \u00f6nemsiyor. Biz de ona destek olmaya haz\u0131r\u0131z. At\u0131klar\u0131n bertaraf edilmesi \u00e7ok \u00f6nemli. Evlerde ba\u015flayan bu projeye i\u015f yerleri ve sanayi sitelerinin katk\u0131 vermesini de\u011ferli buluyorum. M\u00fcthi\u015f bir enerji de g\u00f6rd\u00fck\u201d diye konu\u015ftu.<\/p>\n<p><strong>Ba\u015fkan Tugay iste\u011fe kay\u0131ts\u0131z kalmad\u0131<\/strong><\/p>\n<p>\u0130zmir B\u00fcy\u00fck\u015fehir Belediye Ba\u015fkan\u0131 Dr. Cemil Tugay, Moda Tekstil Konfeksiyoncular\u0131 Sitesi\u2019ni ziyaretinde \u201cD\u00f6n\u00fc\u015f\u00fcme Evde Ba\u015fla\u201d projesinin burada da uygulanabilece\u011fini belirtmi\u015f, plastik, k\u00e2\u011f\u0131t ve metal at\u0131klar\u0131n kayna\u011f\u0131nda ayr\u0131\u015ft\u0131r\u0131lmas\u0131n\u0131n \u00f6nemine dikkat \u00e7ekmi\u015fti. Toplama sisteminde \u00f6zel po\u015fetler kulland\u0131klar\u0131n\u0131 ifade eden Tugay, \u201cToplanan at\u0131klar i\u00e7indeki uygunsuz at\u0131k oran\u0131 y\u00fczde 1\u2019in alt\u0131nda. Ekiplerimiz haftada bir ya da iki g\u00fcn toplama yap\u0131yor. Biz size po\u015fetleri veririz, siz biriktirip bize teslim edersiniz\u201d ifadelerini kullanm\u0131\u015ft\u0131.<\/p>\n<p><strong>Ekonomiye kazand\u0131r\u0131l\u0131yor<\/strong><\/p>\n<p>\u0130zmir B\u00fcy\u00fck\u015fehir Belediye Ba\u015fkan\u0131 Dr. Cemil Tugay\u2019\u0131n g\u00f6reve gelmesinin ard\u0131ndan, 7 Mart 2025\u2019te 6 il\u00e7e 8 mahallede ba\u015flayan D\u00f6n\u00fc\u015f\u00fcme Evde Ba\u015fla projesi b\u00fcy\u00fcyerek devam ediyor. Projeyle ambalaj at\u0131klar\u0131 evlerden toplanarak ekonomiye kazand\u0131r\u0131l\u0131yor.<\/p>\n<p>Avrupa \u00fclkelerinin \u00f6nc\u00fcl\u00fck etti\u011fi kap\u0131dan kap\u0131ya at\u0131k toplama uygulamas\u0131n\u0131 Karaba\u011flar, Narl\u0131dere, Menderes, Bornova, Bayrakl\u0131 ve Konak\u2019ta ba\u015flatan \u0130zmir B\u00fcy\u00fck\u015fehir Belediyesi ve \u0130ZDO\u011eA, s\u00fcre\u00e7 i\u00e7inde kapsama alan\u0131n\u0131 8 il\u00e7e ve 27 mahalleye \u00e7\u0131kartt\u0131. Projeyle; kat\u0131 at\u0131k depolama alanlar\u0131na giden ambalaj at\u0131klar\u0131n\u0131n azalt\u0131lmas\u0131, s\u0131f\u0131r karbon hedefine ula\u015f\u0131lmas\u0131, \u00e7evrenin korunmas\u0131 ve at\u0131klar\u0131n tekrar ekonomiye kazand\u0131r\u0131lmas\u0131 hedefleniyor.<\/p>\n<p>Proje kapsam\u0131nda, \u00fczerinde QR kod bulunan mavi renkli po\u015fetler kap\u0131 kap\u0131 dola\u015f\u0131larak vatanda\u015flara da\u011f\u0131t\u0131l\u0131yor. Da\u011f\u0131t\u0131lan po\u015fetler haftal\u0131k olarak evlerden al\u0131n\u0131yor ve ambalaj at\u0131klar\u0131 \u0130zD\u00f6n\u00fc\u015f\u00fcm Fabrikas\u0131\u2019nda t\u00fcr\u00fcne g\u00f6re ayr\u0131\u015ft\u0131r\u0131l\u0131yor.<\/p>\n<p>Kaynak: (BYZHA) Beyaz Haber Ajans\u0131<\/p>\n","protected":false},"excerpt":{"rendered":"<p>\u0130zmir B\u00fcy\u00fck\u015fehir Belediyesi ve \u0130zdo\u011fa A\u015e i\u015f birli\u011fiyle y\u00fcr\u00fct\u00fclen \u201cD\u00f6n\u00fc\u015f\u00fcme Evde Ba\u015fla\u201d projesine, Moda Tekstil Konfeksiyoncular\u0131 (MTK) Sitesi de kat\u0131ld\u0131.<\/p>\n","protected":false},"author":1,"featured_media":3719,"comment_status":"open","ping_status":"open","sticky":false,"template":"","format":"standard","meta":{"footnotes":""},"categories":[21],"tags":[],"class_list":["post-3718","post","type-post","status-publish","format-standard","has-post-thumbnail","hentry","category-gundem"],"_links":{"self":[{"href":"https:\/\/busondakika.com.tr\/index.php?rest_route=\/wp\/v2\/posts\/3718","targetHints":{"allow":["GET"]}}],"collection":[{"href":"https:\/\/busondakika.com.tr\/index.php?rest_route=\/wp\/v2\/posts"}],"about":[{"href":"https:\/\/busondakika.com.tr\/index.php?rest_route=\/wp\/v2\/types\/post"}],"author":[{"embeddable":true,"href":"https:\/\/busondakika.com.tr\/index.php?rest_route=\/wp\/v2\/users\/1"}],"replies":[{"embeddable":true,"href":"https:\/\/busondakika.com.tr\/index.php?rest_route=%2Fwp%2Fv2%2Fcomments&post=3718"}],"version-history":[{"count":1,"href":"https:\/\/busondakika.com.tr\/index.php?rest_route=\/wp\/v2\/posts\/3718\/revisions"}],"predecessor-version":[{"id":3720,"href":"https:\/\/busondakika.com.tr\/index.php?rest_route=\/wp\/v2\/posts\/3718\/revisions\/3720"}],"wp:featuredmedia":[{"embeddable":true,"href":"https:\/\/busondakika.com.tr\/index.php?rest_route=\/wp\/v2\/media\/3719"}],"wp:attachment":[{"href":"https:\/\/busondakika.com.tr\/index.php?rest_route=%2Fwp%2Fv2%2Fmedia&parent=3718"}],"wp:term":[{"taxonomy":"category","embeddable":true,"href":"https:\/\/busondakika.com.tr\/index.php?rest_route=%2Fwp%2Fv2%2Fcategories&post=3718"},{"taxonomy":"post_tag","embeddable":true,"href":"https:\/\/busondakika.com.tr\/index.php?rest_route=%2Fwp%2Fv2%2Ftags&post=3718"}],"curies":[{"name":"wp","href":"https:\/\/api.w.org\/{rel}","templated":true}]}}