{"id":3721,"date":"2026-03-15T12:59:47","date_gmt":"2026-03-15T12:59:47","guid":{"rendered":"https:\/\/busondakika.com.tr\/?p=3721"},"modified":"2026-03-15T12:59:48","modified_gmt":"2026-03-15T12:59:48","slug":"gorme-engellilere-yonelik-turgok-15-oyku-yarismasi-basliyor","status":"publish","type":"post","link":"https:\/\/busondakika.com.tr\/?p=3721","title":{"rendered":"G\u00f6rme engellilere y\u00f6nelik T\u00dcRG\u00d6K 15. \u00d6yk\u00fc Yar\u0131\u015fmas\u0131 ba\u015fl\u0131yor"},"content":{"rendered":"<p> T\u00fcrkiye G\u00f6rme \u00d6z\u00fcrl\u00fcler Kitapl\u0131\u011f\u0131 (T\u00dcRG\u00d6K) ve \u0130zmir B\u00fcy\u00fck\u015fehir Belediyesi, K\u00fct\u00fcphane Haftas\u0131 kapsam\u0131nda \u00f6d\u00fcll\u00fc T\u00dcRG\u00d6K 15. \u00d6yk\u00fc Yar\u0131\u015fmas\u0131 d\u00fczenliyor. \u0130ki ayr\u0131 kategoride yap\u0131lacak yar\u0131\u015fman\u0131n son ba\u015fvuru tarihi ise 31 Mart olarak belirlendi.<\/p>\n<p>T\u00fcrkiye G\u00f6rme \u00d6z\u00fcrl\u00fcler Kitapl\u0131\u011f\u0131 ve \u0130zmir B\u00fcy\u00fck\u015fehir Belediyesi Engelli \u00c7al\u0131\u015fmalar\u0131 \u015eube M\u00fcd\u00fcrl\u00fc\u011f\u00fc taraf\u0131ndan K\u00fct\u00fcphane Haftas\u0131 kapsam\u0131nda g\u00f6rme engellilere y\u00f6nelik T\u00dcRG\u00d6K 15. \u00d6yk\u00fc Yar\u0131\u015fmas\u0131 yap\u0131lacak. Son ba\u015fvuru tarihinin 31 Mart olarak belirlendi\u011fi yar\u0131\u015fmayla ilgili bilgi i\u00e7in\u00a0turgok.org\u00a0adresi ziyaret edilebiliyor.<\/p>\n<p><strong>Kat\u0131l\u0131m ko\u015fullar\u0131<\/strong><\/p>\n<p>Yar\u0131\u015fma i\u00e7in kat\u0131l\u0131m ko\u015fullar\u0131 da belirlendi. Buna g\u00f6re her yar\u0131\u015fmac\u0131 bir \u00f6yk\u00fc ile kat\u0131labilecek. Yar\u0131\u015fmac\u0131; kimli\u011fini, a\u00e7\u0131k adresini, telefon numaras\u0131n\u0131, k\u0131sa ya\u015fam \u00f6yk\u00fcs\u00fcn\u00fc e-mailine veya eserini g\u00f6nderdi\u011fi zarfa ekleyecek. Yar\u0131\u015fma, \u201cYeti\u015fkin\u201d ve \u201cGen\u00e7\u201d olmak \u00fczere iki ayr\u0131 kategoride d\u00fczenlenecek. \u201cGen\u00e7\u201d kategorisine 9-14 ya\u015f, \u201cYeti\u015fkin\u201d kategorisine ise 15 ya\u015f \u00fcst\u00fc ki\u015filer kat\u0131labiliyor. \u201cYeti\u015fkin\u201d kategorisinin konusu \u201cHarekete Kimse Mani Olamaz\u2026 \u00c2\u015f\u0131k Veysel\u201d, \u201cGen\u00e7\u201d kategorisinin konusu ise \u201c\u00c7ikolata Meselesi\u201d olacak.<\/p>\n<p><strong>\u00d6d\u00fcl verilecek<\/strong><\/p>\n<p>\u201cYeti\u015fkin\u201d ve \u201cGen\u00e7\u201d kategorilerinde birincilik \u00f6d\u00fcl\u00fc\u00a030 bin TL, ikincilik \u00f6d\u00fcl\u00fc 20 bin TL, \u00fc\u00e7\u00fcnc\u00fcl\u00fck \u00f6d\u00fcl\u00fc 15 bin TL, \u00d6zendirme \u00d6d\u00fcl\u00fc ve G\u00fcltekin Yazgan \u00d6zel \u00d6d\u00fcl\u00fc ise 10 bin TL olacak.\u00a0 \u00a0 \u00a0 \u00a0 \u00a0 \u00a0 \u00a0 \u00a0 \u00a0 \u00a0 \u00a0 \u00a0 \u00a0 \u00a0 \u00a0 \u00a0 \u00a0 \u00a0 \u00a0 \u00a0 \u00a0<\/p>\n<p>Kaynak: (BYZHA) Beyaz Haber Ajans\u0131<\/p>\n","protected":false},"excerpt":{"rendered":"<p>T\u00fcrkiye G\u00f6rme \u00d6z\u00fcrl\u00fcler Kitapl\u0131\u011f\u0131 (T\u00dcRG\u00d6K) ve \u0130zmir B\u00fcy\u00fck\u015fehir Belediyesi, K\u00fct\u00fcphane Haftas\u0131 kapsam\u0131nda \u00f6d\u00fcll\u00fc T\u00dcRG\u00d6K 15.<\/p>\n","protected":false},"author":1,"featured_media":3722,"comment_status":"open","ping_status":"open","sticky":false,"template":"","format":"standard","meta":{"footnotes":""},"categories":[21],"tags":[],"class_list":["post-3721","post","type-post","status-publish","format-standard","has-post-thumbnail","hentry","category-gundem"],"_links":{"self":[{"href":"https:\/\/busondakika.com.tr\/index.php?rest_route=\/wp\/v2\/posts\/3721","targetHints":{"allow":["GET"]}}],"collection":[{"href":"https:\/\/busondakika.com.tr\/index.php?rest_route=\/wp\/v2\/posts"}],"about":[{"href":"https:\/\/busondakika.com.tr\/index.php?rest_route=\/wp\/v2\/types\/post"}],"author":[{"embeddable":true,"href":"https:\/\/busondakika.com.tr\/index.php?rest_route=\/wp\/v2\/users\/1"}],"replies":[{"embeddable":true,"href":"https:\/\/busondakika.com.tr\/index.php?rest_route=%2Fwp%2Fv2%2Fcomments&post=3721"}],"version-history":[{"count":1,"href":"https:\/\/busondakika.com.tr\/index.php?rest_route=\/wp\/v2\/posts\/3721\/revisions"}],"predecessor-version":[{"id":3723,"href":"https:\/\/busondakika.com.tr\/index.php?rest_route=\/wp\/v2\/posts\/3721\/revisions\/3723"}],"wp:featuredmedia":[{"embeddable":true,"href":"https:\/\/busondakika.com.tr\/index.php?rest_route=\/wp\/v2\/media\/3722"}],"wp:attachment":[{"href":"https:\/\/busondakika.com.tr\/index.php?rest_route=%2Fwp%2Fv2%2Fmedia&parent=3721"}],"wp:term":[{"taxonomy":"category","embeddable":true,"href":"https:\/\/busondakika.com.tr\/index.php?rest_route=%2Fwp%2Fv2%2Fcategories&post=3721"},{"taxonomy":"post_tag","embeddable":true,"href":"https:\/\/busondakika.com.tr\/index.php?rest_route=%2Fwp%2Fv2%2Ftags&post=3721"}],"curies":[{"name":"wp","href":"https:\/\/api.w.org\/{rel}","templated":true}]}}