{"id":3733,"date":"2026-03-15T13:25:52","date_gmt":"2026-03-15T13:25:52","guid":{"rendered":"https:\/\/busondakika.com.tr\/?p=3733"},"modified":"2026-03-15T13:25:53","modified_gmt":"2026-03-15T13:25:53","slug":"baskan-kinaydan-guclu-kadin-guclu-toplum-vurgusu","status":"publish","type":"post","link":"https:\/\/busondakika.com.tr\/?p=3733","title":{"rendered":"Ba\u015fkan K\u0131nay\u2019dan \u201cG\u00fc\u00e7l\u00fc Kad\u0131n, G\u00fc\u00e7l\u00fc Toplum\u201d Vurgusu"},"content":{"rendered":"<p> Karaba\u011flar Belediye Ba\u015fkan\u0131 Helil K\u0131nay, Atlas Sa\u011fl\u0131k E\u011fitim Vakf\u0131 taraf\u0131ndan d\u00fczenlenen \u201cG\u00fc\u00e7l\u00fc Kad\u0131n, G\u00fc\u00e7l\u00fc Toplum\u201d etkinli\u011finde kad\u0131n haklar\u0131, toplumsal e\u015fitlik ve dayan\u0131\u015fma mesajlar\u0131 verdi. K\u0131nay, Karaba\u011flar\u2019daki \u00e7al\u0131\u015fmalar\u0131 anlatarak yapt\u0131klar\u0131 etkinlik ve projelerle il\u00e7ede ezberleri bozmay\u0131, kad\u0131n eme\u011fini g\u00f6r\u00fcn\u00fcr k\u0131lmay\u0131 ve hayat\u0131 de\u011fi\u015ftirmeyi ama\u00e7lad\u0131klar\u0131n\u0131 vurgulad\u0131.<\/p>\n<p><b>Kad\u0131n ve Siyaset Konu\u015fuldu<\/b><\/p>\n<p>\u0130zmir Ticaret Odas\u0131 salonunda ger\u00e7ekle\u015ftirilen etkinlikte \u201cKad\u0131n ve Siyaset\u201d ba\u015fl\u0131\u011f\u0131nda konu\u015fan K\u0131nay, kad\u0131nlar\u0131n toplumun her alan\u0131nda seslerini duyurmas\u0131n\u0131n \u00f6nemine dikkat \u00e7ekti.<\/p>\n<p>Kad\u0131n-erkek meselesi de\u011fil, toplumsal e\u015fitlik meselesidir diyen K\u0131nay, Kad\u0131nlar toplumsal m\u00fccadelede \u00f6nc\u00fc ve seslerini her alanda duyuruyor. T\u00fcrkiye&#8217;nin d\u00f6rt bir yan\u0131nda kad\u0131nlar toplumun her alan\u0131nda aktif rol al\u0131yor\u201d Bu seslerin ve g\u00fcc\u00fcn g\u00f6r\u00fcn\u00fcr olmas\u0131 gerekiyor&#8221; dedi<\/p>\n<p><b>Karaba\u011flar\u2019daki Sosyal Sorunlara Dikkat \u00c7ekti<\/b><\/p>\n<p>Karaba\u011flar\u2019daki sosyal ve ekonomik sorunlara da de\u011finen Ba\u015fkan K\u0131nay, il\u00e7ede kad\u0131nlar\u0131n yoksulluk, i\u015fsizlik ve sosyal adaletsizlikle kar\u015f\u0131 kar\u015f\u0131ya oldu\u011funu ifade etti.<\/p>\n<p>\u201cEngelli bireyler, \u00e7ocuklar ve kad\u0131nlar i\u00e7in yap\u0131lan \u00e7al\u0131\u015fmalarla sorunlar\u0131 g\u00f6r\u00fcn\u00fcr k\u0131l\u0131yoruz. Kad\u0131nlar\u0131n g\u00fc\u00e7lenmesi, toplumsal de\u011fi\u015fimin anahtar\u0131d\u0131r\u201d diye konu\u015ftu.<\/p>\n<p><b>Kad\u0131n Dayan\u0131\u015fmas\u0131 ve Projeler<\/b><\/p>\n<p>Karaba\u011flar\u2019da hayata ge\u00e7irilen kad\u0131n odakl\u0131 projeler hakk\u0131nda da bilgi veren Ba\u015fkan K\u0131nay \u201cKad\u0131n kooperatifleri ve e\u011fitim projeleriyle kad\u0131nlar\u0131m\u0131z ekonomik ve sosyal olarak g\u00fc\u00e7leniyor. Karaba\u011flar \u2019da kad\u0131n eme\u011fini g\u00f6r\u00fcn\u00fcr k\u0131lmak i\u00e7in Kad\u0131n Eme\u011fi pazarlar\u0131m\u0131z, Kad\u0131n Kooperatifi \u00e7al\u0131\u015fmalar\u0131m\u0131z ile devam ediyoruz. G\u00f6reve geldi\u011fimizde kurdu\u011fumuz \u0130stihdam Ofisi arac\u0131l\u0131\u011f\u0131yla 18 ayda 1.750 ki\u015fiye i\u015f imk\u00e2n\u0131 sa\u011flad\u0131k ve bunun 900\u2019\u00fc kad\u0131nlardan olu\u015fuyor. Yine ailelere ve \u00e7ocuklar\u0131na y\u00f6nelik 4. \u00c7ocuk Oyun Akademisi\u2019ni ve 2 adet Ya\u015f Alma Merkezimizi a\u00e7t\u0131k. Nerede ihtiya\u00e7 varsa orada bir el olmak, destek sa\u011flamak ve dayan\u0131\u015fmay\u0131 b\u00fcy\u00fctmek g\u00f6revimizdir\u201d dedi.<\/p>\n<p><b>\u00a0<\/b><\/p>\n<p><b>Dayan\u0131\u015fma Mesaj\u0131<\/b><\/p>\n<p>25 Kas\u0131m Kad\u0131na Y\u00f6nelik \u015eiddetle M\u00fccadele G\u00fcn\u00fc\u2019nde ger\u00e7ekle\u015ftirilen y\u00fcr\u00fcy\u00fc\u015fe ve 24 saat tutulan n\u00f6bete de de\u011finen K\u0131nay, Karaba\u011flar\u2019daki dayan\u0131\u015fmaya dikkat \u00e7ekti.<\/p>\n<p>K\u0131nay, \u201cKad\u0131nlar kadar erkekler de 24 saat n\u00f6bet tutarak m\u00fccadeleye destek verdi. Karaba\u011flar\u2019da erkek egemenli\u011fine ra\u011fmen kad\u0131n belediye ba\u015fkan\u0131 olarak bu dayan\u0131\u015fman\u0131n par\u00e7as\u0131 olabilmek bizim i\u00e7in \u00e7ok de\u011ferli. Hayat\u0131n her alan\u0131nda var olan kad\u0131nlar\u0131n siyasette de daha g\u00f6r\u00fcn\u00fcr olmas\u0131 ve de\u011fi\u015fimi yaratmas\u0131 gerekiyor. Nerede olursak olal\u0131m dayan\u0131\u015fmayla s\u00f6z\u00fcm\u00fcz\u00fc b\u00fcy\u00fctmeye devam edece\u011fiz\u201d dedi.<\/p>\n<p>Konu\u015fman\u0131n sonunda Atlas Sa\u011fl\u0131k E\u011fitim Vakf\u0131 Y\u00f6netim Kurulu Ba\u015fkan\u0131 Mustafa Apak, Ba\u015fkan K\u0131nay\u2019a g\u00fcn\u00fcn an\u0131s\u0131na Atat\u00fcrk foto\u011fraf\u0131 takdim etti.<\/p>\n<p>Ba\u015fkan K\u0131nay\u2019\u0131n yan\u0131 s\u0131ra etkinlikte konu\u015fmac\u0131 olarak Ece Elbirlik \u00dcrkmez (\u0130nci Vakf\u0131), Selin Akta\u015f (\u0130zelta\u015f A.\u015e. Genel M\u00fcd\u00fcr Yard\u0131mc\u0131s\u0131), Burcu Akda\u011f (Kad\u0131n Hastal\u0131klar\u0131 ve Do\u011fum Uzman\u0131), Saadet \u00d6zkan (UC\u0130M Kurucu Genel Ba\u015fkan\u0131) ve \u0130lknur Bilkay G\u00f6rken (DE\u00dc Radyasyon Onkolojisi Ana Bilim Dal\u0131 Ba\u015fkan\u0131) yer ald\u0131.<\/p>\n<p>Etkinlik, \u0130lkay K\u0131yak\u2019\u0131n yap\u0131mc\u0131l\u0131\u011f\u0131 ve sunuculu\u011funda kat\u0131l\u0131mc\u0131lar ve bursiyerlerle birlikte \u00e7ekilen toplu foto\u011frafla sona erdi.<\/p>\n<p>Kaynak: (BYZHA) Beyaz Haber Ajans\u0131<\/p>\n","protected":false},"excerpt":{"rendered":"<p>Karaba\u011flar Belediye Ba\u015fkan\u0131 Helil K\u0131nay, Atlas Sa\u011fl\u0131k E\u011fitim Vakf\u0131 taraf\u0131ndan d\u00fczenlenen \u201cG\u00fc\u00e7l\u00fc Kad\u0131n, G\u00fc\u00e7l\u00fc Toplum\u201d etkinli\u011finde kad\u0131n haklar\u0131, toplumsal e\u015fitlik ve dayan\u0131\u015fma mesajlar\u0131 verdi.<\/p>\n","protected":false},"author":1,"featured_media":3734,"comment_status":"open","ping_status":"open","sticky":false,"template":"","format":"standard","meta":{"footnotes":""},"categories":[21],"tags":[],"class_list":["post-3733","post","type-post","status-publish","format-standard","has-post-thumbnail","hentry","category-gundem"],"_links":{"self":[{"href":"https:\/\/busondakika.com.tr\/index.php?rest_route=\/wp\/v2\/posts\/3733","targetHints":{"allow":["GET"]}}],"collection":[{"href":"https:\/\/busondakika.com.tr\/index.php?rest_route=\/wp\/v2\/posts"}],"about":[{"href":"https:\/\/busondakika.com.tr\/index.php?rest_route=\/wp\/v2\/types\/post"}],"author":[{"embeddable":true,"href":"https:\/\/busondakika.com.tr\/index.php?rest_route=\/wp\/v2\/users\/1"}],"replies":[{"embeddable":true,"href":"https:\/\/busondakika.com.tr\/index.php?rest_route=%2Fwp%2Fv2%2Fcomments&post=3733"}],"version-history":[{"count":1,"href":"https:\/\/busondakika.com.tr\/index.php?rest_route=\/wp\/v2\/posts\/3733\/revisions"}],"predecessor-version":[{"id":3735,"href":"https:\/\/busondakika.com.tr\/index.php?rest_route=\/wp\/v2\/posts\/3733\/revisions\/3735"}],"wp:featuredmedia":[{"embeddable":true,"href":"https:\/\/busondakika.com.tr\/index.php?rest_route=\/wp\/v2\/media\/3734"}],"wp:attachment":[{"href":"https:\/\/busondakika.com.tr\/index.php?rest_route=%2Fwp%2Fv2%2Fmedia&parent=3733"}],"wp:term":[{"taxonomy":"category","embeddable":true,"href":"https:\/\/busondakika.com.tr\/index.php?rest_route=%2Fwp%2Fv2%2Fcategories&post=3733"},{"taxonomy":"post_tag","embeddable":true,"href":"https:\/\/busondakika.com.tr\/index.php?rest_route=%2Fwp%2Fv2%2Ftags&post=3733"}],"curies":[{"name":"wp","href":"https:\/\/api.w.org\/{rel}","templated":true}]}}