{"id":3739,"date":"2026-03-15T13:25:57","date_gmt":"2026-03-15T13:25:57","guid":{"rendered":"https:\/\/busondakika.com.tr\/?p=3739"},"modified":"2026-03-15T13:25:58","modified_gmt":"2026-03-15T13:25:58","slug":"koyluye-can-suyu-destek-14-milyara-cikti","status":"publish","type":"post","link":"https:\/\/busondakika.com.tr\/?p=3739","title":{"rendered":"K\u00f6yl\u00fcye can suyu: Destek 1,4 milyara \u00e7\u0131kt\u0131"},"content":{"rendered":"<p> \u0130zmir B\u00fcy\u00fck\u015fehir Belediyesi k\u0131rsal kalk\u0131nmada ata\u011fa ge\u00e7ti. \u00c7ift\u00e7iye y\u00fcz binlerce fidan ve fide da\u011f\u0131t\u0131ld\u0131, sulama yat\u0131r\u0131mlar\u0131 yap\u0131ld\u0131. \u0130ZMAR ma\u011fazalar\u0131yla \u00fcretici ile t\u00fcketici arac\u0131s\u0131z bulu\u015ftu.<\/p>\n<p>\u0130zmir B\u00fcy\u00fck\u015fehir Belediye Ba\u015fkan\u0131 Dr. Cemil Tugay\u2019\u0131n k\u0131rsal\u0131, tar\u0131mdan sosyal ya\u015fama g\u00fc\u00e7lendirme hedefi do\u011frultusunda Tar\u0131msal Hizmetler Dairesi, K\u0131rsal Hizmetler Dairesi ve \u0130ZTARIM A\u015e kapsaml\u0131 \u00e7al\u0131\u015fmalar y\u00fcr\u00fctt\u00fc. T\u00fcm birimler ve akademisyenlerin kat\u0131l\u0131m\u0131yla K\u0131rsal \u00c7al\u0131\u015fma Grubu kuruldu. \u00dcreticiler artan girdi maliyetlerine kar\u015f\u0131 desteklenirken, k\u0131rsalda ya\u015fam ko\u015fullar\u0131n\u0131 iyile\u015ftirmeye y\u00f6nelik projeler de hayata ge\u00e7irildi.<\/p>\n<p><strong>\u00c7ift\u00e7iye destekler katlan\u0131yor<\/strong><\/p>\n<p>\u0130ki y\u0131lda kooperatifler arac\u0131l\u0131\u011f\u0131yla \u00fcreticilere 694 milyon lira destek sa\u011fland\u0131. Fide, ekipman, hastal\u0131klarla m\u00fccadele ve katma de\u011feri art\u0131ran projelerle \u00e7ift\u00e7iye \u00fcretimin her a\u015famas\u0131nda destek verildi. Ba\u015fkan Dr. Cemil Tugay\u2019\u0131n kat\u0131l\u0131m\u0131yla kooperatiflerle yap\u0131lan toplant\u0131larda \u00fcreticilerin ihtiya\u00e7lar\u0131 belirlenerek noktasal destekler sa\u011fland\u0131. Planlama s\u00fcrecinin ard\u0131ndan \u0130zmir B\u00fcy\u00fck\u015fehir Belediyesi 2026 y\u0131l\u0131 b\u00fct\u00e7esini 1 milyar 400 milyon liraya \u00e7\u0131kard\u0131.<\/p>\n<p><strong>Tarladaki mahsul\u00fcn kalitesi art\u0131r\u0131l\u0131yor<\/strong><\/p>\n<p>Tar\u0131msal \u00fcretimde kalitenin art\u0131r\u0131lmas\u0131 i\u00e7in \u00f6zel \u00e7al\u0131\u015fma ba\u015flat\u0131ld\u0131. \u00dcreticiye 200 adet zeytin kasas\u0131, 1034 adet incir kurutma kasas\u0131 (kerevet) da\u011f\u0131t\u0131ld\u0131. Zeytinde halkal\u0131 leke hastal\u0131\u011f\u0131na kar\u015f\u0131 10 ton bordo bulamac\u0131, kestane kanseriyle m\u00fccadele kapsam\u0131nda 1641 kilogram g\u00f6zta\u015f\u0131, 4 bin litre ard\u0131\u00e7 katran\u0131, 5 bin litre \u00e7ama\u015f\u0131r suyu, Akdeniz meyve sine\u011fiyle m\u00fccadele kapsam\u0131nda 3 bin 360 adet tuzak ve feromonu, incirde ek\u015filik b\u00f6ce\u011fine kar\u015f\u0131 4 bin 500 adet \u00e7ekici yem tuza\u011f\u0131 deste\u011finde bulunuldu. 11 bin 792 adet yabani a\u011fa\u00e7 a\u015f\u0131lama \u2013 g\u00f6zya\u015f\u0131 deste\u011fi verildi. Do\u011fru \u00fcr\u00fcn ekimi i\u00e7in 1000\u2019in \u00fczerinde \u00fccretsiz toprak analizi yap\u0131ld\u0131.<\/p>\n<p><strong>250 fidan, 179 bin fide ve 20 bin paket tohum deste\u011fi<\/strong><\/p>\n<p>Havzalar\u0131n do\u011fal yap\u0131s\u0131na uygun olarak t\u0131bbi aromatik bitkilerden meyveye, katma de\u011feri y\u00fcksek \u00fcr\u00fcnlerden atal\u0131k tohumlara kadar fide ve tohum deste\u011finde bulunuldu. 291 bin adet fidan, 179 bin fide ve 20 bin paket tohum da\u011f\u0131t\u0131ld\u0131. \u0130zmir B\u00fcy\u00fck\u015fehir Belediyesi\u2019nin ziraat m\u00fchendisleri, yeni t\u00fcrlerin ekimi, dikimi ve hasad\u0131 hakk\u0131nda \u00e7ift\u00e7ilere e\u011fitimler verdi.<\/p>\n<p><strong>Dikili\u2019nin su devrimi hayata ge\u00e7ti<\/strong><\/p>\n<p>\u0130zmir B\u00fcy\u00fck\u015fehir Belediyesi\u2019nin kurakl\u0131kla m\u00fccadele kapsam\u0131nda hayata ge\u00e7irdi\u011fi Yah\u015fibey Sulama G\u00f6leti \u0130letim Hatt\u0131 Projesi tamamland\u0131. 85 milyon liral\u0131k yat\u0131r\u0131mla hayata ge\u00e7irilen proje, Dikili ve \u00e7evresindeki 545 \u00e7ift\u00e7iye can suyu oldu. Y\u00fcksek bas\u0131n\u00e7l\u0131 damla sulama sistemiyle y\u00fczde 50 su tasarrufu sa\u011flayan 62 kilometrelik hat, Yah\u015fibey, Bademli ve Denizk\u00f6y ba\u015fta olmak \u00fczere 8 bin 600 dekar tar\u0131m arazisinin sulanmas\u0131na imkan tan\u0131yor. \u00d6n \u00f6demeli ak\u0131ll\u0131 saya\u00e7larla su israf\u0131n\u0131n da \u00f6n\u00fcne ge\u00e7iliyor.<\/p>\n<p><strong>Organik at\u0131klar evde boka\u015fi ile komposta d\u00f6n\u00fc\u015f\u00fcyor<\/strong><\/p>\n<p>Organik at\u0131klar\u0131n de\u011ferlendirilmesi i\u00e7in evlere \u00fccretsiz boka\u015fi kompost seti da\u011f\u0131t\u0131m\u0131 ba\u015flat\u0131ld\u0131. Proje kapsam\u0131nda evsel organik at\u0131klar, \u00f6zel kovalar ve yararl\u0131 mikroorganizmalarla az oksijenli ortamda fermente edilerek komposta d\u00f6n\u00fc\u015ft\u00fcr\u00fcl\u00fcyor. B\u00f6ylece organik at\u0131klar\u0131n \u00e7\u00f6p sahalar\u0131na gitmesi \u00f6nlenirken sera gaz\u0131 sal\u0131m\u0131n\u0131n azalt\u0131lmas\u0131 ve topra\u011f\u0131n zenginle\u015ftirilmesi hedefleniyor.<\/p>\n<p><strong>14 yeni hayvan i\u00e7me suyu g\u00f6leti<\/strong><\/p>\n<p>Yaz\u0131n orman yang\u0131nlar\u0131na da can suyu olan 14 yeni hayvan i\u00e7me suyu g\u00f6leti a\u00e7\u0131ld\u0131. 31 g\u00f6letin bak\u0131m ve onar\u0131m\u0131 tamamland\u0131. 13 sulama tesisinin bak\u0131m ve onar\u0131m\u0131 yap\u0131ld\u0131. 8 sulama g\u00f6letinin bak\u0131m ve onar\u0131m\u0131 tamamlanarak kente 4 yeni su kuyusu kazand\u0131r\u0131ld\u0131. 9 kooperatife de sulama tesisi ve su kuyusu sondaj\u0131 i\u00e7in ekipman deste\u011fi sa\u011fland\u0131.<\/p>\n<p><strong>\u015eap hastal\u0131\u011f\u0131na kar\u015f\u0131 buza\u011f\u0131 kiti<\/strong><\/p>\n<p>\u0130zmir B\u00fcy\u00fck\u015fehir Belediyesi, yakla\u015f\u0131k 1 milyon b\u00fcy\u00fckba\u015f hayvan varl\u0131\u011f\u0131yla \u00f6ne \u00e7\u0131kan kentte \u015fap hastal\u0131\u011f\u0131 ve artan buza\u011f\u0131 \u00f6l\u00fcmlerine kar\u015f\u0131 harekete ge\u00e7ti. B\u00fcy\u00fckba\u015f hayvanc\u0131l\u0131\u011f\u0131n yo\u011fun oldu\u011fu 14 il\u00e7ede \u00fcreticilere dezenfektan ve buza\u011f\u0131 kiti deste\u011fi sa\u011flanarak \u00f6zellikle gen\u00e7 hayvanlar\u0131 tehdit eden hastal\u0131klara kar\u015f\u0131 \u00f6nlem al\u0131nd\u0131.<\/p>\n<p><strong>Bal\u0131k\u00e7\u0131lar\u0131n girdi maliyetlerine can suyu<\/strong><\/p>\n<p>K\u00fc\u00e7\u00fck \u00f6l\u00e7ekli bal\u0131k\u00e7\u0131lar\u0131n \u00e7al\u0131\u015fma ko\u015fullar\u0131n\u0131 iyile\u015ftirmek i\u00e7in tekne bak\u0131m malzemesi destekleri s\u00fcrd\u00fcr\u00fcld\u00fc. 752 bal\u0131k\u00e7\u0131ya kooperatifler arac\u0131l\u0131\u011f\u0131yla boya ve macun deste\u011fi sa\u011fland\u0131. 3 kooperatife yaprak buz makinesi deste\u011fi de verildi.<\/p>\n<p><strong>\u0130zmir 18 yeni organik \u00fcretici kazand\u0131<\/strong><\/p>\n<p>\u0130zmir B\u00fcy\u00fck\u015fehir Belediyesi\u2019nin, Ekolojik Tar\u0131m Organizasyonu Derne\u011fi (ETO) i\u015f birli\u011fiyle, \u0130zmirlileri sa\u011fl\u0131kl\u0131 ve do\u011fal g\u0131dayla bulu\u015fturdu\u011fu \u201cEkopazar \u0130zmir\u201d projesi 15\u2019inci y\u0131l\u0131na ula\u015ft\u0131. Organik tar\u0131m\u0131n yayg\u0131nla\u015ft\u0131r\u0131lmas\u0131 \u00e7al\u0131\u015fmalar\u0131 kapsam\u0131nda bu y\u0131l 18 organik \u00fcretici kente kazand\u0131r\u0131ld\u0131.<\/p>\n<p><strong>\u0130zmir, tanzim sat\u0131\u015f ma\u011fazas\u0131 \u0130ZMAR\u2019\u0131 kazand\u0131<\/strong><\/p>\n<p>\u0130zmir B\u00fcy\u00fck\u015fehir Belediyesi\u2019nin i\u015ftiraki \u0130ZTARIM A\u015e, yurtta\u015flar\u0131n uygun fiyatl\u0131 ve g\u00fcvenilir temel g\u0131da \u00fcr\u00fcnlerine eri\u015fimini kolayla\u015ft\u0131rmak amac\u0131yla \u00f6nemli ad\u0131mlar att\u0131. \u0130zmir B\u00fcy\u00fck\u015fehir Belediye Ba\u015fkan\u0131 Dr. Cemil Tugay\u2019\u0131n \u00f6nc\u00fcl\u00fc\u011f\u00fcnde Nisan 2025\u2019te hayata ge\u00e7irilen tanzim sat\u0131\u015f ma\u011fazalar\u0131 \u0130ZMAR, k\u0131sa s\u00fcrede b\u00fcy\u00fcyerek 19 sabit ma\u011faza ve 1 gezici otob\u00fcsle 20 noktaya ula\u015ft\u0131. Halk\u0131n b\u00fct\u00e7esine katk\u0131 sa\u011flayan \u0130ZMAR a\u011f\u0131n\u0131n Ba\u015fkan Tugay\u2019\u0131n talimat\u0131yla 40 ma\u011fazaya \u00e7\u0131kar\u0131lmas\u0131 i\u00e7in \u00e7al\u0131\u015fmalar s\u00fcr\u00fcyor.<\/p>\n<p>\u0130ZMAR ma\u011fazalar\u0131nda, yerli \u00fcreticiden temin edilen \u00fcr\u00fcnler do\u011frudan yurtta\u015flarla bulu\u015fturuluyor. \u0130zmir B\u00fcy\u00fck\u015fehir Belediyesi\u2019nin 100. Y\u0131l Bay\u0131nd\u0131r S\u00fct Fabrikas\u0131\u2019nda i\u015fledi\u011fi \u0130ZMAR markal\u0131 180 bin paket UHT s\u00fct, 230 ton yo\u011furt, 18 ton tereya\u011f\u0131, 1,5 ton taze ka\u015far, 1 ton taze beyaz peynir ve 6,5 ton ayran \u0130zmirlinin sofras\u0131na ula\u015ft\u0131. \u00d6demi\u015f Et Entegre Tesisi\u2019nde yerli besiden i\u015flenen 230 ton k\u0131rm\u0131z\u0131 et ise \u0130ZMAR raflar\u0131nda yo\u011fun ilgi g\u00f6rd\u00fc. B\u00f6ylece \u00fcreticinin eme\u011fi de\u011fere d\u00f6n\u00fc\u015f\u00fcrken, vatanda\u015flar g\u00fcvenli ve uygun fiyatl\u0131 g\u0131dayla bulu\u015ftu. T\u00fcrkiye genelinden 20 kooperatifle yap\u0131lan anla\u015fmalarla \u00fcretici \u00fcr\u00fcnleri arac\u0131s\u0131z olarak raflarda yerini ald\u0131.<\/p>\n<p><strong>K\u0131rsal Hizmetler Dairesi kar\u0131\u015f kar\u0131\u015f k\u00f6ylerin r\u00f6ntgenini \u00e7ekti<\/strong><\/p>\n<p>\u0130zmir B\u00fcy\u00fck\u015fehir Belediye Ba\u015fkan\u0131 Dr. Cemil Tugay taraf\u0131ndan kurulan K\u0131rsal Hizmetler Dairesi Ba\u015fkanl\u0131\u011f\u0131, iki y\u0131ll\u0131k s\u00fcre\u00e7te \u0130zmir\u2019in k\u0131rsal mahallelerini kar\u0131\u015f kar\u0131\u015f analiz etti. K\u0131rsal mahallelerin yok edilmemesi, potansiyeline, do\u011fas\u0131na, k\u00fclt\u00fcrel ve sosyal dokusuna uygun olarak kalk\u0131nd\u0131r\u0131lmas\u0131 i\u00e7in \u00e7al\u0131\u015fmalar hayata ge\u00e7irildi.<\/p>\n<p><strong>Topra\u011f\u0131n Gen\u00e7 Akl\u0131 gelece\u011fe y\u00f6n verecek<\/strong><\/p>\n<p>K\u0131rsalda ya\u015fayan gen\u00e7 n\u00fcfusun yerinde istihdam\u0131 hedefiyle \u201cTopra\u011f\u0131n Gen\u00e7 Akl\u0131\u201d projesi ba\u015flat\u0131ld\u0131. Projeyle, sahada anketler yap\u0131larak \u201cGen\u00e7lerimizi k\u0131rsalda nas\u0131l tutabiliriz\u201d sorusuna yerelden yan\u0131t arand\u0131. \u0130lk etapta 25 mahallede saha \u00e7al\u0131\u015ft\u0131r\u0131lmas\u0131 yap\u0131larak 600\u2019\u00fcn \u00fczerinde gen\u00e7le anket yap\u0131ld\u0131. \u0130zmir k\u0131rsal\u0131na yay\u0131lacak projeden elde edilen veriler \u0131\u015f\u0131\u011f\u0131nda uygulanabilir politika paketleri ve m\u00fcdahale ara\u00e7lar\u0131 hayata ge\u00e7irilecek.<\/p>\n<p>\u00c7al\u0131\u015fmalar kapsam\u0131nda yenilenebilir enerji yat\u0131r\u0131mlar\u0131n\u0131n do\u011fay\u0131 yok etmeden hayata ge\u00e7irilmesi i\u00e7in &#8220;R\u00fczgar Enerji Santrali, G\u00fcne\u015f Enerji Santrali ve Biyok\u00fctle Enerji Santrallerinin Yer Se\u00e7imine \u0130li\u015fkin \u0130lke ve Esaslar\u201d belirlendi ve mecliste kabul edildi.<\/p>\n<p>K\u0131rsal Mahalle Kimlik Kart\u0131 Projesi ile t\u00fcm \u0130zmir k\u0131rsal\u0131n\u0131n verileri g\u00fcncellenip kent rehberinde payla\u015f\u0131lmaya ba\u015fland\u0131. Ayr\u0131ca k\u0131rsal alan planlamas\u0131na altl\u0131k olu\u015fturacak mek\u00e2nsal, kurumsal ve istatistiksel veriler i\u00e7in co\u011frafi bilgi sistemi (CBS) veri taban\u0131 olu\u015fturuldu.<\/p>\n<p><strong>\u0130zmir, Milano Pakt\u0131 \u00fcyesi oldu<\/strong><\/p>\n<p>\u0130zmir B\u00fcy\u00fck\u015fehir Belediyesi, \u0130ZMAR\u2019dan komposta, kent bostanlar\u0131ndan g\u0131da at\u0131klar\u0131n\u0131n d\u00f6n\u00fc\u015f\u00fcm\u00fcne kadar hayata ge\u00e7irdi\u011fi g\u0131da g\u00fcvenli\u011fi projeleriyle Milano Kentsel G\u0131da Politikas\u0131 Pakt\u0131\u2019n\u0131n (MUFPP) \u00fcyesi oldu. K\u0131rsal Hizmetler Dairesi Ba\u015fkanl\u0131\u011f\u0131\u2019n\u0131n y\u00fcr\u00fctt\u00fc\u011f\u00fc \u00e7al\u0131\u015fmalar kapsam\u0131nda \u0130zmir, d\u00fcnya genelinde 300\u2019den fazla \u015fehrin imzac\u0131s\u0131 oldu\u011fu pakta imza att\u0131.<\/p>\n<p>Kaynak: (BYZHA) Beyaz Haber Ajans\u0131<\/p>\n","protected":false},"excerpt":{"rendered":"<p>\u0130zmir B\u00fcy\u00fck\u015fehir Belediyesi k\u0131rsal kalk\u0131nmada ata\u011fa ge\u00e7ti.<\/p>\n","protected":false},"author":1,"featured_media":3740,"comment_status":"open","ping_status":"open","sticky":false,"template":"","format":"standard","meta":{"footnotes":""},"categories":[21],"tags":[],"class_list":["post-3739","post","type-post","status-publish","format-standard","has-post-thumbnail","hentry","category-gundem"],"_links":{"self":[{"href":"https:\/\/busondakika.com.tr\/index.php?rest_route=\/wp\/v2\/posts\/3739","targetHints":{"allow":["GET"]}}],"collection":[{"href":"https:\/\/busondakika.com.tr\/index.php?rest_route=\/wp\/v2\/posts"}],"about":[{"href":"https:\/\/busondakika.com.tr\/index.php?rest_route=\/wp\/v2\/types\/post"}],"author":[{"embeddable":true,"href":"https:\/\/busondakika.com.tr\/index.php?rest_route=\/wp\/v2\/users\/1"}],"replies":[{"embeddable":true,"href":"https:\/\/busondakika.com.tr\/index.php?rest_route=%2Fwp%2Fv2%2Fcomments&post=3739"}],"version-history":[{"count":1,"href":"https:\/\/busondakika.com.tr\/index.php?rest_route=\/wp\/v2\/posts\/3739\/revisions"}],"predecessor-version":[{"id":3741,"href":"https:\/\/busondakika.com.tr\/index.php?rest_route=\/wp\/v2\/posts\/3739\/revisions\/3741"}],"wp:featuredmedia":[{"embeddable":true,"href":"https:\/\/busondakika.com.tr\/index.php?rest_route=\/wp\/v2\/media\/3740"}],"wp:attachment":[{"href":"https:\/\/busondakika.com.tr\/index.php?rest_route=%2Fwp%2Fv2%2Fmedia&parent=3739"}],"wp:term":[{"taxonomy":"category","embeddable":true,"href":"https:\/\/busondakika.com.tr\/index.php?rest_route=%2Fwp%2Fv2%2Fcategories&post=3739"},{"taxonomy":"post_tag","embeddable":true,"href":"https:\/\/busondakika.com.tr\/index.php?rest_route=%2Fwp%2Fv2%2Ftags&post=3739"}],"curies":[{"name":"wp","href":"https:\/\/api.w.org\/{rel}","templated":true}]}}