{"id":3745,"date":"2026-03-15T13:26:00","date_gmt":"2026-03-15T13:26:00","guid":{"rendered":"https:\/\/busondakika.com.tr\/?p=3745"},"modified":"2026-03-15T13:26:01","modified_gmt":"2026-03-15T13:26:01","slug":"asik-veysel-amfi-tiyatro-yeni-sezona-yenilenerek-giriyor","status":"publish","type":"post","link":"https:\/\/busondakika.com.tr\/?p=3745","title":{"rendered":"A\u015f\u0131k Veysel Amfi Tiyatro yeni sezona yenilenerek giriyor"},"content":{"rendered":"<p> \u0130zmir B\u00fcy\u00fck\u015fehir Belediyesi, Bornova A\u015f\u0131k Veysel Rekreasyon Alan\u0131 Amfi Tiyatro\u2019da kapsaml\u0131 bir yenileme \u00e7al\u0131\u015fmas\u0131 ba\u015flatt\u0131. D\u00fcz oturma alanlar\u0131 kald\u0131r\u0131larak 5 bin 250 koltuk yerle\u015ftirildi. Sahne ve \u00e7at\u0131 d\u00fczenlemeleriyle hem sanat\u00e7\u0131lar hem de izleyiciler i\u00e7in daha nitelikli bir ortamda hizmet verecek amfi tiyatro, yeni sezona yenilenen y\u00fcz\u00fcyle girecek.<\/p>\n<p>\u0130zmir B\u00fcy\u00fck\u015fehir Belediyesi, kentteki k\u00fclt\u00fcr, spor ve sosyal tesislerin altyap\u0131s\u0131n\u0131 g\u00fc\u00e7lendirmeye devam ediyor. \u0130zmirlilerin daha konforlu ve sa\u011fl\u0131kl\u0131 sosyal alanlara kavu\u015fmas\u0131 i\u00e7in s\u00fcrd\u00fcr\u00fclen \u00e7al\u0131\u015fmalar kapsam\u0131nda, Fen \u0130\u015fleri Dairesi Ba\u015fkanl\u0131\u011f\u0131 Bornova \u00c2\u015f\u0131k Veysel Rekreasyon Alan\u0131 Amfi Tiyatro\u2019da kapsaml\u0131 bir yenileme ba\u015flatt\u0131. Yaz ak\u015famlar\u0131n\u0131n sembol mekanlar\u0131ndan biri , say\u0131s\u0131z yerli ve yabanc\u0131 sanat\u00e7\u0131ya ev sahipli\u011fi yapan amfi tiyatro, sahnesinden kulisine, oturma alanlar\u0131ndan tuvaletlerine kadar tamamen yenileniyor.<\/p>\n<p><strong>Eski ah\u015fap oturma alan\u0131 yerine 5 bin 250 adet koltuk\u00a0<\/strong><\/p>\n<p>Yap\u0131 \u0130\u015fleri \u015eube M\u00fcd\u00fcrl\u00fc\u011f\u00fc Kalite Kontrol M\u00fchendisi Tolga Kanpolat, A\u015f\u0131k Veysel Rekreasyon Alan\u0131\u2019n\u0131n yakla\u015f\u0131k 15 y\u0131ld\u0131r \u0130zmirli hem\u015fehriler i\u00e7in \u00f6nemli bir mekan oldu\u011funu belirterek, \u201cBa\u015fkan Cemil Tugay\u2019\u0131n vizyonu do\u011frultusunda k\u00fclt\u00fcr ve sanat\u0131n s\u00fcreklili\u011fini sa\u011flamak i\u00e7in yenileme \u00e7al\u0131\u015fmas\u0131 ba\u015flatt\u0131k. \u00d6nceden ah\u015fap oturma alanlar\u0131 vard\u0131 ve s\u0131rt dayamalar\u0131 eksikti. Seyircilerin konforu i\u00e7in s\u0131rt dayamal\u0131 trib\u00fcn koltuklar\u0131na ge\u00e7i\u015f yapt\u0131k. Toplam 5 bin 250 koltu\u011fun yenileme i\u015flemini tamaml\u0131yoruz\u201d dedi.<\/p>\n<p><strong>\u201cDaha konforlu, daha sa\u011fl\u0131kl\u0131 k\u00fclt\u00fcr sanat hizmeti\u201d<\/strong><\/p>\n<p>A\u015f\u0131k Veysel Sahnesi\u2019nin, sanat\u00e7\u0131lar\u0131n daha konforlu performans sergileyebilmesi i\u00e7in yenilendi\u011fini belirten Tolga Kanpolat, \u201cSahne d\u00fczenlemelerinde estetik, konfor ve ekonomik d\u00fczenlemeler yap\u0131yoruz. \u015eu an sahne silim i\u015flemleri s\u00fcr\u00fcyor. Kulislerde duvar y\u00fczeylerini yeniledik. A\u00e7\u0131k sahne yap\u0131s\u0131na uygun akustik yal\u0131t\u0131m i\u00e7in \u00e7at\u0131 yenileme \u00e7al\u0131\u015fmalar\u0131 y\u00fcr\u00fct\u00fcyoruz. Polikarbon \u00e7at\u0131 ile hem estetik hem de kullan\u0131\u015fl\u0131 ve konforlu bir ortam sa\u011flanacak. \u00c7al\u0131\u015fmalar tamamland\u0131\u011f\u0131nda \u0130zmirliler daha sa\u011fl\u0131kl\u0131 ve konforlu k\u00fclt\u00fcr-sanat hizmeti alabilecek. T\u00fcm hem\u015fehrilerimizi yenilenen alan\u0131m\u0131za bekliyoruz\u201d diye konu\u015ftu.<\/p>\n<p><strong>Hem i\u00e7 mekan hem d\u0131\u015f mekan yenileniyor<\/strong><\/p>\n<p>Fen \u0130\u015fleri Dairesi Ba\u015fkanl\u0131\u011f\u0131, sahne ve oturma alanlar\u0131n\u0131n yan\u0131 s\u0131ra \u00e7evredeki bir\u00e7ok alanda da yenileme \u00e7al\u0131\u015fmalar\u0131 yapacak. Amfi k\u0131sm\u0131ndaki tuvaletlerin zemin seramikleri solvent bazl\u0131 epoksi boya ile yenilenirken, sa\u011f ve sol giri\u015flerde zemine bask\u0131 beton uygulanacak. Amfi duvarlar\u0131ndaki ta\u015f kaplamalar s\u00f6k\u00fclerek yeniden yap\u0131lacak. \u0130\u00e7 mekan \u00e7al\u0131\u015fmalar\u0131 tamamlan\u0131rken, d\u0131\u015f mekanda ise 550 metrekarelik parke ve yol yenilemesi ger\u00e7ekle\u015ftirilecek.<\/p>\n<p>Kaynak: (BYZHA) Beyaz Haber Ajans\u0131<\/p>\n","protected":false},"excerpt":{"rendered":"<p>\u0130zmir B\u00fcy\u00fck\u015fehir Belediyesi, Bornova A\u015f\u0131k Veysel Rekreasyon Alan\u0131 Amfi Tiyatro\u2019da kapsaml\u0131 bir yenileme \u00e7al\u0131\u015fmas\u0131 ba\u015flatt\u0131.<\/p>\n","protected":false},"author":1,"featured_media":3746,"comment_status":"open","ping_status":"open","sticky":false,"template":"","format":"standard","meta":{"footnotes":""},"categories":[21],"tags":[],"class_list":["post-3745","post","type-post","status-publish","format-standard","has-post-thumbnail","hentry","category-gundem"],"_links":{"self":[{"href":"https:\/\/busondakika.com.tr\/index.php?rest_route=\/wp\/v2\/posts\/3745","targetHints":{"allow":["GET"]}}],"collection":[{"href":"https:\/\/busondakika.com.tr\/index.php?rest_route=\/wp\/v2\/posts"}],"about":[{"href":"https:\/\/busondakika.com.tr\/index.php?rest_route=\/wp\/v2\/types\/post"}],"author":[{"embeddable":true,"href":"https:\/\/busondakika.com.tr\/index.php?rest_route=\/wp\/v2\/users\/1"}],"replies":[{"embeddable":true,"href":"https:\/\/busondakika.com.tr\/index.php?rest_route=%2Fwp%2Fv2%2Fcomments&post=3745"}],"version-history":[{"count":1,"href":"https:\/\/busondakika.com.tr\/index.php?rest_route=\/wp\/v2\/posts\/3745\/revisions"}],"predecessor-version":[{"id":3747,"href":"https:\/\/busondakika.com.tr\/index.php?rest_route=\/wp\/v2\/posts\/3745\/revisions\/3747"}],"wp:featuredmedia":[{"embeddable":true,"href":"https:\/\/busondakika.com.tr\/index.php?rest_route=\/wp\/v2\/media\/3746"}],"wp:attachment":[{"href":"https:\/\/busondakika.com.tr\/index.php?rest_route=%2Fwp%2Fv2%2Fmedia&parent=3745"}],"wp:term":[{"taxonomy":"category","embeddable":true,"href":"https:\/\/busondakika.com.tr\/index.php?rest_route=%2Fwp%2Fv2%2Fcategories&post=3745"},{"taxonomy":"post_tag","embeddable":true,"href":"https:\/\/busondakika.com.tr\/index.php?rest_route=%2Fwp%2Fv2%2Ftags&post=3745"}],"curies":[{"name":"wp","href":"https:\/\/api.w.org\/{rel}","templated":true}]}}