{"id":3757,"date":"2026-03-15T13:26:13","date_gmt":"2026-03-15T13:26:13","guid":{"rendered":"https:\/\/busondakika.com.tr\/?p=3757"},"modified":"2026-03-15T13:26:14","modified_gmt":"2026-03-15T13:26:14","slug":"osmangazi-belediyesi-orhan-kemalin-edebiyat-mirasini-yasatiyor","status":"publish","type":"post","link":"https:\/\/busondakika.com.tr\/?p=3757","title":{"rendered":"Osmangazi Belediyesi Orhan Kemal\u2019in Edebiyat Miras\u0131n\u0131 Ya\u015fat\u0131yor"},"content":{"rendered":"<p> K\u00fclt\u00fcr ve sanata verdi\u011fi desteklerle gelece\u011fe \u0131\u015f\u0131k tutan Osmangazi Belediyesi, 2026 y\u0131l\u0131n\u0131 Orhan Kemal\u2019e ithaf ederek edebiyat dolu bir y\u0131l\u0131n kap\u0131lar\u0131n\u0131 aralad\u0131. D\u00fczenlenen s\u00f6yle\u015filerde \u00f6\u011frenciler, T\u00fcrk edebiyat\u0131n\u0131n \u00f6nemli isimlerinden biri olan Orhan Kemal\u2019in ya\u015fam\u0131n\u0131 ve eserlerini yak\u0131ndan tan\u0131d\u0131.<\/p>\n<p>Osmangazi\u2019yi k\u00fclt\u00fcr ve sanat\u0131n canl\u0131 merkezlerinden biri haline getiren Osmangazi Belediyesi, 2026 y\u0131l\u0131n\u0131 T\u00fcrk edebiyat\u0131n\u0131n toplumcu ger\u00e7ek\u00e7i \u00e7izgisinin en g\u00fc\u00e7l\u00fc temsilcilerinden biri olan Orhan Kemal\u2019e ithaf ederek y\u0131l boyunca s\u00fcrecek kapsaml\u0131 bir k\u00fclt\u00fcr program\u0131n\u0131n ilk ad\u0131m\u0131n\u0131 att\u0131. Bursa Erkek Lisesi ve Bursa K\u0131z Lisesi\u2019nde ger\u00e7ekle\u015ftirilen s\u00f6yle\u015filerde, Orhan Kemal\u2019in hayat hik\u00e2yesi, yaz\u0131n d\u00fcnyas\u0131na kazand\u0131rd\u0131\u011f\u0131 unutulmaz eserler ve T\u00fcrk edebiyat\u0131na b\u0131rakt\u0131\u011f\u0131 g\u00fc\u00e7l\u00fc miras ele al\u0131nd\u0131. Program\u0131n konu\u011fu olan Orhan Kemal\u2019in o\u011flu, Orhan Kemal M\u00fczesi Kurucusu ve yazar I\u015f\u0131k \u00d6\u011f\u00fct\u00e7\u00fc, \u00f6\u011frencilerle bulu\u015farak babas\u0131n\u0131n ya\u015fam\u0131na, edebiyat anlay\u0131\u015f\u0131na ve eserlerinin ortaya \u00e7\u0131k\u0131\u015f s\u00fcrecine dair \u00e7arp\u0131c\u0131 anekdotlar payla\u015ft\u0131. Samimi bir atmosferde ge\u00e7en s\u00f6yle\u015filer, \u00f6\u011frencileri d\u00fc\u015f\u00fcnsel bir yolculu\u011fa \u00e7\u0131kar\u0131rken, edebiyatla daha g\u00fc\u00e7l\u00fc bir ba\u011f kurmas\u0131na da b\u00fcy\u00fck katk\u0131 sa\u011flad\u0131.<\/p>\n<p><b>\u201cOrhan Kemal B\u00fcy\u00fck Bir Ser\u00fcven\u201d<\/b><\/p>\n<p>Osmangazi Belediyesi\u2019nin 2026 y\u0131l\u0131n\u0131 Orhan Kemal\u2019e ithaf etmesinden duydu\u011fu memnuniyeti dile getiren I\u015f\u0131k \u00d6\u011f\u00fct\u00e7\u00fc, \u015f\u00f6yle devam etti;<\/p>\n<p>\u201cBu y\u0131l, Orhan Kemal ile ilgili pek \u00e7ok etkinlikte bulu\u015faca\u011f\u0131z. \u0130lk olarak a\u00e7\u0131l\u0131\u015f\u0131 \u00f6\u011frencilerimizle yapt\u0131k, bundan sonra da devam edecek. B\u00f6yle bir y\u0131l\u0131 Orhan Kemal\u2019e ay\u0131rd\u0131klar\u0131 i\u00e7in Osmangazi Belediye Ba\u015fkan\u0131m\u0131z Erkan Ayd\u0131n\u2019a \u00e7ok te\u015fekk\u00fcr ediyorum, Bursa zaten Orhan Kemal i\u00e7in yabanc\u0131 de\u011fil, 1940\u2019l\u0131 y\u0131llarda buradayd\u0131 zaten kendisi. O\u2019nun pek \u00e7ok y\u00f6n\u00fcn\u00fc bir y\u0131l boyunca inceleyece\u011fiz. O a\u00e7\u0131dan ben \u00e7ok mutluyum. Osmangazi Belediye\u2019mize ve t\u00fcm bu i\u015fte g\u00f6n\u00fcl veren personelimize ve Bursa olarak t\u00fcm bu etkinliklere kat\u0131lacak hem\u015fehrilerime te\u015fekk\u00fcr ediyorum.\u201d<\/p>\n<p>Orhan Kemal\u2019in edebiyat d\u00fcnyas\u0131nda b\u00fcy\u00fck ve zengin bir ser\u00fcveni temsil etti\u011fini vurgulayan \u00d6\u011f\u00fct\u00e7\u00fc, \u201cOrhan Kemal b\u00fcy\u00fck bir ser\u00fcven. Kendi insan\u0131m\u0131z\u0131 en iyi tan\u0131mak i\u00e7in onun kitaplar\u0131n\u0131 okumak ba\u015fl\u0131 ba\u015f\u0131na b\u00fcy\u00fck bir olay. Ben m\u00fczeyi 2000 y\u0131l\u0131nda a\u00e7t\u0131m ve hala bu yolculu\u011fa devam ediyorum. San\u0131yorum b\u00fct\u00fcn okurlar\u0131m\u0131z da bu ser\u00fcvene kat\u0131lacaklar.\u201d ifadelerini kulland\u0131.\u00a0<\/p>\n<p>Gen\u00e7lerin yo\u011fun ilgi g\u00f6sterdi\u011fi s\u00f6yle\u015filerde \u00f6\u011frenciler, Orhan Kemal\u2019in eserleri ve edebiyat anlay\u0131\u015f\u0131 \u00fczerine merak ettikleri sorular\u0131 sorma f\u0131rsat\u0131 da buldu.<\/p>\n<p>Osmangazi Belediyesi, 2026 y\u0131l\u0131 boyunca d\u00fczenleyece\u011fi s\u00f6yle\u015filer, anma programlar\u0131, at\u00f6lyeler ve k\u00fclt\u00fcrel etkinliklerle Orhan Kemal\u2019in edebi miras\u0131n\u0131 farkl\u0131 ku\u015faklarla bulu\u015fturmay\u0131 s\u00fcrd\u00fcrecek. B\u00f6ylece hem usta yazar\u0131n eserleri yeniden ke\u015ffedilecek hem de gen\u00e7lerin edebiyatla kurdu\u011fu ba\u011f daha da g\u00fc\u00e7lenecek.<\/p>\n<p>Kaynak: (BYZHA) Beyaz Haber Ajans\u0131<\/p>\n","protected":false},"excerpt":{"rendered":"<p>K\u00fclt\u00fcr ve sanata verdi\u011fi desteklerle gelece\u011fe \u0131\u015f\u0131k tutan Osmangazi Belediyesi, 2026 y\u0131l\u0131n\u0131 Orhan Kemal\u2019e ithaf ederek edebiyat dolu bir y\u0131l\u0131n kap\u0131lar\u0131n\u0131 aralad\u0131.<\/p>\n","protected":false},"author":1,"featured_media":3758,"comment_status":"open","ping_status":"open","sticky":false,"template":"","format":"standard","meta":{"footnotes":""},"categories":[20],"tags":[],"class_list":["post-3757","post","type-post","status-publish","format-standard","has-post-thumbnail","hentry","category-kultur-sanat"],"_links":{"self":[{"href":"https:\/\/busondakika.com.tr\/index.php?rest_route=\/wp\/v2\/posts\/3757","targetHints":{"allow":["GET"]}}],"collection":[{"href":"https:\/\/busondakika.com.tr\/index.php?rest_route=\/wp\/v2\/posts"}],"about":[{"href":"https:\/\/busondakika.com.tr\/index.php?rest_route=\/wp\/v2\/types\/post"}],"author":[{"embeddable":true,"href":"https:\/\/busondakika.com.tr\/index.php?rest_route=\/wp\/v2\/users\/1"}],"replies":[{"embeddable":true,"href":"https:\/\/busondakika.com.tr\/index.php?rest_route=%2Fwp%2Fv2%2Fcomments&post=3757"}],"version-history":[{"count":1,"href":"https:\/\/busondakika.com.tr\/index.php?rest_route=\/wp\/v2\/posts\/3757\/revisions"}],"predecessor-version":[{"id":3759,"href":"https:\/\/busondakika.com.tr\/index.php?rest_route=\/wp\/v2\/posts\/3757\/revisions\/3759"}],"wp:featuredmedia":[{"embeddable":true,"href":"https:\/\/busondakika.com.tr\/index.php?rest_route=\/wp\/v2\/media\/3758"}],"wp:attachment":[{"href":"https:\/\/busondakika.com.tr\/index.php?rest_route=%2Fwp%2Fv2%2Fmedia&parent=3757"}],"wp:term":[{"taxonomy":"category","embeddable":true,"href":"https:\/\/busondakika.com.tr\/index.php?rest_route=%2Fwp%2Fv2%2Fcategories&post=3757"},{"taxonomy":"post_tag","embeddable":true,"href":"https:\/\/busondakika.com.tr\/index.php?rest_route=%2Fwp%2Fv2%2Ftags&post=3757"}],"curies":[{"name":"wp","href":"https:\/\/api.w.org\/{rel}","templated":true}]}}