{"id":3760,"date":"2026-03-15T13:43:38","date_gmt":"2026-03-15T13:43:38","guid":{"rendered":"https:\/\/busondakika.com.tr\/?p=3760"},"modified":"2026-03-15T13:43:39","modified_gmt":"2026-03-15T13:43:39","slug":"tip-bayraminda-calisanlar-iftarda-bulustu","status":"publish","type":"post","link":"https:\/\/busondakika.com.tr\/?p=3760","title":{"rendered":"T\u0131p Bayram\u0131nda \u00e7al\u0131\u015fanlar \u0130ftarda bulu\u015ftu"},"content":{"rendered":"<p> Avc\u0131lar Belediyesi, 14 Mart T\u0131p Bayram\u0131\u2019nda sa\u011fl\u0131k emek\u00e7ileri i\u00e7in iftar program\u0131 d\u00fczenlenerek bu anlaml\u0131 g\u00fcn\u00fc kutlad\u0131. Avc\u0131lar Belediye Ba\u015fkanvekili Av. Y\u00fcksel Can, CHP Avc\u0131lar \u0130l\u00e7e Ba\u015fkan\u0131 Say\u0131n Ahmet Sel\u00e7uk G\u00f6k ve meclis \u00fcyelerinin kat\u0131l\u0131m\u0131yla d\u00fczenlenen organizasyon; hekimleri, sa\u011fl\u0131k \u00e7al\u0131\u015fanlar\u0131n\u0131 ve belediye temsilcilerini ayn\u0131 sofrada bulu\u015fturdu. Payla\u015f\u0131m ve dayan\u0131\u015fman\u0131n \u00f6n plana \u00e7\u0131kt\u0131\u011f\u0131 ak\u015famda, sa\u011fl\u0131k camias\u0131na emekleri i\u00e7in te\u015fekk\u00fcr edildi.<\/p>\n<p><b>TIP BAYRAMI\u2019NDA SA\u011eLIK EMEK\u00c7\u0130LER\u0130 \u0130LE \u0130FTARDA B\u0130R ARAYA GEL\u0130ND\u0130<\/b><\/p>\n<p>Avc\u0131lar Belediyesi, 14 Mart T\u0131p Bayram\u0131 dolay\u0131s\u0131yla d\u00fczenledi\u011fi \u00f6zel iftar program\u0131nda il\u00e7ede g\u00f6rev yapan sa\u011fl\u0131k \u00e7al\u0131\u015fanlar\u0131n\u0131 bir araya getirdi. Hem T\u0131p Bayram\u0131&#8217;n\u0131n kutland\u0131\u011f\u0131 hem de Ramazan ay\u0131n\u0131n huzurunun payla\u015f\u0131ld\u0131\u011f\u0131 bulu\u015fmada, fedakar sa\u011fl\u0131k emek\u00e7ileri bir araya gelerek oru\u00e7lar\u0131n\u0131 a\u00e7t\u0131.<\/p>\n<p>Avc\u0131lar Belediyesi\u2019nin ev sahipli\u011finde d\u00fczenlenen programa; il\u00e7edeki hastanelerde, aile sa\u011fl\u0131\u011f\u0131 merkezlerinde ve sa\u011fl\u0131k kurumlar\u0131nda g\u00f6rev yapan \u00e7ok say\u0131da doktor, hem\u015fire ve sa\u011fl\u0131k personeli kat\u0131l\u0131m sa\u011flad\u0131.<\/p>\n<p>\u00a0<\/p>\n<p><b>\u201cSA\u011eLIKLI TOPLUMUN TEMEL\u0130 S\u0130ZLERS\u0130N\u0130Z\u201d<\/b><\/p>\n<p>\u0130ftar program\u0131nda konu\u015fma yapan Avc\u0131lar Belediye Ba\u015fkanvekili Av. Y\u00fcksel CAN, sa\u011fl\u0131k \u00e7al\u0131\u015fanlar\u0131n\u0131n toplum i\u00e7in ta\u015f\u0131d\u0131\u011f\u0131 \u00f6nemi vurgulad\u0131: \u201cRamazan\u2019\u0131n payla\u015fma ve dayan\u0131\u015fma ruhunu ya\u015fad\u0131\u011f\u0131m\u0131z bu g\u00fczel ak\u015famda, ayn\u0131 zamanda \u00e7ok k\u0131ymetli bir mesle\u011fin emek\u00e7ilerine te\u015fekk\u00fcr etmek i\u00e7in bir araday\u0131z. 14 Mart T\u0131p Bayram\u0131; insan hayat\u0131na dokunan, \u015fifa da\u011f\u0131tan, umut veren sa\u011fl\u0131k \u00e7al\u0131\u015fanlar\u0131m\u0131z\u0131 hat\u0131rlad\u0131\u011f\u0131m\u0131z \u00e7ok \u00f6zel bir g\u00fcnd\u00fcr. Hekimlerimiz ve t\u00fcm sa\u011fl\u0131k \u00e7al\u0131\u015fanlar\u0131m\u0131z yaln\u0131zca bir mesle\u011fi icra etmiyor; ayn\u0131 zamanda b\u00fcy\u00fck bir sorumlulu\u011fu, g\u00fc\u00e7l\u00fc bir vicdan\u0131 ve b\u00fcy\u00fck bir fedak\u00e2rl\u0131\u011f\u0131 da omuzlar\u0131nda ta\u015f\u0131yor.\u201d dedi.<\/p>\n<p>Sa\u011fl\u0131k emek\u00e7ilerinin \u00f6zverili \u00e7al\u0131\u015fmalar\u0131na vurgu yaparak konu\u015fmas\u0131na devam eden Can: \u201cSizlerin verdi\u011fi bu b\u00fcy\u00fck emek, toplum sa\u011fl\u0131\u011f\u0131n\u0131n en g\u00fc\u00e7l\u00fc temellerinden birini olu\u015fturuyor. Bizler de yerel y\u00f6netimler olarak sa\u011fl\u0131k \u00e7al\u0131\u015fanlar\u0131n\u0131n eme\u011fini \u00e7ok k\u0131ymetli g\u00f6r\u00fcyor, bu de\u011ferin her zaman hat\u0131rlanmas\u0131 gerekti\u011fine inan\u0131yoruz. \u00c7\u00fcnk\u00fc sa\u011fl\u0131kl\u0131 bir toplumun temelinde, g\u00fc\u00e7l\u00fc ve fedak\u00e2r sa\u011fl\u0131k \u00e7al\u0131\u015fanlar\u0131 vard\u0131r. Bu vesileyle ba\u015fta hekimlerimiz olmak \u00fczere t\u00fcm sa\u011fl\u0131k \u00e7al\u0131\u015fanlar\u0131m\u0131z\u0131n 14 Mart T\u0131p Bayram\u0131\u2019n\u0131 y\u00fcrekten kutluyorum.\u201d ifadelerini kulland\u0131.<\/p>\n<p>\u0130ftar program\u0131n\u0131n sonunda sa\u011fl\u0131k \u00e7al\u0131\u015fanlar\u0131, kendileri i\u00e7in haz\u0131rlanan bu anlaml\u0131 organizasyon i\u00e7in Avc\u0131lar Belediyesi\u2019ne te\u015fekk\u00fcrlerini iletirken, meslekta\u015flar\u0131yla g\u00fcn\u00fcn an\u0131s\u0131na toplu hat\u0131ra foto\u011fraf\u0131 \u00e7ektirerek geceyi noktalad\u0131.<\/p>\n<p>Kaynak: (BYZHA) Beyaz Haber Ajans\u0131<\/p>\n","protected":false},"excerpt":{"rendered":"<p>Avc\u0131lar Belediyesi, 14 Mart T\u0131p Bayram\u0131\u2019nda sa\u011fl\u0131k emek\u00e7ileri i\u00e7in iftar program\u0131 d\u00fczenlenerek bu anlaml\u0131 g\u00fcn\u00fc kutlad\u0131.<\/p>\n","protected":false},"author":1,"featured_media":3761,"comment_status":"open","ping_status":"open","sticky":false,"template":"","format":"standard","meta":{"footnotes":""},"categories":[21],"tags":[],"class_list":["post-3760","post","type-post","status-publish","format-standard","has-post-thumbnail","hentry","category-gundem"],"_links":{"self":[{"href":"https:\/\/busondakika.com.tr\/index.php?rest_route=\/wp\/v2\/posts\/3760","targetHints":{"allow":["GET"]}}],"collection":[{"href":"https:\/\/busondakika.com.tr\/index.php?rest_route=\/wp\/v2\/posts"}],"about":[{"href":"https:\/\/busondakika.com.tr\/index.php?rest_route=\/wp\/v2\/types\/post"}],"author":[{"embeddable":true,"href":"https:\/\/busondakika.com.tr\/index.php?rest_route=\/wp\/v2\/users\/1"}],"replies":[{"embeddable":true,"href":"https:\/\/busondakika.com.tr\/index.php?rest_route=%2Fwp%2Fv2%2Fcomments&post=3760"}],"version-history":[{"count":1,"href":"https:\/\/busondakika.com.tr\/index.php?rest_route=\/wp\/v2\/posts\/3760\/revisions"}],"predecessor-version":[{"id":3762,"href":"https:\/\/busondakika.com.tr\/index.php?rest_route=\/wp\/v2\/posts\/3760\/revisions\/3762"}],"wp:featuredmedia":[{"embeddable":true,"href":"https:\/\/busondakika.com.tr\/index.php?rest_route=\/wp\/v2\/media\/3761"}],"wp:attachment":[{"href":"https:\/\/busondakika.com.tr\/index.php?rest_route=%2Fwp%2Fv2%2Fmedia&parent=3760"}],"wp:term":[{"taxonomy":"category","embeddable":true,"href":"https:\/\/busondakika.com.tr\/index.php?rest_route=%2Fwp%2Fv2%2Fcategories&post=3760"},{"taxonomy":"post_tag","embeddable":true,"href":"https:\/\/busondakika.com.tr\/index.php?rest_route=%2Fwp%2Fv2%2Ftags&post=3760"}],"curies":[{"name":"wp","href":"https:\/\/api.w.org\/{rel}","templated":true}]}}