{"id":3763,"date":"2026-03-15T13:43:40","date_gmt":"2026-03-15T13:43:40","guid":{"rendered":"https:\/\/busondakika.com.tr\/?p=3763"},"modified":"2026-03-15T13:43:41","modified_gmt":"2026-03-15T13:43:41","slug":"baskan-altay-tum-islam-aleminin-kadir-gecesi-mubarek-olsun","status":"publish","type":"post","link":"https:\/\/busondakika.com.tr\/?p=3763","title":{"rendered":"Ba\u015fkan Altay: \u201cT\u00fcm \u0130slam \u00c2leminin Kadir Gecesi M\u00fcbarek Olsun\u201d"},"content":{"rendered":"\n<p data-asw-org-font-size=\"14\"><strong>Konya B\u00fcy\u00fck\u015fehir Belediye Ba\u015fkan\u0131 U\u011fur \u0130brahim Altay, Kadir Gecesi dolay\u0131s\u0131yla yay\u0131mlad\u0131\u011f\u0131 mesaj\u0131nda, \u201cKonyal\u0131 hem\u015fehrilerimizin, milletimizin ve t\u00fcm \u0130slam \u00e2leminin Kadir Gecesi m\u00fcbarek olsun. Bu m\u00fcbarek gecenin; akan g\u00f6zya\u015flar\u0131n\u0131n dinmesine, mazlumlar\u0131n y\u00fcz\u00fcn\u00fcn g\u00fclmesine, yery\u00fcz\u00fcnde bar\u0131\u015f ve karde\u015flik ikliminin yeniden h\u00e2kim olmas\u0131na vesile olmas\u0131n\u0131 temenni ediyorum\u201d dedi.<\/strong><\/p>\n<p data-asw-org-font-size=\"14\">\u00a0<\/p>\n<p data-asw-org-font-size=\"14\">Konya B\u00fcy\u00fck\u015fehir Belediye Ba\u015fkan\u0131 U\u011fur \u0130brahim Altay, m\u00fcbarek Kadir Gecesi vesilesi ile bir mesaj yay\u0131mlad\u0131.<\/p>\n<p data-asw-org-font-size=\"14\">Ba\u015fkan Altay\u2019\u0131n mesaj\u0131 \u015f\u00f6yle:<\/p>\n<p data-asw-org-font-size=\"14\">\u201cBin aydan daha hay\u0131rl\u0131 olan Kadir Gecesi\u2019ne eri\u015fmenin huzurunu ve manevi sevincini ya\u015f\u0131yoruz.\u00a0<\/p>\n<p data-asw-org-font-size=\"14\">Y\u00fcce kitab\u0131m\u0131z Kur\u2019an-\u0131 Kerim\u2019in nazil olmaya ba\u015flad\u0131\u011f\u0131 bu m\u00fcbarek gece; g\u00f6n\u00fcllerimizin ar\u0131nmas\u0131na, dualar\u0131m\u0131z\u0131n semaya y\u00fckselmesine, birlik ve beraberli\u011fimizin kuvvetlenmesine vesile olan e\u015fsiz bir rahmet iklimidir.<\/p>\n<p data-asw-org-font-size=\"14\">\u0130lahi rahmetin g\u00f6n\u00fcllere indi\u011fi, af ve ma\u011ffiret ikliminin ruhlar\u0131 sard\u0131\u011f\u0131 bu m\u00fcbarek vakitler, k\u0131rg\u0131nl\u0131klar\u0131 geride b\u0131rakmaya, kalplerimizi birbirine yakla\u015ft\u0131rmaya vesile olur; payla\u015fman\u0131n ve karde\u015fli\u011fin de\u011ferini bizlere yeniden hat\u0131rlat\u0131r.\u00a0<\/p>\n<p data-asw-org-font-size=\"14\">B\u00f6ylesine m\u00fcstesna zamanlar, insanl\u0131\u011f\u0131n her zamankinden daha fazla vicdana, adalete, huzura ve merhamete ihtiya\u00e7 duydu\u011fu bug\u00fcnlerde \u00e7ok daha derin bir anlam ta\u015f\u0131maktad\u0131r.<\/p>\n<p data-asw-org-font-size=\"14\">Ba\u015fta Gazze olmak \u00fczere b\u00f6lgemizde ve d\u00fcnyan\u0131n farkl\u0131 co\u011frafyalar\u0131nda zul\u00fcm, sava\u015f ve ac\u0131 alt\u0131nda ya\u015fam m\u00fccadelesi veren t\u00fcm karde\u015flerimizin bir an \u00f6nce huzura, g\u00fcvene ve selamete kavu\u015fmas\u0131n\u0131 Y\u00fcce Allah\u2019tan niyaz ediyorum.\u00a0<\/p>\n<p data-asw-org-font-size=\"14\">Bu m\u00fcbarek gecenin; akan g\u00f6zya\u015flar\u0131n\u0131n dinmesine, mazlumlar\u0131n y\u00fcz\u00fcn\u00fcn g\u00fclmesine, yery\u00fcz\u00fcnde bar\u0131\u015f ve karde\u015flik ikliminin yeniden h\u00e2kim olmas\u0131na vesile olmas\u0131n\u0131 temenni ediyorum.<\/p>\n<p data-asw-org-font-size=\"14\">Konyal\u0131 hem\u015fehrilerimizin, milletimizin ve t\u00fcm \u0130slam \u00e2leminin Kadir Gecesi m\u00fcbarek olsun. Y\u00fcce Rabbim Kadir Gecesine kavu\u015ftu\u011fumuz gibi, sa\u011fl\u0131k ve afiyetle bayram sevincine de kavu\u015fmay\u0131 bizlere nasip etsin.\u201d<\/p>\n<p>Kaynak: (BYZHA) Beyaz Haber Ajans\u0131<\/p>\n","protected":false},"excerpt":{"rendered":"<p>Konya B\u00fcy\u00fck\u015fehir Belediye Ba\u015fkan\u0131 U\u011fur \u0130brahim Altay, Kadir Gecesi dolay\u0131s\u0131yla yay\u0131mlad\u0131\u011f\u0131 mesaj\u0131nda, \u201cKonyal\u0131 hem\u015fehrilerimizin, milletimizin ve t\u00fcm \u0130slam \u00e2leminin Kadir Gecesi m\u00fcbarek olsun.<\/p>\n","protected":false},"author":1,"featured_media":3764,"comment_status":"open","ping_status":"open","sticky":false,"template":"","format":"standard","meta":{"footnotes":""},"categories":[21],"tags":[],"class_list":["post-3763","post","type-post","status-publish","format-standard","has-post-thumbnail","hentry","category-gundem"],"_links":{"self":[{"href":"https:\/\/busondakika.com.tr\/index.php?rest_route=\/wp\/v2\/posts\/3763","targetHints":{"allow":["GET"]}}],"collection":[{"href":"https:\/\/busondakika.com.tr\/index.php?rest_route=\/wp\/v2\/posts"}],"about":[{"href":"https:\/\/busondakika.com.tr\/index.php?rest_route=\/wp\/v2\/types\/post"}],"author":[{"embeddable":true,"href":"https:\/\/busondakika.com.tr\/index.php?rest_route=\/wp\/v2\/users\/1"}],"replies":[{"embeddable":true,"href":"https:\/\/busondakika.com.tr\/index.php?rest_route=%2Fwp%2Fv2%2Fcomments&post=3763"}],"version-history":[{"count":1,"href":"https:\/\/busondakika.com.tr\/index.php?rest_route=\/wp\/v2\/posts\/3763\/revisions"}],"predecessor-version":[{"id":3765,"href":"https:\/\/busondakika.com.tr\/index.php?rest_route=\/wp\/v2\/posts\/3763\/revisions\/3765"}],"wp:featuredmedia":[{"embeddable":true,"href":"https:\/\/busondakika.com.tr\/index.php?rest_route=\/wp\/v2\/media\/3764"}],"wp:attachment":[{"href":"https:\/\/busondakika.com.tr\/index.php?rest_route=%2Fwp%2Fv2%2Fmedia&parent=3763"}],"wp:term":[{"taxonomy":"category","embeddable":true,"href":"https:\/\/busondakika.com.tr\/index.php?rest_route=%2Fwp%2Fv2%2Fcategories&post=3763"},{"taxonomy":"post_tag","embeddable":true,"href":"https:\/\/busondakika.com.tr\/index.php?rest_route=%2Fwp%2Fv2%2Ftags&post=3763"}],"curies":[{"name":"wp","href":"https:\/\/api.w.org\/{rel}","templated":true}]}}