{"id":3766,"date":"2026-03-15T14:07:22","date_gmt":"2026-03-15T14:07:22","guid":{"rendered":"https:\/\/busondakika.com.tr\/?p=3766"},"modified":"2026-03-15T14:07:23","modified_gmt":"2026-03-15T14:07:23","slug":"ibb-deneme-kulubunde-sinav-heyecani","status":"publish","type":"post","link":"https:\/\/busondakika.com.tr\/?p=3766","title":{"rendered":"\u0130BB Deneme Kul\u00fcb\u00fc&#8217;nde s\u0131nav heyecan\u0131"},"content":{"rendered":"<p> <strong>\u0130BB\u2019nin LGS ve YKS\u2019ye haz\u0131rlanan \u00f6\u011frenciler i\u00e7in hayata ge\u00e7irdi\u011fi Deneme Kul\u00fcb\u00fc Projesi\u2019nde ilk s\u0131navlar ba\u015flad\u0131. \u0130stanbul\u2019un 12 farkl\u0131 noktas\u0131nda d\u00fczenlenen denemelerle 8. ve 12. s\u0131n\u0131f \u00f6\u011frencileri ile mezunlar\u0131n ger\u00e7ek s\u0131nav ko\u015fullar\u0131nda kendilerini test etmeleri ama\u00e7lan\u0131yor. Proje kapsam\u0131nda y\u0131l boyunca 40 binden fazla deneme s\u0131nav\u0131n\u0131n yap\u0131lmas\u0131 planlan\u0131yor. Nisan ay\u0131 denemelerine kat\u0131lmak isteyen \u00f6\u011frenciler 25 Mart\u2019a kadar ba\u015fvuruda bulunabilecek.<\/strong><\/p>\n<p>\u0130stanbul B\u00fcy\u00fck\u015fehir Belediyesi\u2019nin (\u0130BB) LGS\u2019ye ve YKS\u2019ye haz\u0131rl\u0131k s\u00fcrecine y\u00f6nelik hayata ge\u00e7irdi\u011fi Deneme Kul\u00fcb\u00fc Projesi\u2019nde ilk s\u0131navlar ba\u015flad\u0131. S\u0131navlara haz\u0131rlanan 8. ve 12. s\u0131n\u0131f \u00f6\u011frencileriyle mezun olanlar\u0131n kat\u0131l\u0131m\u0131na a\u00e7\u0131k proje ile d\u00f6nem boyunca 40 bin deneme s\u0131nav\u0131n\u0131n yap\u0131lmas\u0131 hedefleniyor. Ayl\u0131k olarak planlanan denemeler ger\u00e7ek s\u0131nav s\u00fcresinde ve ger\u00e7ek s\u0131nav ko\u015fullar\u0131na uygun olarak yap\u0131l\u0131yor. Nisan ay\u0131nda denemelere kat\u0131lmak isteyen gen\u00e7ler 25 Mart\u2019a kadar dersatolyeleri.ibb.istanbul\u00a0 adresinden projeye ba\u015fvurabilecekler.\u00a0<\/p>\n<p>\u0130stanbul\u2019un 12 farkl\u0131 noktas\u0131nda ger\u00e7ekle\u015ftirilen Deneme Kul\u00fcb\u00fc projesi; LGS ve YKS\u2019ye haz\u0131rlanan \u00f6\u011frencilerin konu eksiklerini tespit etmelerine, geli\u015fimlerini takip etmelerine, s\u0131nav atmosferine al\u0131\u015fmalar\u0131na ve s\u0131nav s\u00fcresini daha verimli kullanmalar\u0131na katk\u0131 sa\u011flamay\u0131 ama\u00e7l\u0131yor.<\/p>\n<p><strong>HER SALI VE PER\u015eEMBE DENEME G\u00dcN\u00dc<\/strong><\/p>\n<p>\u0130BB Ders At\u00f6lyeleri b\u00fcnyesinde \u0130stanbul\u2019un 12 farkl\u0131 noktas\u0131nda uygulanmaya ba\u015flanan Deneme Kul\u00fcb\u00fc Projesi\u2019nde Nisan ay\u0131 s\u0131navlar\u0131n\u0131n ba\u015fvurular\u0131 devam ediyor. \u0130stanbul\u2019da ya\u015fayan ve s\u0131navlara haz\u0131rlanan 8. ve 12. s\u0131n\u0131f \u00f6\u011frencileri ile lise mezunlar\u0131n\u0131n kat\u0131labildi\u011fi proje kapsam\u0131nda s\u0131navlar her sal\u0131 ve per\u015fembe g\u00fcn\u00fc yap\u0131l\u0131yor.\u00a0<\/p>\n<p>YKS\u2019ye haz\u0131rlanan \u00f6\u011frencilerin s\u0131navlar\u0131 10.00\u201313.00, 13.00\u201316.00 ve 14.00\u201317.00 saatleri aras\u0131nda yap\u0131l\u0131rken, LGS\u2019ye haz\u0131rlanan \u00f6\u011frenciler 17.00\u201320.00 saatleri aras\u0131nda ger\u00e7ekle\u015ftirilen denemelere kat\u0131labiliyor.<\/p>\n<p>Proje kapsam\u0131nda, 2026 y\u0131l\u0131 i\u00e7inde 1.175 oturumda 40 bini a\u015fk\u0131n deneme s\u0131nav\u0131n\u0131n ger\u00e7ekle\u015ftirilmesi planlan\u0131yor. Bu sayede \u00f6\u011frencilerin d\u00fczenli olarak kendilerini test edebilmeleri, s\u0131nav deneyimi kazanmalar\u0131 ve \u00f6l\u00e7me-de\u011ferlendirme s\u00fcre\u00e7lerini daha sa\u011fl\u0131kl\u0131 \u015fekilde yapabilmeleri ama\u00e7lan\u0131yor.<\/p>\n<p><strong>N\u0130SAN AYI BA\u015eVURULARI 25 MART\u2019A KADAR S\u00dcRECEK<\/strong><\/p>\n<p>Denemelerin ba\u015fvurular\u0131 ise ayl\u0131k olarak al\u0131n\u0131yor. \u0130BB\u2019nin Deneme Kul\u00fcb\u00fc\u2019ne Nisan ay\u0131nda kat\u0131lmak isteyen \u00f6\u011frenciler 25 Mart\u2019a ba\u015fvurular\u0131n\u0131\u00a0dersatolyeleri.ibb.istanbul\u00a0 adresi \u00fczerinden ger\u00e7ekle\u015ftirebilecek.<\/p>\n<p><strong>DENEME SINAVLARININ GER\u00c7EKLE\u015eT\u0130R\u0130LECE\u011e\u0130 MERKEZLER<\/strong><\/p>\n<p>1.\u00a0 \u00a0 \u00a0 \u00a0 \u00a0\u0130BB Bak\u0131rk\u00f6y Ders At\u00f6lyesi<\/p>\n<p>2.\u00a0 \u00a0 \u00a0 \u00a0 \u00a0\u0130BB Gaziosmanpa\u015fa Ders At\u00f6lyesi<\/p>\n<p>3.\u00a0 \u00a0 \u00a0 \u00a0 \u00a0\u0130BB K\u00fc\u00e7\u00fck\u00e7ekmece Filenin Sultanlar\u0131 Gen\u00e7lik Merkezi<\/p>\n<p>4.\u00a0 \u00a0 \u00a0 \u00a0 \u00a0\u0130BB C\u00fcneyt Ark\u0131n Gen\u00e7lik Merkezi<\/p>\n<p>5.\u00a0 \u00a0 \u00a0 \u00a0 \u00a0\u0130BB G\u00fcng\u00f6ren Teknoloji At\u00f6lyesi<\/p>\n<p>6.\u00a0 \u00a0 \u00a0 \u00a0 \u00a0\u0130BB Esenler Teknoloji At\u00f6lyesi<\/p>\n<p>7.\u00a0 \u00a0 \u00a0 \u00a0 \u00a0\u0130BB Esenyurt Teknoloji At\u00f6lyesi<\/p>\n<p>8.\u00a0 \u00a0 \u00a0 \u00a0 \u00a0\u0130BB Fatih Teknoloji At\u00f6lyesi<\/p>\n<p>9.\u00a0 \u00a0 \u00a0 \u00a0 \u00a0\u0130BB Mecidiyek\u00f6y Teknoloji At\u00f6lyesi<\/p>\n<p>10.\u00a0 \u00a0 \u00a0 \u00a0\u0130BB Pendik Teknoloji At\u00f6lyesi<\/p>\n<p>11.\u00a0 \u00a0 \u00a0 \u00a0\u0130BB Tuzla Teknoloji At\u00f6lyesi<\/p>\n<p>12. \u00a0 \u00a0 \u00a0 \u0130BB \u00dcmraniye Teknoloji At\u00f6lyesi<\/p>\n<p>Kaynak: (BYZHA) Beyaz Haber Ajans\u0131<\/p>\n","protected":false},"excerpt":{"rendered":"<p>\u0130BB\u2019nin LGS ve YKS\u2019ye haz\u0131rlanan \u00f6\u011frenciler i\u00e7in hayata ge\u00e7irdi\u011fi Deneme Kul\u00fcb\u00fc Projesi\u2019nde ilk s\u0131navlar ba\u015flad\u0131.<\/p>\n","protected":false},"author":1,"featured_media":3767,"comment_status":"open","ping_status":"open","sticky":false,"template":"","format":"standard","meta":{"footnotes":""},"categories":[21],"tags":[],"class_list":["post-3766","post","type-post","status-publish","format-standard","has-post-thumbnail","hentry","category-gundem"],"_links":{"self":[{"href":"https:\/\/busondakika.com.tr\/index.php?rest_route=\/wp\/v2\/posts\/3766","targetHints":{"allow":["GET"]}}],"collection":[{"href":"https:\/\/busondakika.com.tr\/index.php?rest_route=\/wp\/v2\/posts"}],"about":[{"href":"https:\/\/busondakika.com.tr\/index.php?rest_route=\/wp\/v2\/types\/post"}],"author":[{"embeddable":true,"href":"https:\/\/busondakika.com.tr\/index.php?rest_route=\/wp\/v2\/users\/1"}],"replies":[{"embeddable":true,"href":"https:\/\/busondakika.com.tr\/index.php?rest_route=%2Fwp%2Fv2%2Fcomments&post=3766"}],"version-history":[{"count":1,"href":"https:\/\/busondakika.com.tr\/index.php?rest_route=\/wp\/v2\/posts\/3766\/revisions"}],"predecessor-version":[{"id":3768,"href":"https:\/\/busondakika.com.tr\/index.php?rest_route=\/wp\/v2\/posts\/3766\/revisions\/3768"}],"wp:featuredmedia":[{"embeddable":true,"href":"https:\/\/busondakika.com.tr\/index.php?rest_route=\/wp\/v2\/media\/3767"}],"wp:attachment":[{"href":"https:\/\/busondakika.com.tr\/index.php?rest_route=%2Fwp%2Fv2%2Fmedia&parent=3766"}],"wp:term":[{"taxonomy":"category","embeddable":true,"href":"https:\/\/busondakika.com.tr\/index.php?rest_route=%2Fwp%2Fv2%2Fcategories&post=3766"},{"taxonomy":"post_tag","embeddable":true,"href":"https:\/\/busondakika.com.tr\/index.php?rest_route=%2Fwp%2Fv2%2Ftags&post=3766"}],"curies":[{"name":"wp","href":"https:\/\/api.w.org\/{rel}","templated":true}]}}