{"id":3778,"date":"2026-03-15T14:07:29","date_gmt":"2026-03-15T14:07:29","guid":{"rendered":"https:\/\/busondakika.com.tr\/?p=3778"},"modified":"2026-03-15T14:07:30","modified_gmt":"2026-03-15T14:07:30","slug":"baskan-sandikcidan-kadir-gecesi-mesaji","status":"publish","type":"post","link":"https:\/\/busondakika.com.tr\/?p=3778","title":{"rendered":"Ba\u015fkan Sand\u0131k\u00e7\u0131&#8217;dan Kadir Gecesi Mesaj\u0131\u00a0"},"content":{"rendered":"<p> <b>Canik Belediye Ba\u015fkan\u0131 \u0130brahim Sand\u0131k\u00e7\u0131, Kadir Gecesi dolay\u0131s\u0131yla mesaj yay\u0131mlad\u0131.\u00a0<\/b><\/p>\n<p>Canik Belediye Ba\u015fkan\u0131 \u0130brahim Sand\u0131k\u00e7\u0131, Kadir gecesi dolay\u0131s\u0131yla mesaj yay\u0131mlad\u0131. Bin aydan daha hay\u0131rl\u0131 olarak m\u00fcjdelenen Kadir Gecesi\u2019ne yeniden ula\u015fman\u0131n sevincini payla\u015ft\u0131klar\u0131n\u0131 ifade eden Ba\u015fkan \u0130brahim Sand\u0131k\u00e7\u0131, yay\u0131mlad\u0131\u011f\u0131 mesajda, \u201cBa\u015f\u0131 rahmet, ortas\u0131 ma\u011ffiret, sonu cehennem azab\u0131ndan kurtulu\u015f olan Ramazan-\u0131 \u015eerif\u2019in son g\u00fcnlerine yakla\u015f\u0131rken, bin aydan daha hay\u0131rl\u0131 olan Kadir Gecesi\u2019ne ula\u015fman\u0131n mutlulu\u011funu ve sevincini ya\u015f\u0131yoruz. Y\u00fcce kitab\u0131m\u0131z Kur\u2019an-\u0131 Kerim\u2019in indirilmeye ba\u015fland\u0131\u011f\u0131, rahmet ve ma\u011ffiret kap\u0131lar\u0131n\u0131n ard\u0131na kadar a\u00e7\u0131ld\u0131\u011f\u0131 Leyle-i Kadir, ayr\u0131ca ho\u015fg\u00f6r\u00fc ortam\u0131n\u0131n geli\u015fmesine, birlik ve beraberli\u011fimizin g\u00fc\u00e7lenmesine katk\u0131lar sunan m\u00fcstesna bir g\u00fcnd\u00fcr. Bu duygu ve d\u00fc\u015f\u00fcncelerle, m\u00fcbarek Kadir Gecesi\u2019nin \u00fclkemize, milletimize ve t\u00fcm \u0130slam \u00e2lemine hay\u0131rlar getirmesini, mazlum co\u011frafyalarda akan g\u00f6zya\u015f\u0131n\u0131n dinmesine vesile olmas\u0131n\u0131 temenni ediyorum. Kadir Gecemiz m\u00fcbarek olsun\u201d ifadelerine yer verdi.\u00a0<\/p>\n<p>Kaynak: (BYZHA) Beyaz Haber Ajans\u0131<\/p>\n","protected":false},"excerpt":{"rendered":"<p>Canik Belediye Ba\u015fkan\u0131 \u0130brahim Sand\u0131k\u00e7\u0131, Kadir Gecesi dolay\u0131s\u0131yla mesaj yay\u0131mlad\u0131.<\/p>\n","protected":false},"author":1,"featured_media":3779,"comment_status":"open","ping_status":"open","sticky":false,"template":"","format":"standard","meta":{"footnotes":""},"categories":[21],"tags":[],"class_list":["post-3778","post","type-post","status-publish","format-standard","has-post-thumbnail","hentry","category-gundem"],"_links":{"self":[{"href":"https:\/\/busondakika.com.tr\/index.php?rest_route=\/wp\/v2\/posts\/3778","targetHints":{"allow":["GET"]}}],"collection":[{"href":"https:\/\/busondakika.com.tr\/index.php?rest_route=\/wp\/v2\/posts"}],"about":[{"href":"https:\/\/busondakika.com.tr\/index.php?rest_route=\/wp\/v2\/types\/post"}],"author":[{"embeddable":true,"href":"https:\/\/busondakika.com.tr\/index.php?rest_route=\/wp\/v2\/users\/1"}],"replies":[{"embeddable":true,"href":"https:\/\/busondakika.com.tr\/index.php?rest_route=%2Fwp%2Fv2%2Fcomments&post=3778"}],"version-history":[{"count":1,"href":"https:\/\/busondakika.com.tr\/index.php?rest_route=\/wp\/v2\/posts\/3778\/revisions"}],"predecessor-version":[{"id":3780,"href":"https:\/\/busondakika.com.tr\/index.php?rest_route=\/wp\/v2\/posts\/3778\/revisions\/3780"}],"wp:featuredmedia":[{"embeddable":true,"href":"https:\/\/busondakika.com.tr\/index.php?rest_route=\/wp\/v2\/media\/3779"}],"wp:attachment":[{"href":"https:\/\/busondakika.com.tr\/index.php?rest_route=%2Fwp%2Fv2%2Fmedia&parent=3778"}],"wp:term":[{"taxonomy":"category","embeddable":true,"href":"https:\/\/busondakika.com.tr\/index.php?rest_route=%2Fwp%2Fv2%2Fcategories&post=3778"},{"taxonomy":"post_tag","embeddable":true,"href":"https:\/\/busondakika.com.tr\/index.php?rest_route=%2Fwp%2Fv2%2Ftags&post=3778"}],"curies":[{"name":"wp","href":"https:\/\/api.w.org\/{rel}","templated":true}]}}