{"id":3781,"date":"2026-03-15T14:07:37","date_gmt":"2026-03-15T14:07:37","guid":{"rendered":"https:\/\/busondakika.com.tr\/?p=3781"},"modified":"2026-03-15T14:07:38","modified_gmt":"2026-03-15T14:07:38","slug":"buyuksehirle-fotografin-tarihsel-yolculuguna-ciktilar","status":"publish","type":"post","link":"https:\/\/busondakika.com.tr\/?p=3781","title":{"rendered":"B\u00fcy\u00fck\u015fehir&#8217;le foto\u011fraf\u0131n tarihsel yolculu\u011funa \u00e7\u0131kt\u0131lar"},"content":{"rendered":"<p> Kocaeli B\u00fcy\u00fck\u015fehir Belediyesi b\u00fcnyesinde hizmet veren Kocaeli Foto\u011fraf Teknolojisi M\u00fczesi, Kocaeli \u00dcniversitesi T\u0131p Fak\u00fcltesi T\u0131bbi G\u00f6rsel Dok\u00fcmantasyon B\u00f6l\u00fcm\u00fc \u00f6\u011frencilerini a\u011f\u0131rlad\u0131. Foto\u011fraf tarihi, foto\u011fraf teknolojisi ve karanl\u0131k oda s\u00fcre\u00e7lerine ili\u015fkin kapsaml\u0131 bilgilerin payla\u015f\u0131ld\u0131\u011f\u0131 e\u011fitim program\u0131, \u00f6\u011frencileri foto\u011fraf sanat\u0131nda tarihsel bir yolculu\u011fa \u00e7\u0131kard\u0131.<\/p>\n<p><b>FOTO\u011eRAFIN TAR\u0130HSEL YOLCULU\u011eU ANLATILDI<\/b><\/p>\n<p>Kocaeli B\u00fcy\u00fck\u015fehir Belediyesi\u2019ne ba\u011fl\u0131 olarak hizmet veren Kocaeli Foto\u011fraf Teknolojisi M\u00fczesi\u2019nde, Kocaeli \u00dcniversitesi T\u0131p Fak\u00fcltesi T\u0131bbi G\u00f6rsel Dok\u00fcmantasyon B\u00f6l\u00fcm\u00fc \u00f6\u011frencilerinin kat\u0131l\u0131m\u0131 ile e\u011fitim program\u0131 ger\u00e7ekle\u015ftirildi. Kurumlar aras\u0131 i\u015f birli\u011fi kapsam\u0131nda d\u00fczenlenen programda G\u00fczel Sanatlar Fak\u00fcltesi Foto\u011fraf B\u00f6l\u00fcm\u00fc \u00d6\u011fretim \u00dcyesi Dr. Oylum Tun\u00e7elli rehberli\u011finde foto\u011fraf tarihi, foto\u011fraf teknolojisi ve karanl\u0131k oda s\u00fcre\u00e7lerine ili\u015fkin kapsaml\u0131 bilgiler payla\u015f\u0131ld\u0131.<\/p>\n<p><b>PEK \u00c7OK KONU ELE ALINDI<\/b><\/p>\n<p>E\u011fitim kapsam\u0131nda foto\u011fraf makinesinin tarihsel geli\u015fimi, ilk foto\u011fraf makinelerinden g\u00fcn\u00fcm\u00fcze kadar ya\u015fanan teknolojik d\u00f6n\u00fc\u015f\u00fcm, analog ve dijital foto\u011fraf teknikleri gibi konular ele al\u0131nd\u0131. \u00d6\u011frencilere foto\u011fraf teknolojisinin geli\u015fim s\u00fcrecinde kullan\u0131lan farkl\u0131 ekipmanlar ve \u00fcretim y\u00f6ntemleri hakk\u0131nda bilgiler aktar\u0131l\u0131rken, foto\u011fraf\u0131n bilimsel ve belgesel alanlarda kullan\u0131m\u0131na da de\u011finildi.<\/p>\n<p><b>TEKN\u0130K S\u00dcRE\u00c7LER HAKKINDA DETAYLI B\u0130LG\u0130<\/b><\/p>\n<p>Program\u0131n uygulamal\u0131 b\u00f6l\u00fcm\u00fcnde \u00f6\u011frencilere karanl\u0131k oda ortam\u0131 tan\u0131t\u0131ld\u0131. E\u011fitmen, karanl\u0131k odan\u0131n \u00e7al\u0131\u015fma prensiplerini, film banyosu ve bask\u0131 tekniklerini ad\u0131m ad\u0131m uygulamal\u0131 olarak g\u00f6stererek kat\u0131l\u0131mc\u0131lara aktard\u0131. B\u00f6ylece \u00f6\u011frenciler, foto\u011fraf\u0131n \u00fcretim a\u015famalar\u0131na dair teknik s\u00fcre\u00e7ler hakk\u0131nda detayl\u0131 ve do\u011frudan bilgi edinme f\u0131rsat\u0131 buldu.<b>\u00a0<\/b><\/p>\n<p><b>E\u011e\u0130T\u0130MLER DEVAM EDECEK<\/b><\/p>\n<p>Akademik bilgi ile foto\u011fraf teknolojisinin tarihsel birikimini bir araya getiren bu e\u011fitimlerin, kurumlar aras\u0131 i\u015f birli\u011fi \u00e7er\u00e7evesinde ilerleyen s\u00fcre\u00e7te farkl\u0131 ba\u015fl\u0131klar ve uygulamalarla s\u00fcrd\u00fcr\u00fclmesi planlan\u0131yor.<\/p>\n<p>Kaynak: (BYZHA) Beyaz Haber Ajans\u0131<\/p>\n","protected":false},"excerpt":{"rendered":"<p>Kocaeli B\u00fcy\u00fck\u015fehir Belediyesi b\u00fcnyesinde hizmet veren Kocaeli Foto\u011fraf Teknolojisi M\u00fczesi, Kocaeli \u00dcniversitesi T\u0131p Fak\u00fcltesi T\u0131bbi G\u00f6rsel Dok\u00fcmantasyon B\u00f6l\u00fcm\u00fc \u00f6\u011frencilerini a\u011f\u0131rlad\u0131.<\/p>\n","protected":false},"author":1,"featured_media":3783,"comment_status":"open","ping_status":"open","sticky":false,"template":"","format":"standard","meta":{"footnotes":""},"categories":[20],"tags":[],"class_list":["post-3781","post","type-post","status-publish","format-standard","has-post-thumbnail","hentry","category-kultur-sanat"],"_links":{"self":[{"href":"https:\/\/busondakika.com.tr\/index.php?rest_route=\/wp\/v2\/posts\/3781","targetHints":{"allow":["GET"]}}],"collection":[{"href":"https:\/\/busondakika.com.tr\/index.php?rest_route=\/wp\/v2\/posts"}],"about":[{"href":"https:\/\/busondakika.com.tr\/index.php?rest_route=\/wp\/v2\/types\/post"}],"author":[{"embeddable":true,"href":"https:\/\/busondakika.com.tr\/index.php?rest_route=\/wp\/v2\/users\/1"}],"replies":[{"embeddable":true,"href":"https:\/\/busondakika.com.tr\/index.php?rest_route=%2Fwp%2Fv2%2Fcomments&post=3781"}],"version-history":[{"count":1,"href":"https:\/\/busondakika.com.tr\/index.php?rest_route=\/wp\/v2\/posts\/3781\/revisions"}],"predecessor-version":[{"id":3784,"href":"https:\/\/busondakika.com.tr\/index.php?rest_route=\/wp\/v2\/posts\/3781\/revisions\/3784"}],"wp:featuredmedia":[{"embeddable":true,"href":"https:\/\/busondakika.com.tr\/index.php?rest_route=\/wp\/v2\/media\/3783"}],"wp:attachment":[{"href":"https:\/\/busondakika.com.tr\/index.php?rest_route=%2Fwp%2Fv2%2Fmedia&parent=3781"}],"wp:term":[{"taxonomy":"category","embeddable":true,"href":"https:\/\/busondakika.com.tr\/index.php?rest_route=%2Fwp%2Fv2%2Fcategories&post=3781"},{"taxonomy":"post_tag","embeddable":true,"href":"https:\/\/busondakika.com.tr\/index.php?rest_route=%2Fwp%2Fv2%2Ftags&post=3781"}],"curies":[{"name":"wp","href":"https:\/\/api.w.org\/{rel}","templated":true}]}}