{"id":3782,"date":"2026-03-15T14:07:37","date_gmt":"2026-03-15T14:07:37","guid":{"rendered":"https:\/\/busondakika.com.tr\/?p=3782"},"modified":"2026-03-15T14:07:39","modified_gmt":"2026-03-15T14:07:39","slug":"sarigolde-ramazan-sofrasinda-birlik-ve-beraberlik-bulusmasi","status":"publish","type":"post","link":"https:\/\/busondakika.com.tr\/?p=3782","title":{"rendered":"Sar\u0131g\u00f6l\u2019de Ramazan Sofras\u0131nda Birlik ve Beraberlik Bulu\u015fmas\u0131"},"content":{"rendered":"<p> Manisa B\u00fcy\u00fck\u015fehir Belediyesi ve Sar\u0131g\u00f6l Belediyesi i\u015f birli\u011fiyle d\u00fczenlenen iftar program\u0131, Sar\u0131g\u00f6ll\u00fc vatanda\u015flar\u0131 ayn\u0131 sofrada bir araya getirdi. Birlik, beraberlik ve dayan\u0131\u015fma ruhunun \u00f6n plana \u00e7\u0131kt\u0131\u011f\u0131 gecede, geleneksel Ramazan etkinlikleri de renkli g\u00f6r\u00fcnt\u00fclere sahne oldu.<\/p>\n<p>Manisa B\u00fcy\u00fck\u015fehir Belediyesi ile Sar\u0131g\u00f6l Belediyesi taraf\u0131ndan organize edilen iftar program\u0131, il\u00e7e halk\u0131n\u0131n yo\u011fun kat\u0131l\u0131m\u0131yla ger\u00e7ekle\u015fti. Payla\u015fma ve karde\u015flik ikliminin derinden hissedildi\u011fi programa Sar\u0131g\u00f6l Belediye Ba\u015fkan\u0131 Tahsin Akdeniz, Ala\u015fehir Belediye Ba\u015fkan\u0131 Ahmet \u00d6k\u00fczc\u00fco\u011flu, U\u015fak Yele\u011fen Belediye Ba\u015fkan\u0131 Ecevit Emir, Manisa B\u00fcy\u00fck\u015fehir Belediyesi Genel Sekreter Yard\u0131mc\u0131s\u0131 Erk Kayaba\u015f, CHP Sar\u0131g\u00f6l \u0130l\u00e7e Ba\u015fkan\u0131 Nuri Sar\u0131, siyasi parti temsilcileri, sivil toplum kurulu\u015flar\u0131 ve \u00e7ok say\u0131da vatanda\u015f kat\u0131ld\u0131.<\/p>\n<p><b>\u00c7ocuklar i\u00e7in Unutulmaz Etkinlikler<\/b><\/p>\n<p>Programda sadece yeti\u015fkinler de\u011fil, \u00e7ocuklar da unutulmad\u0131. \u0130ftar\u0131n ard\u0131ndan sahne alan Hacivat ve Karag\u00f6z g\u00f6sterisi ile sihirbaz \u015fovlar\u0131, miniklere keyifli anlar ya\u015fatt\u0131. Ailelerin de b\u00fcy\u00fck be\u011fenisini toplayan etkinlikler, Ramazan\u2019\u0131n geleneksel e\u011flence k\u00fclt\u00fcr\u00fcn\u00fc Sar\u0131g\u00f6l\u2019e ta\u015f\u0131d\u0131.<\/p>\n<p><b>Ba\u015fkan Akdeniz\u2019den Birlik ve Beraberlik Vurgusu<\/b><\/p>\n<p>Konu\u015fmas\u0131na merhum Manisa B\u00fcy\u00fck\u015fehir Belediye Ba\u015fkan\u0131 Ferdi Zeyrek\u2019i anarak ba\u015flayan Sar\u0131g\u00f6l Belediye Ba\u015fkan\u0131 Tahsin Akdeniz, \u015funlar\u0131 s\u00f6yledi: \u201cRamazan ay\u0131; yard\u0131mla\u015fman\u0131n, halden anlaman\u0131n ve g\u00f6n\u00fcllerin birbirine yak\u0131nla\u015ft\u0131\u011f\u0131 m\u00fcstesna bir zaman dilimidir. Bizler, birlikteli\u011fimiz ne kadar g\u00fc\u00e7l\u00fc olursa \u015fehrimizin de o kadar g\u00fczel olaca\u011f\u0131na inan\u0131yoruz. Bu anlaml\u0131 sofran\u0131n kurulmas\u0131nda eme\u011fi ge\u00e7en ba\u015fta B\u00fcy\u00fck\u015fehir Belediye Ba\u015fkan\u0131m\u0131z Say\u0131n Besim Dutlulu olmak \u00fczere herkese te\u015fekk\u00fcr ediyorum. Rabbim tuttu\u011fumuz oru\u00e7lar\u0131 ve dualar\u0131m\u0131z\u0131 kabul eylesin.\u201d<\/p>\n<p><b>\u201cBu Sofra Halil \u0130brahim Sofras\u0131d\u0131r\u201d<\/b><\/p>\n<p>Ala\u015fehir Belediye Ba\u015fkan\u0131 Ahmet \u00d6k\u00fczc\u00fco\u011flu ise Sar\u0131g\u00f6l\u2019de bulunmaktan duydu\u011fu memnuniyeti dile getirerek, \u201cRamazan, payla\u015ft\u0131k\u00e7a bereketi artan bir ayd\u0131r. Bizim sofram\u0131z Halil \u0130brahim sofras\u0131d\u0131r. Bu berekete ortak olan t\u00fcm hem\u015fehrilerimize te\u015fekk\u00fcr ediyor, \u015fimdiden hay\u0131rl\u0131 bayramlar diliyorum\u201d ifadelerini kulland\u0131.<\/p>\n<p><b>Ba\u015fkan Besim Dutlulu\u2019nun Selamlar\u0131 \u0130letildi<\/b><\/p>\n<p>Manisa B\u00fcy\u00fck\u015fehir Belediyesi Genel Sekreter Yard\u0131mc\u0131s\u0131 Erk Kayaba\u015f, B\u00fcy\u00fck\u015fehir Belediye Ba\u015fkan\u0131 Besim Dutlulu\u2019nun yo\u011fun program\u0131 nedeniyle kat\u0131lamad\u0131\u011f\u0131n\u0131 belirterek, \u201cSay\u0131n Ba\u015fkan\u0131m\u0131z, CHP Genel Ba\u015fkan\u0131 \u00d6zg\u00fcr \u00d6zel ile olan program\u0131 nedeniyle bug\u00fcn aram\u0131zda olamad\u0131 ancak sizlere en kalbi selamlar\u0131n\u0131 ve sevgilerini iletti. Ramazan ay\u0131n\u0131n bu huzurlu atmosferinde sizlerle bir arada olmaktan mutluluk duyuyoruz\u201d dedi.<\/p>\n<p>Kaynak: (BYZHA) Beyaz Haber Ajans\u0131<\/p>\n","protected":false},"excerpt":{"rendered":"<p>Manisa B\u00fcy\u00fck\u015fehir Belediyesi ve Sar\u0131g\u00f6l Belediyesi i\u015f birli\u011fiyle d\u00fczenlenen iftar program\u0131, Sar\u0131g\u00f6ll\u00fc vatanda\u015flar\u0131 ayn\u0131 sofrada bir araya getirdi.<\/p>\n","protected":false},"author":1,"featured_media":3785,"comment_status":"open","ping_status":"open","sticky":false,"template":"","format":"standard","meta":{"footnotes":""},"categories":[21],"tags":[],"class_list":["post-3782","post","type-post","status-publish","format-standard","has-post-thumbnail","hentry","category-gundem"],"_links":{"self":[{"href":"https:\/\/busondakika.com.tr\/index.php?rest_route=\/wp\/v2\/posts\/3782","targetHints":{"allow":["GET"]}}],"collection":[{"href":"https:\/\/busondakika.com.tr\/index.php?rest_route=\/wp\/v2\/posts"}],"about":[{"href":"https:\/\/busondakika.com.tr\/index.php?rest_route=\/wp\/v2\/types\/post"}],"author":[{"embeddable":true,"href":"https:\/\/busondakika.com.tr\/index.php?rest_route=\/wp\/v2\/users\/1"}],"replies":[{"embeddable":true,"href":"https:\/\/busondakika.com.tr\/index.php?rest_route=%2Fwp%2Fv2%2Fcomments&post=3782"}],"version-history":[{"count":1,"href":"https:\/\/busondakika.com.tr\/index.php?rest_route=\/wp\/v2\/posts\/3782\/revisions"}],"predecessor-version":[{"id":3786,"href":"https:\/\/busondakika.com.tr\/index.php?rest_route=\/wp\/v2\/posts\/3782\/revisions\/3786"}],"wp:featuredmedia":[{"embeddable":true,"href":"https:\/\/busondakika.com.tr\/index.php?rest_route=\/wp\/v2\/media\/3785"}],"wp:attachment":[{"href":"https:\/\/busondakika.com.tr\/index.php?rest_route=%2Fwp%2Fv2%2Fmedia&parent=3782"}],"wp:term":[{"taxonomy":"category","embeddable":true,"href":"https:\/\/busondakika.com.tr\/index.php?rest_route=%2Fwp%2Fv2%2Fcategories&post=3782"},{"taxonomy":"post_tag","embeddable":true,"href":"https:\/\/busondakika.com.tr\/index.php?rest_route=%2Fwp%2Fv2%2Ftags&post=3782"}],"curies":[{"name":"wp","href":"https:\/\/api.w.org\/{rel}","templated":true}]}}