{"id":3787,"date":"2026-03-15T14:27:45","date_gmt":"2026-03-15T14:27:45","guid":{"rendered":"https:\/\/busondakika.com.tr\/?p=3787"},"modified":"2026-03-15T14:27:46","modified_gmt":"2026-03-15T14:27:46","slug":"baskan-devecilerden-sehit-aileleri-ve-gaziler-onuruna-iftar","status":"publish","type":"post","link":"https:\/\/busondakika.com.tr\/?p=3787","title":{"rendered":"Ba\u015fkan Deveciler&#8217;den \u015eehit Aileleri ve Gaziler Onuruna \u0130ftar"},"content":{"rendered":"<p> Burhaniye Belediyesi taraf\u0131ndan il\u00e7edeki \u015fehit aileleri ve gaziler onuruna Blue Port Hotel&#8217;de iftar yeme\u011fi d\u00fczenlendi.\u00a0<\/p>\n<p>Burhaniye Belediye Ba\u015fkan\u0131 Ali Kemal Deveciler&#8217;in ev sahipli\u011finde d\u00fczenlenen iftar program\u0131na; Burhaniye Kaymakam\u0131 Cumali Atilla, Burhaniye \u0130l\u00e7e Garnizon Komutan\u0131 Top\u00e7u Binba\u015f\u0131 Yusuf Kaya, Burhaniye \u0130l\u00e7e Emniyet M\u00fcd\u00fcr\u00fc Faik Karaba\u015f, Burhaniye \u0130l\u00e7e Jandarma Komutan\u0131 Yarbay \u00dcnal Bayhan, Burhaniye Belediye Ba\u015fkan Yard\u0131mc\u0131lar\u0131 Ayten Tuna, Oktay Erbalaban, Tamer Midilli, Ahmet Demir, Burhaniye Belediye Meclis Ba\u015fkan Vekili Tar\u0131k Erdil, belediye birim m\u00fcd\u00fcrleri, \u015fehit aileleri ve gaziler kat\u0131ld\u0131.<\/p>\n<p>\u015eehit aileleri ve gazilerle bir araya gelmekten b\u00fcy\u00fck bir onur duydu\u011funu ifade eden Ba\u015fkan Ali Kemal Deveciler, &#8220;\u015eehit ailelerimiz ve gazilerimizle ayn\u0131 sofray\u0131 payla\u015fmak bizler i\u00e7in b\u00fcy\u00fck bir onurdur. Bu anlaml\u0131 bulu\u015fma bizim i\u00e7in son derece k\u0131ymetli. \u015eehitlerimizin bizlere emaneti olan aileleri ve vatan\u0131m\u0131z i\u00e7in fedakarl\u0131k g\u00f6steren gazilerimiz her zaman ba\u015f tac\u0131m\u0131zd\u0131r.&#8221; dedi.<\/p>\n<p>Kaynak: (BYZHA) Beyaz Haber Ajans\u0131<\/p>\n","protected":false},"excerpt":{"rendered":"<p>Burhaniye Belediyesi taraf\u0131ndan il\u00e7edeki \u015fehit aileleri ve gaziler onuruna Blue Port Hotel&#8217;de iftar yeme\u011fi d\u00fczenlendi.<\/p>\n","protected":false},"author":1,"featured_media":3788,"comment_status":"open","ping_status":"open","sticky":false,"template":"","format":"standard","meta":{"footnotes":""},"categories":[21],"tags":[],"class_list":["post-3787","post","type-post","status-publish","format-standard","has-post-thumbnail","hentry","category-gundem"],"_links":{"self":[{"href":"https:\/\/busondakika.com.tr\/index.php?rest_route=\/wp\/v2\/posts\/3787","targetHints":{"allow":["GET"]}}],"collection":[{"href":"https:\/\/busondakika.com.tr\/index.php?rest_route=\/wp\/v2\/posts"}],"about":[{"href":"https:\/\/busondakika.com.tr\/index.php?rest_route=\/wp\/v2\/types\/post"}],"author":[{"embeddable":true,"href":"https:\/\/busondakika.com.tr\/index.php?rest_route=\/wp\/v2\/users\/1"}],"replies":[{"embeddable":true,"href":"https:\/\/busondakika.com.tr\/index.php?rest_route=%2Fwp%2Fv2%2Fcomments&post=3787"}],"version-history":[{"count":1,"href":"https:\/\/busondakika.com.tr\/index.php?rest_route=\/wp\/v2\/posts\/3787\/revisions"}],"predecessor-version":[{"id":3789,"href":"https:\/\/busondakika.com.tr\/index.php?rest_route=\/wp\/v2\/posts\/3787\/revisions\/3789"}],"wp:featuredmedia":[{"embeddable":true,"href":"https:\/\/busondakika.com.tr\/index.php?rest_route=\/wp\/v2\/media\/3788"}],"wp:attachment":[{"href":"https:\/\/busondakika.com.tr\/index.php?rest_route=%2Fwp%2Fv2%2Fmedia&parent=3787"}],"wp:term":[{"taxonomy":"category","embeddable":true,"href":"https:\/\/busondakika.com.tr\/index.php?rest_route=%2Fwp%2Fv2%2Fcategories&post=3787"},{"taxonomy":"post_tag","embeddable":true,"href":"https:\/\/busondakika.com.tr\/index.php?rest_route=%2Fwp%2Fv2%2Ftags&post=3787"}],"curies":[{"name":"wp","href":"https:\/\/api.w.org\/{rel}","templated":true}]}}