{"id":3793,"date":"2026-03-15T14:27:49","date_gmt":"2026-03-15T14:27:49","guid":{"rendered":"https:\/\/busondakika.com.tr\/?p=3793"},"modified":"2026-03-15T14:27:50","modified_gmt":"2026-03-15T14:27:50","slug":"baskan-pekyatirmacidan-kadir-gecesi-mesaji","status":"publish","type":"post","link":"https:\/\/busondakika.com.tr\/?p=3793","title":{"rendered":"Ba\u015fkan Pekyat\u0131rmac\u0131&#8217;dan Kadir Gecesi Mesaj\u0131"},"content":{"rendered":"<p> <b>Sel\u00e7uklu Belediye Ba\u015fkan\u0131 Ahmet Pekyat\u0131rmac\u0131, Kadir Gecesi dolay\u0131s\u0131yla bir tebrik mesaj\u0131 yay\u0131mlad\u0131.\u00a0<\/b><b>Ba\u015fkan Pekyat\u0131rmac\u0131, mesaj\u0131nda\u00a0<\/b>\u00a0\u00a0<b>Kadir Gecesi\u2019nin\u00a0Kur\u2019an-\u0131 Kerim\u2019i anlamak, g\u00fcnahlar\u0131m\u0131zdan t\u00f6vbe etmek ve ruhumuzu yenilemek i\u00e7in e\u015fsiz bir f\u0131rsat sundu\u011funu belirtti.<\/b><\/p>\n<p>Kadir Gecesi m\u00fcnasebetiyle bir mesaj yay\u0131mlayan Sel\u00e7uklu Belediye Ba\u015fkan\u0131 Ahmet Pekyat\u0131rmac\u0131 mesaj\u0131nda \u015fu g\u00f6r\u00fc\u015flere yer verdi;<\/p>\n<p>\u201cKur\u2019an-\u0131 Kerim\u2019de bin aydan daha hay\u0131rl\u0131 oldu\u011fu m\u00fcjdelenen\u00a0Kadir Gecesi\u2019ne bir kez daha ula\u015fman\u0131n huzur ve mutlulu\u011funu ya\u015f\u0131yoruz. Ramazan ay\u0131 boyunca tutulan oru\u00e7lar\u0131n, yap\u0131lan ibadetlerin, hay\u0131r hasenat\u0131n yan\u0131 s\u0131ra Rabbimizin bin aydan daha hay\u0131rl\u0131 k\u0131ld\u0131\u011f\u0131 Kadir Gecesi ile Ramazan Bayram\u0131&#8217;na yakla\u015f\u0131yoruz.<\/p>\n<p>On Bir Ay\u0131n Sultan\u0131&#8217;n\u0131n manevi ikliminde idrak etti\u011fimiz Kadir Gecesi, rahmet, bereket ve ma\u011ffiret kap\u0131lar\u0131n\u0131n ard\u0131na kadar a\u00e7\u0131ld\u0131\u011f\u0131 m\u00fcstesna bir gecedir. G\u00f6n\u00fcllerimizin ar\u0131nmas\u0131na ve karde\u015fli\u011fimizin daha da g\u00fc\u00e7lenmesine vesile olan ve bizi bu geceye kavu\u015fturan Y\u00fcce Allah\u2019a sonsuz \u015f\u00fck\u00fcrler olsun.<\/p>\n<p>Kadir Gecesi Kur\u2019an-\u0131 Kerim\u2019in indirilmeye ba\u015fland\u0131\u011f\u0131, insanl\u0131k tarihinin en k\u0131ymetli zaman dilimlerinden biridir.\u00a0 Esenlik ve g\u00fczelli\u011fin her tarafa yay\u0131ld\u0131\u011f\u0131 sema kap\u0131lar\u0131n\u0131n a\u00e7\u0131ld\u0131\u011f\u0131, dua ve t\u00f6vbelerin kabul edildi\u011fi bu mukaddes gece Kur\u2019an-\u0131 Kerim\u2019i anlamak, g\u00fcnahlar\u0131m\u0131zdan t\u00f6vbe etmek ve ruhumuzu yenilemek i\u00e7in e\u015fsiz bir f\u0131rsatt\u0131r.\u00a0Bu gecede yap\u0131lan ibadet ve edilen dualar yakla\u015f\u0131k bir \u00f6m\u00fcr boyunca yap\u0131lan ibadetten daha k\u0131ymetli say\u0131lmaktad\u0131r.<\/p>\n<p>Bu vesile ile Cenab-\u0131 Hakk\u2019\u0131n rahmetinin bol bol ya\u011fd\u0131\u011f\u0131 bu kutlu geceyi en iyi \u015fekilde de\u011ferlendirmeli, affeden ve affetmeyi seven Y\u00fcce Rabbimizden g\u00fcnahlar\u0131m\u0131z\u0131n ba\u011f\u0131\u015flanmas\u0131n\u0131 dileyerek dua etmeliyiz. Ellerimizi semaya a\u00e7arken ba\u015fta Filistin olmak \u00fczere d\u00fcnyan\u0131n farkl\u0131 co\u011frafyalar\u0131nda zul\u00fcm ve s\u0131k\u0131nt\u0131 alt\u0131nda ya\u015fam m\u00fccadelesi veren t\u00fcm karde\u015flerimizi dualar\u0131m\u0131zda unutmayal\u0131m.<\/p>\n<p>Bu duygu ve d\u00fc\u015f\u00fcncelerle ba\u015fta k\u0131ymetli hem\u015fehrilerim ve t\u00fcm \u0130slam aleminin Kadir Gecesi\u2019ni tebrik ediyor, bu m\u00fcbarek gecenin insanl\u0131\u011fa sa\u011fl\u0131k, huzur ve hay\u0131rlar getirmesini diliyorum.\u201d dedi.<\/p>\n<p>Kaynak: (BYZHA) Beyaz Haber Ajans\u0131<\/p>\n","protected":false},"excerpt":{"rendered":"<p>Sel\u00e7uklu Belediye Ba\u015fkan\u0131 Ahmet Pekyat\u0131rmac\u0131, Kadir Gecesi dolay\u0131s\u0131yla bir tebrik mesaj\u0131 yay\u0131mlad\u0131.<\/p>\n","protected":false},"author":1,"featured_media":3794,"comment_status":"open","ping_status":"open","sticky":false,"template":"","format":"standard","meta":{"footnotes":""},"categories":[21],"tags":[],"class_list":["post-3793","post","type-post","status-publish","format-standard","has-post-thumbnail","hentry","category-gundem"],"_links":{"self":[{"href":"https:\/\/busondakika.com.tr\/index.php?rest_route=\/wp\/v2\/posts\/3793","targetHints":{"allow":["GET"]}}],"collection":[{"href":"https:\/\/busondakika.com.tr\/index.php?rest_route=\/wp\/v2\/posts"}],"about":[{"href":"https:\/\/busondakika.com.tr\/index.php?rest_route=\/wp\/v2\/types\/post"}],"author":[{"embeddable":true,"href":"https:\/\/busondakika.com.tr\/index.php?rest_route=\/wp\/v2\/users\/1"}],"replies":[{"embeddable":true,"href":"https:\/\/busondakika.com.tr\/index.php?rest_route=%2Fwp%2Fv2%2Fcomments&post=3793"}],"version-history":[{"count":1,"href":"https:\/\/busondakika.com.tr\/index.php?rest_route=\/wp\/v2\/posts\/3793\/revisions"}],"predecessor-version":[{"id":3795,"href":"https:\/\/busondakika.com.tr\/index.php?rest_route=\/wp\/v2\/posts\/3793\/revisions\/3795"}],"wp:featuredmedia":[{"embeddable":true,"href":"https:\/\/busondakika.com.tr\/index.php?rest_route=\/wp\/v2\/media\/3794"}],"wp:attachment":[{"href":"https:\/\/busondakika.com.tr\/index.php?rest_route=%2Fwp%2Fv2%2Fmedia&parent=3793"}],"wp:term":[{"taxonomy":"category","embeddable":true,"href":"https:\/\/busondakika.com.tr\/index.php?rest_route=%2Fwp%2Fv2%2Fcategories&post=3793"},{"taxonomy":"post_tag","embeddable":true,"href":"https:\/\/busondakika.com.tr\/index.php?rest_route=%2Fwp%2Fv2%2Ftags&post=3793"}],"curies":[{"name":"wp","href":"https:\/\/api.w.org\/{rel}","templated":true}]}}