{"id":3796,"date":"2026-03-15T14:27:50","date_gmt":"2026-03-15T14:27:50","guid":{"rendered":"https:\/\/busondakika.com.tr\/?p=3796"},"modified":"2026-03-15T14:27:51","modified_gmt":"2026-03-15T14:27:51","slug":"nilufer-belediyesinden-18-mart-canakkale-zaferi-anisina-doga-yuruyusu","status":"publish","type":"post","link":"https:\/\/busondakika.com.tr\/?p=3796","title":{"rendered":"Nil\u00fcfer Belediyesi\u2019nden 18 Mart \u00c7anakkale Zaferi an\u0131s\u0131na do\u011fa y\u00fcr\u00fcy\u00fc\u015f\u00fc"},"content":{"rendered":"\n<p align=\"left\"><b>Nil\u00fcfer Belediyesi, 18 Mart \u00c7anakkale Zaferi ve \u015eehitleri Anma G\u00fcn\u00fc dolay\u0131s\u0131yla Kadriye\u2019den \u0130negazi\u2019ye uzanan 8,5 kilometrelik bir do\u011fa y\u00fcr\u00fcy\u00fc\u015f\u00fc d\u00fczenledi. Etkinlik sonunda T\u00fcrk ve Atat\u00fcrk bayraklar\u0131 a\u00e7\u0131larak \u015fehitler an\u0131ld\u0131.<\/b><\/p>\n<p align=\"left\">Nil\u00fcfer Belediyesi taraf\u0131ndan, 18 Mart \u00c7anakkale Zaferi ve \u015eehitleri Anma G\u00fcn\u00fc etkinlikleri kapsam\u0131nda \u00f6zel bir do\u011fa y\u00fcr\u00fcy\u00fc\u015f\u00fc d\u00fczenlendi. \u015eehitleri anmak \u00fczere onlarca Nil\u00fcferli y\u00fcr\u00fcy\u00fc\u015fte bir araya geldi.<\/p>\n<p align=\"left\">Grup, y\u00fcr\u00fcy\u00fc\u015fe Kadriye\u2019den ba\u015flad\u0131. Kat\u0131l\u0131mc\u0131lar, \u0130negazi\u2019ye kadar uzanan 8,5 kilometrelik parkuru birlikte ad\u0131mlayarak tamamlad\u0131.<\/p>\n<p align=\"left\">Y\u00fcr\u00fcy\u00fc\u015f\u00fcn biti\u015f noktas\u0131nda ise g\u00fcn\u00fcn anlam ve \u00f6nemine uygun bir kapan\u0131\u015f ger\u00e7ekle\u015ftirildi. Etkinli\u011fi tamamlayan kat\u0131l\u0131mc\u0131lar, hep birlikte T\u00fcrk ve Atat\u00fcrk bayraklar\u0131 a\u00e7\u0131p hat\u0131ra pozu vererek program\u0131 noktalad\u0131.<\/p>\n<p>Kaynak: (BYZHA) Beyaz Haber Ajans\u0131<\/p>\n","protected":false},"excerpt":{"rendered":"<p>Nil\u00fcfer Belediyesi, 18 Mart \u00c7anakkale Zaferi ve \u015eehitleri Anma G\u00fcn\u00fc dolay\u0131s\u0131yla Kadriye\u2019den \u0130negazi\u2019ye uzanan 8,5 kilometrelik bir do\u011fa y\u00fcr\u00fcy\u00fc\u015f\u00fc d\u00fczenledi.<\/p>\n","protected":false},"author":1,"featured_media":3797,"comment_status":"open","ping_status":"open","sticky":false,"template":"","format":"standard","meta":{"footnotes":""},"categories":[21],"tags":[],"class_list":["post-3796","post","type-post","status-publish","format-standard","has-post-thumbnail","hentry","category-gundem"],"_links":{"self":[{"href":"https:\/\/busondakika.com.tr\/index.php?rest_route=\/wp\/v2\/posts\/3796","targetHints":{"allow":["GET"]}}],"collection":[{"href":"https:\/\/busondakika.com.tr\/index.php?rest_route=\/wp\/v2\/posts"}],"about":[{"href":"https:\/\/busondakika.com.tr\/index.php?rest_route=\/wp\/v2\/types\/post"}],"author":[{"embeddable":true,"href":"https:\/\/busondakika.com.tr\/index.php?rest_route=\/wp\/v2\/users\/1"}],"replies":[{"embeddable":true,"href":"https:\/\/busondakika.com.tr\/index.php?rest_route=%2Fwp%2Fv2%2Fcomments&post=3796"}],"version-history":[{"count":1,"href":"https:\/\/busondakika.com.tr\/index.php?rest_route=\/wp\/v2\/posts\/3796\/revisions"}],"predecessor-version":[{"id":3798,"href":"https:\/\/busondakika.com.tr\/index.php?rest_route=\/wp\/v2\/posts\/3796\/revisions\/3798"}],"wp:featuredmedia":[{"embeddable":true,"href":"https:\/\/busondakika.com.tr\/index.php?rest_route=\/wp\/v2\/media\/3797"}],"wp:attachment":[{"href":"https:\/\/busondakika.com.tr\/index.php?rest_route=%2Fwp%2Fv2%2Fmedia&parent=3796"}],"wp:term":[{"taxonomy":"category","embeddable":true,"href":"https:\/\/busondakika.com.tr\/index.php?rest_route=%2Fwp%2Fv2%2Fcategories&post=3796"},{"taxonomy":"post_tag","embeddable":true,"href":"https:\/\/busondakika.com.tr\/index.php?rest_route=%2Fwp%2Fv2%2Ftags&post=3796"}],"curies":[{"name":"wp","href":"https:\/\/api.w.org\/{rel}","templated":true}]}}