{"id":3802,"date":"2026-03-15T14:27:57","date_gmt":"2026-03-15T14:27:57","guid":{"rendered":"https:\/\/busondakika.com.tr\/?p=3802"},"modified":"2026-03-15T14:27:58","modified_gmt":"2026-03-15T14:27:58","slug":"kartepeli-cocuklar-tiyatro-ve-eglenceyle-bulustu","status":"publish","type":"post","link":"https:\/\/busondakika.com.tr\/?p=3802","title":{"rendered":"Kartepe\u2019li \u00c7ocuklar Tiyatro ve E\u011flenceyle Bulu\u015ftu"},"content":{"rendered":"<p> <strong>Kartepe Belediyesi\u2019nin Ramazan ay\u0131 etkinlikleri kapsam\u0131nda Necip Faz\u0131l K\u0131sak\u00fcrek K\u00fclt\u00fcr Merkezi\u2019nde d\u00fczenledi\u011fi programlar, \u00e7ocuklar\u0131n yo\u011fun kat\u0131l\u0131m\u0131yla hafta sonuna damga vurdu. Miniklerin b\u00fcy\u00fck ilgi g\u00f6sterdi\u011fi etkinliklerde, sahnelenen tiyatro oyunlar\u0131 ve geleneksel g\u00f6sterilerle Ramazan ne\u015fesi doyas\u0131ya ya\u015fand\u0131.<\/strong><\/p>\n<p><strong>Sahne Miniklerin<\/strong><\/p>\n<p>Hafta sonu program\u0131 kapsam\u0131nda sahne alan &#8220;Tav\u015fan ile Kaplumba\u011fa&#8221; ve &#8220;Kelo\u011flan ve Anas\u0131&#8221; adl\u0131 tiyatro oyunlar\u0131, \u00e7ocuklara dostluk ve d\u00fcr\u00fcstl\u00fck gibi de\u011ferleri e\u011flenceli bir dille aktard\u0131. Salonu dolduran k\u00fc\u00e7\u00fck izleyiciler, kahramanlar\u0131n maceralar\u0131na alk\u0131\u015flarla e\u015flik ederek keyifli anlar ge\u00e7irdi.<\/p>\n<p><strong>Geleneksel E\u011flenceler Unutulmad\u0131<\/strong><\/p>\n<p>Tiyatro g\u00f6sterimlerinin ard\u0131ndan etkinlikler, Ramazan ruhunu yans\u0131tan geleneksel g\u00f6sterilerle h\u0131z kesmeden devam etti. Necip Faz\u0131l K\u0131sak\u00fcrek K\u00fclt\u00fcr Merkezi\u2019nde sergilenen Hacivat ve Karag\u00f6z orta oyunu ile \u00e7ocuklar kahkahaya bo\u011fulurken, hemen ard\u0131ndan sahne alan kukla g\u00f6sterileri miniklerin hayal d\u00fcnyas\u0131na renk katt\u0131. Program\u0131n ilerleyen saatlerinde ger\u00e7ekle\u015ftirilen nefes kesen ill\u00fczyon g\u00f6sterileri ise hem \u00e7ocuklardan hem de ailelerden b\u00fcy\u00fck alk\u0131\u015f toplayarak heyecan\u0131 zirveye ta\u015f\u0131d\u0131.<\/p>\n<p><strong>Tatl\u0131 \u0130kramlar ve S\u00fcrpriz Hediyeler<\/strong><\/p>\n<p>Kartepe Belediyesi, etkinlik sonunda \u00e7ocuklar\u0131n mutlulu\u011funu ikiye katlad\u0131. Program s\u00fcresince \u00e7ocuklara \u00e7e\u015fitli ikramlar sunulurken, g\u00fcn\u00fcn an\u0131s\u0131na verilen s\u00fcrpriz hediyelerle Ramazan ay\u0131n\u0131 unutulmaz bir an\u0131ya d\u00f6n\u00fc\u015ft\u00fc.<\/p>\n<p>Kaynak: (BYZHA) Beyaz Haber Ajans\u0131<\/p>\n","protected":false},"excerpt":{"rendered":"<p>Kartepe Belediyesi\u2019nin Ramazan ay\u0131 etkinlikleri kapsam\u0131nda Necip Faz\u0131l K\u0131sak\u00fcrek K\u00fclt\u00fcr Merkezi\u2019nde d\u00fczenledi\u011fi programlar, \u00e7ocuklar\u0131n yo\u011fun kat\u0131l\u0131m\u0131yla hafta sonuna damga vurdu.<\/p>\n","protected":false},"author":1,"featured_media":3803,"comment_status":"open","ping_status":"open","sticky":false,"template":"","format":"standard","meta":{"footnotes":""},"categories":[20],"tags":[],"class_list":["post-3802","post","type-post","status-publish","format-standard","has-post-thumbnail","hentry","category-kultur-sanat"],"_links":{"self":[{"href":"https:\/\/busondakika.com.tr\/index.php?rest_route=\/wp\/v2\/posts\/3802","targetHints":{"allow":["GET"]}}],"collection":[{"href":"https:\/\/busondakika.com.tr\/index.php?rest_route=\/wp\/v2\/posts"}],"about":[{"href":"https:\/\/busondakika.com.tr\/index.php?rest_route=\/wp\/v2\/types\/post"}],"author":[{"embeddable":true,"href":"https:\/\/busondakika.com.tr\/index.php?rest_route=\/wp\/v2\/users\/1"}],"replies":[{"embeddable":true,"href":"https:\/\/busondakika.com.tr\/index.php?rest_route=%2Fwp%2Fv2%2Fcomments&post=3802"}],"version-history":[{"count":1,"href":"https:\/\/busondakika.com.tr\/index.php?rest_route=\/wp\/v2\/posts\/3802\/revisions"}],"predecessor-version":[{"id":3804,"href":"https:\/\/busondakika.com.tr\/index.php?rest_route=\/wp\/v2\/posts\/3802\/revisions\/3804"}],"wp:featuredmedia":[{"embeddable":true,"href":"https:\/\/busondakika.com.tr\/index.php?rest_route=\/wp\/v2\/media\/3803"}],"wp:attachment":[{"href":"https:\/\/busondakika.com.tr\/index.php?rest_route=%2Fwp%2Fv2%2Fmedia&parent=3802"}],"wp:term":[{"taxonomy":"category","embeddable":true,"href":"https:\/\/busondakika.com.tr\/index.php?rest_route=%2Fwp%2Fv2%2Fcategories&post=3802"},{"taxonomy":"post_tag","embeddable":true,"href":"https:\/\/busondakika.com.tr\/index.php?rest_route=%2Fwp%2Fv2%2Ftags&post=3802"}],"curies":[{"name":"wp","href":"https:\/\/api.w.org\/{rel}","templated":true}]}}