{"id":3805,"date":"2026-03-16T07:24:05","date_gmt":"2026-03-16T07:24:05","guid":{"rendered":"https:\/\/busondakika.com.tr\/?p=3805"},"modified":"2026-03-16T07:24:06","modified_gmt":"2026-03-16T07:24:06","slug":"baskan-cercioglu-ramazan-ayinin-bereketini-aydinin-dort-bir-yanina-tasimayi-surduruyor","status":"publish","type":"post","link":"https:\/\/busondakika.com.tr\/?p=3805","title":{"rendered":"Ba\u015fkan \u00c7er\u00e7io\u011flu Ramazan Ay\u0131n\u0131n Bereketini Ayd\u0131n\u2019\u0131n D\u00f6rt Bir Yan\u0131na Ta\u015f\u0131may\u0131 S\u00fcrd\u00fcr\u00fcyor"},"content":{"rendered":"<p> Her y\u0131l oldu\u011fu gibi bu y\u0131l da vatanda\u015flar\u0131 iftar sofralar\u0131nda bulu\u015fturan Ayd\u0131n B\u00fcy\u00fck\u015fehir Belediyesi, Ramazan ay\u0131n\u0131n bereketini ve dayan\u0131\u015fma ruhunu Ayd\u0131n\u2019\u0131n d\u00f6rt bir yan\u0131na ta\u015f\u0131may\u0131 s\u00fcrd\u00fcr\u00fcyor. B\u00fcy\u00fck\u015fehir Belediyesi\u2019nin kurdu\u011fu g\u00f6n\u00fcl sofralar\u0131nda her g\u00fcn binlerce vatanda\u015f bir araya geliyor.<\/p>\n<p>B\u00fcy\u00fck\u015fehir Belediyesi\u2019nin iftar sofralar\u0131 bug\u00fcn de Efeler il\u00e7esinde Atat\u00fcrk Kent Meydan\u0131 ile Yedieyl\u00fcl ve Karde\u015fk\u00f6y Mahallelerinde, Karpuzlu il\u00e7esinde Yeni Mahalle\u2019de, K\u00f6\u015fk il\u00e7esinde Recep Tayyip Erdo\u011fan Meydan\u0131&#8217;nda, Ku\u015fadas\u0131 il\u00e7esinde \u0130ki\u00e7e\u015fmelik Mahallesi\u2019nde, Yenipazar il\u00e7esinde \u00c7avdar Mahallesi\u2019nde ve \u0130ncirliova il\u00e7esinde Hac\u0131aliobas\u0131 Mahallesi\u2019nde kuruldu.<\/p>\n<p>B\u00fcy\u00fck\u015fehir Belediyesi\u2019nin iftar sofralar\u0131nda bug\u00fcn de binlerce vatanda\u015f oru\u00e7lar\u0131n\u0131 hep birlikte a\u00e7t\u0131. Mahallelerinde kurulan sofralarda bir araya gelen vatanda\u015flar, Ramazan ay\u0131n\u0131n birlik ve beraberlik ruhunu hep birlikte ya\u015fad\u0131klar\u0131n\u0131 belirterek Ayd\u0131n B\u00fcy\u00fck\u015fehir Belediye Ba\u015fkan\u0131 \u00d6zlem \u00c7er\u00e7io\u011flu\u2019na te\u015fekk\u00fcr etti.<\/p>\n<p>Ayd\u0131n B\u00fcy\u00fck\u015fehir Belediyesi, Ramazan ay\u0131 boyunca iftar sofralar\u0131yla Ayd\u0131nl\u0131lar\u0131 bir araya getirmeyi s\u00fcrd\u00fcrecek.<\/p>\n<p>\u00a0<\/p>\n<p>Kaynak: (BYZHA) Beyaz Haber Ajans\u0131<\/p>\n","protected":false},"excerpt":{"rendered":"<p>Her y\u0131l oldu\u011fu gibi bu y\u0131l da vatanda\u015flar\u0131 iftar sofralar\u0131nda bulu\u015fturan Ayd\u0131n B\u00fcy\u00fck\u015fehir Belediyesi, Ramazan ay\u0131n\u0131n bereketini ve dayan\u0131\u015fma ruhunu Ayd\u0131n\u2019\u0131n d\u00f6rt bir yan\u0131na ta\u015f\u0131may\u0131 s\u00fcrd\u00fcr\u00fcyor.<\/p>\n","protected":false},"author":1,"featured_media":3806,"comment_status":"open","ping_status":"open","sticky":false,"template":"","format":"standard","meta":{"footnotes":""},"categories":[21],"tags":[],"class_list":["post-3805","post","type-post","status-publish","format-standard","has-post-thumbnail","hentry","category-gundem"],"_links":{"self":[{"href":"https:\/\/busondakika.com.tr\/index.php?rest_route=\/wp\/v2\/posts\/3805","targetHints":{"allow":["GET"]}}],"collection":[{"href":"https:\/\/busondakika.com.tr\/index.php?rest_route=\/wp\/v2\/posts"}],"about":[{"href":"https:\/\/busondakika.com.tr\/index.php?rest_route=\/wp\/v2\/types\/post"}],"author":[{"embeddable":true,"href":"https:\/\/busondakika.com.tr\/index.php?rest_route=\/wp\/v2\/users\/1"}],"replies":[{"embeddable":true,"href":"https:\/\/busondakika.com.tr\/index.php?rest_route=%2Fwp%2Fv2%2Fcomments&post=3805"}],"version-history":[{"count":1,"href":"https:\/\/busondakika.com.tr\/index.php?rest_route=\/wp\/v2\/posts\/3805\/revisions"}],"predecessor-version":[{"id":3807,"href":"https:\/\/busondakika.com.tr\/index.php?rest_route=\/wp\/v2\/posts\/3805\/revisions\/3807"}],"wp:featuredmedia":[{"embeddable":true,"href":"https:\/\/busondakika.com.tr\/index.php?rest_route=\/wp\/v2\/media\/3806"}],"wp:attachment":[{"href":"https:\/\/busondakika.com.tr\/index.php?rest_route=%2Fwp%2Fv2%2Fmedia&parent=3805"}],"wp:term":[{"taxonomy":"category","embeddable":true,"href":"https:\/\/busondakika.com.tr\/index.php?rest_route=%2Fwp%2Fv2%2Fcategories&post=3805"},{"taxonomy":"post_tag","embeddable":true,"href":"https:\/\/busondakika.com.tr\/index.php?rest_route=%2Fwp%2Fv2%2Ftags&post=3805"}],"curies":[{"name":"wp","href":"https:\/\/api.w.org\/{rel}","templated":true}]}}