{"id":3808,"date":"2026-03-16T07:24:07","date_gmt":"2026-03-16T07:24:07","guid":{"rendered":"https:\/\/busondakika.com.tr\/?p=3808"},"modified":"2026-03-16T07:24:08","modified_gmt":"2026-03-16T07:24:08","slug":"baskan-tugay-ne-saraylara-ne-satafatli-sofralara-ihtiyacimiz-var","status":"publish","type":"post","link":"https:\/\/busondakika.com.tr\/?p=3808","title":{"rendered":"Ba\u015fkan Tugay: Ne saraylara ne \u015fatafatl\u0131 sofralara ihtiyac\u0131m\u0131z var"},"content":{"rendered":"<p> \u0130zmir B\u00fcy\u00fck\u015fehir Belediyesi taraf\u0131ndan birlik, beraberlik ve dayan\u0131\u015fma ruhunu kentin b\u00fct\u00fcn\u00fcne yaymak i\u00e7in ramazan ay\u0131 boyunca kurulan iftar sofralar\u0131, bu kez Alia\u011fa&#8217;da il\u00e7e sakinlerini bulu\u015fturdu. Demokrasi Meydan\u0131&#8217;ndaki sofrada yurtta\u015flarla iftar yapan Ba\u015fkan Dr. Cemil Tugay, \u201cBu m\u00fctevazi sofran\u0131n etraf\u0131nda birle\u015fen bu g\u00fczel insanlar, bizim g\u00f6z\u00fcm\u00fczde her \u015feyden de\u011ferli, asil insanlard\u0131r. Bunun i\u00e7in bizim ne saraylara ne l\u00fcks otellere ne de \u015fatafatl\u0131 sofralara ihtiyac\u0131m\u0131z var. Bizim ihtiyac\u0131m\u0131z olan \u015fey i\u015fte bu birlik, beraberlik, bu inanm\u0131\u015fl\u0131k\u201d dedi.<\/p>\n<p>\u0130zmir B\u00fcy\u00fck\u015fehir Belediye Ba\u015fkan\u0131 Dr. Cemil Tugay, Alia\u011fa&#8217;da d\u00fczenlenen iftara kat\u0131ld\u0131. Ba\u015fkan Tugay, iftar program\u0131 \u00f6ncesi, CHP \u0130zmir \u0130l Ba\u015fkan\u0131 \u00c7a\u011fatay G\u00fc\u00e7 ile esnaf\u0131 ziyaret etti. Yurtta\u015flar\u0131n sorunlar\u0131n\u0131 dinleyen Ba\u015fkan Tugay, esnaftan al\u0131\u015fveri\u015f de yapt\u0131. CHP \u0130l\u00e7e Ba\u015fkan\u0131 Bar\u0131\u015f Ero\u011flu&#8217;nu da makam\u0131nda ziyaret eden Ba\u015fkan Tugay daha sonra \u0130zmir B\u00fcy\u00fck\u015fehir Belediyesi ev sahipli\u011finde Alia\u011fa Demokrasi Meydan\u0131&#8217;nda d\u00fczenlenen iftar sofras\u0131nda il\u00e7e sakinleri ile bulu\u015ftu. Dualar\u0131n okunmas\u0131yla oru\u00e7lar a\u00e7\u0131ld\u0131.<\/p>\n<p><strong>Dayan\u0131\u015fman\u0131n \u00f6nemine de\u011findi<\/strong><\/p>\n<p>\u0130zmir B\u00fcy\u00fck\u015fehir Belediye Ba\u015fkan\u0131 Dr. Cemil Tugay, Alia\u011fa&#8217;da g\u00f6rd\u00fc\u011f\u00fc birlik ve beraberli\u011fin kendisine gurur verdi\u011fini s\u00f6yledi. Ramazan ay\u0131nda ayn\u0131 masan\u0131n etraf\u0131nda iftar yapt\u0131k\u00e7a, ayn\u0131 duyguda birle\u015ftik\u00e7e bu ay\u0131n anlam\u0131n\u0131 daha iyi anlad\u0131klar\u0131n\u0131 ifade eden Ba\u015fkan Tugay, \u201cHer birimiz birbirine iyi g\u00f6zle bakmakla, her bir yurtta\u015f\u0131m\u0131z\u0131n e\u015fitli\u011fine inanarak, hakk\u0131na inanarak, onun i\u00e7in gere\u011fini yapmakla m\u00fckellefiz. Her birimiz asl\u0131nda bundan g\u00fc\u00e7 al\u0131yoruz ve ne kadar \u00e7ok birlik beraberlik sa\u011flarsak, sorunlarla, s\u0131k\u0131nt\u0131larla ba\u015f etme olas\u0131l\u0131\u011f\u0131m\u0131z o kadar \u00e7ok artacak\u201d dedi.<\/p>\n<p>\u201c<strong>Bu g\u00fczel \u015fehrin hak etti\u011fi hizmetleri almas\u0131 i\u00e7in \u00e7al\u0131\u015faca\u011f\u0131z\u201d<\/strong><\/p>\n<p>Alia\u011fa&#8217;n\u0131n eme\u011fin, ayd\u0131nl\u0131\u011f\u0131n \u015fehri oldu\u011funu vurgulayan Tugay \u201cBu g\u00fczel \u015fehrin hak etti\u011fi hizmetleri almas\u0131 i\u00e7in sonuna kadar \u00e7al\u0131\u015faca\u011f\u0131z. Her ne kadar s\u0131k\u0131nt\u0131l\u0131 g\u00fcnler ya\u015fasak da nihayetinde g\u00f6rev s\u00fcremiz bitmeden \u00f6nce her bir il\u00e7emizde hem verdi\u011fimiz s\u00f6zlerin gere\u011fini yerine getirece\u011fiz hem de mahcup olmayaca\u011f\u0131z\u201d diye konu\u015ftu.<\/p>\n<p>\u201c<strong>\u0130htiyac\u0131m\u0131z olan \u015fey birlik ve beraberlik\u201d<\/strong><\/p>\n<p>\u0130zmir B\u00fcy\u00fck\u015fehir Belediye Ba\u015fkan\u0131 Dr. Cemil Tugay, yurtta\u015flar\u0131n s\u0131cak ilgisi ve manevi deste\u011fi i\u00e7in te\u015fekk\u00fcr ederek, \u201cBu m\u00fctevazi sofran\u0131n etraf\u0131nda birle\u015fen bu g\u00fczel insanlar bizim g\u00f6z\u00fcm\u00fczde her \u015feyden de\u011ferli, asil insanlard\u0131r. Bunun i\u00e7in bizim ne saraylara ne l\u00fcks otellere ne de \u015fatafatl\u0131 sofralara ihtiyac\u0131m\u0131z var. Bizim ihtiyac\u0131m\u0131z olan \u015fey i\u015fte bu birlik, beraberlik. Bu inanm\u0131\u015fl\u0131k ve o yurtta\u015f bilinciyle herkesin el ele, kol kola, omuz omuza durmas\u0131d\u0131r. Tarlalarda \u00e7al\u0131\u015fan \u00e7ift\u00e7ilerimiz, fabrikalarda \u00e7al\u0131\u015fan i\u015f\u00e7ilerimiz, sanayide ter d\u00f6ken emek\u00e7ilerimiz, devlet hizmetinde olan memurlar\u0131m\u0131z, hizmetini tamamlam\u0131\u015f bug\u00fcn emeklili\u011fini ya\u015famaya \u00e7al\u0131\u015fan insanlar\u0131m\u0131z var. Her birisi i\u00e7in bu m\u00fcbarek ay\u0131n bu g\u00fczel sofran\u0131n ve birlik beraberli\u011fin y\u00fcz\u00fc suyu h\u00fcrmetine Allah&#8217;tan bolluk bereket ve refah diliyorum. Bu m\u00fcbarek ayda iyi niyetle oru\u00e7 tutan, ibadet eden, dua eden t\u00fcm yurtta\u015flar\u0131m\u0131z\u0131n Allah kat\u0131nda dileklerinin, dualar\u0131n\u0131n, ibadetlerinin kabul olmas\u0131n\u0131 diliyorum\u201d diye konu\u015ftu. \u00a0<\/p>\n<p>\u201c<strong>Kendimi her zaman Alia\u011fa&#8217;n\u0131n bir par\u00e7as\u0131 olarak g\u00f6rd\u00fcm\u201d<\/strong><\/p>\n<p>CHP \u0130zmir \u0130l Ba\u015fkan\u0131 \u00c7a\u011fatay G\u00fc\u00e7 de \u0130zmir\u00a0 B\u00fcy\u00fck\u015fehir Belediye Ba\u015fkan\u0131 Dr. Cemil Tugay&#8217;a, bu g\u00fczel birlikteli\u011fi sa\u011flad\u0131\u011f\u0131 i\u00e7in te\u015fekk\u00fcr etti. Alia\u011fa&#8217;n\u0131n her zaman kendisinin evi oldu\u011funu s\u00f6yleyen ve il\u00e7eden \u00e7\u0131karak \u00fclkenin farkl\u0131 alanlar\u0131nda \u00f6nemli g\u00f6revleri \u00fcstlenen \u00e7ok k\u0131ymetli insanlar\u0131n oldu\u011funu vurgulayan G\u00fc\u00e7, \u201cBen de o evlatlardan biri olmak i\u00e7in nerede g\u00f6rev yaparsam yapay\u0131m, kendimi her zaman Alia\u011fa&#8217;n\u0131n bir par\u00e7as\u0131 olarak g\u00f6rd\u00fcm. \u00dcstlendi\u011fimiz g\u00f6revler bizim i\u00e7in bir makam ya da unvan meselesi de\u011fil, sorumluluk ve hizmet meselesidir. Bu yolda en b\u00fcy\u00fck g\u00fcc\u00fcm sizlerin g\u00fcveni ve samimi deste\u011fidir. Sizler i\u00e7in her zaman ahlakl\u0131, d\u00fcr\u00fcst ve \u00e7al\u0131\u015fkan bir anlay\u0131\u015fla hareket etmeye \u00e7al\u0131\u015ft\u0131k. Bundan sonra da yine sizler i\u00e7in ayn\u0131 \u015fekilde \u00e7al\u0131\u015fmaya devam edece\u011fiz\u201d dedi.<\/p>\n<p><strong>\u201c\u00dclkeyi yeniden mutlu ve huzurlu insanlar \u00fclkesi yapaca\u011f\u0131z\u201d<\/strong><\/p>\n<p>Halk\u0131n her zaman \u00f6ncelikleri oldu\u011funu vurgulayan CHP \u0130zmir \u0130l Ba\u015fkan\u0131 \u00c7a\u011fatay G\u00fc\u00e7, \u015funlar\u0131 s\u00f6yledi: \u201cZor zamanlardan ge\u00e7sek de umudumuzu, dayan\u0131\u015fmam\u0131z\u0131 ve birbirimize olan inanc\u0131m\u0131z\u0131 asla kaybetmemeliyiz. Biz hep birlikte bu \u00fclkeyi yeniden mutlu ve huzurlu insanlar \u00fclkesi yapaca\u011f\u0131z. \u00c7\u00fcnk\u00fc biliniz ki bu \u00fclkenin her k\u00f6\u015fesinde memleketini seven, halk\u0131 i\u00e7in \u00e7al\u0131\u015fan vatansever insanlar var. Birbirimizle kucakla\u015farak bunu ba\u015faraca\u011f\u0131z.\u201d<\/p>\n<p>\u0130ftar program\u0131n\u0131n ard\u0131ndan bir s\u00fcre il\u00e7e sakinleri ile sohbet eden, foto\u011fraf \u00e7ektiren Ba\u015fkan Tugay, \u00e7ocuklara da pamuk \u015fekeri da\u011f\u0131tt\u0131.<\/p>\n<p>\u00a0<\/p>\n<p>Kaynak: (BYZHA) Beyaz Haber Ajans\u0131<\/p>\n","protected":false},"excerpt":{"rendered":"<p>\u0130zmir B\u00fcy\u00fck\u015fehir Belediyesi taraf\u0131ndan birlik, beraberlik ve dayan\u0131\u015fma ruhunu kentin b\u00fct\u00fcn\u00fcne yaymak i\u00e7in ramazan ay\u0131 boyunca kurulan iftar sofralar\u0131, bu kez Alia\u011fa&#8217;da il\u00e7e sakinlerini bulu\u015fturdu.<\/p>\n","protected":false},"author":1,"featured_media":3809,"comment_status":"open","ping_status":"open","sticky":false,"template":"","format":"standard","meta":{"footnotes":""},"categories":[21],"tags":[],"class_list":["post-3808","post","type-post","status-publish","format-standard","has-post-thumbnail","hentry","category-gundem"],"_links":{"self":[{"href":"https:\/\/busondakika.com.tr\/index.php?rest_route=\/wp\/v2\/posts\/3808","targetHints":{"allow":["GET"]}}],"collection":[{"href":"https:\/\/busondakika.com.tr\/index.php?rest_route=\/wp\/v2\/posts"}],"about":[{"href":"https:\/\/busondakika.com.tr\/index.php?rest_route=\/wp\/v2\/types\/post"}],"author":[{"embeddable":true,"href":"https:\/\/busondakika.com.tr\/index.php?rest_route=\/wp\/v2\/users\/1"}],"replies":[{"embeddable":true,"href":"https:\/\/busondakika.com.tr\/index.php?rest_route=%2Fwp%2Fv2%2Fcomments&post=3808"}],"version-history":[{"count":1,"href":"https:\/\/busondakika.com.tr\/index.php?rest_route=\/wp\/v2\/posts\/3808\/revisions"}],"predecessor-version":[{"id":3810,"href":"https:\/\/busondakika.com.tr\/index.php?rest_route=\/wp\/v2\/posts\/3808\/revisions\/3810"}],"wp:featuredmedia":[{"embeddable":true,"href":"https:\/\/busondakika.com.tr\/index.php?rest_route=\/wp\/v2\/media\/3809"}],"wp:attachment":[{"href":"https:\/\/busondakika.com.tr\/index.php?rest_route=%2Fwp%2Fv2%2Fmedia&parent=3808"}],"wp:term":[{"taxonomy":"category","embeddable":true,"href":"https:\/\/busondakika.com.tr\/index.php?rest_route=%2Fwp%2Fv2%2Fcategories&post=3808"},{"taxonomy":"post_tag","embeddable":true,"href":"https:\/\/busondakika.com.tr\/index.php?rest_route=%2Fwp%2Fv2%2Ftags&post=3808"}],"curies":[{"name":"wp","href":"https:\/\/api.w.org\/{rel}","templated":true}]}}