{"id":3811,"date":"2026-03-16T07:24:10","date_gmt":"2026-03-16T07:24:10","guid":{"rendered":"https:\/\/busondakika.com.tr\/?p=3811"},"modified":"2026-03-16T07:24:11","modified_gmt":"2026-03-16T07:24:11","slug":"baskan-hatice-gencay-ionianin-incisi-didimi-uluslararasi-arenada-hak-ettigi-yere-tasiyacagiz","status":"publish","type":"post","link":"https:\/\/busondakika.com.tr\/?p=3811","title":{"rendered":"Ba\u015fkan Hatice Gen\u00e7ay: &#8216;Ionia\u2019n\u0131n \u0130ncisi Didim\u2019i Uluslararas\u0131 Arenada Hak Etti\u011fi Yere Ta\u015f\u0131yaca\u011f\u0131z"},"content":{"rendered":"\n<p style=\"text-align:justify;margin-bottom:11px\"><span style=\"font-size:12pt\"><span style=\"line-height:115%\"><span style=\"font-family:Calibri,sans-serif\"><span style=\",serif\">Didim\u2019in turizm potansiyelini g\u00fc\u00e7lendirecek \u00f6nemli bir temas ger\u00e7ekle\u015ftirildi. Milas\/Bodrum TAV Havaliman\u0131 Genel M\u00fcd\u00fcr\u00fc \u0130clal Kayao\u011flu ve Hava\u015f Y\u00f6netim Kurulu Ba\u015fkan\u0131 K\u00fcr\u015fad Ko\u00e7ak, Didim Belediye Ba\u015fkan\u0131 Hatice Gen\u00e7ay\u2019\u0131 makam\u0131nda ziyaret etti.<\/span><\/span><\/span><\/span><\/p>\n<p style=\"text-align:justify;margin-bottom:11px\"><span style=\"font-size:12pt\"><span style=\"line-height:115%\"><span style=\"font-family:Calibri,sans-serif\"><span style=\",serif\">Ger\u00e7ekle\u015fen g\u00f6r\u00fc\u015fmede, Didim\u2019e HAVA\u015e ula\u015f\u0131m hizmetinin kazand\u0131r\u0131lmas\u0131 ba\u015fta olmak \u00fczere, kentin ula\u015f\u0131m olanaklar\u0131n\u0131n geli\u015ftirilmesi ve turizm hareketlili\u011finin art\u0131r\u0131lmas\u0131 y\u00f6n\u00fcnde kapsaml\u0131 de\u011ferlendirmelerde bulunuldu. Yap\u0131lan g\u00f6r\u00fc\u015fmelerde, Didim\u2019in turizmde y\u00fckselen bir destinasyon olarak ulusal ve uluslararas\u0131 alanda daha g\u00f6r\u00fcn\u00fcr hale gelmesi i\u00e7in at\u0131labilecek ad\u0131mlar ele al\u0131nd\u0131.<\/span><\/span><\/span><\/span><\/p>\n<p style=\"text-align:justify;margin-bottom:11px\"><span style=\"font-size:12pt\"><span style=\"line-height:115%\"><span style=\"font-family:Calibri,sans-serif\"><span style=\",serif\">Turizmde Y\u00fckselen Y\u0131ld\u0131z Didim \u0130\u00e7in Stratejik \u0130\u015f Birlikleri<\/span><\/span><\/span><\/span><\/p>\n<p style=\"text-align:justify;margin-bottom:11px\"><span style=\"font-size:12pt\"><span style=\"line-height:115%\"><span style=\"font-family:Calibri,sans-serif\"><span style=\",serif\">Didim Belediyesi, kentin turizm potansiyelini daha da ileriye ta\u015f\u0131mak amac\u0131yla hem yurt i\u00e7i hem de yurt d\u0131\u015f\u0131 platformlarda \u00f6nemli \u00e7al\u0131\u015fmalar y\u00fcr\u00fctmeye devam ediyor. Turizm tan\u0131t\u0131mlar\u0131, uluslararas\u0131 temaslar, ula\u015f\u0131m altyap\u0131s\u0131n\u0131n g\u00fc\u00e7lendirilmesi ve kentin eri\u015filebilirli\u011finin art\u0131r\u0131lmas\u0131 gibi bir\u00e7ok alanda y\u00fcr\u00fct\u00fclen \u00e7al\u0131\u015fmalarla Didim\u2019in turizmde hak etti\u011fi de\u011feri g\u00f6rmesi hedefleniyor.<\/span><\/span><\/span><\/span><\/p>\n<p style=\"text-align:justify;margin-bottom:11px\"><span style=\"font-size:12pt\"><span style=\"line-height:115%\"><span style=\"font-family:Calibri,sans-serif\"><span style=\",serif\">Bu kapsamda ger\u00e7ekle\u015ftirilen g\u00f6r\u00fc\u015fmede, Milas\/Bodrum Havaliman\u0131 ile Didim aras\u0131ndaki ula\u015f\u0131m olanaklar\u0131n\u0131n geli\u015ftirilmesi, kentin turizm hareketlili\u011fine katk\u0131 sa\u011flanmas\u0131 ve b\u00f6lgenin uluslararas\u0131 turizm a\u011f\u0131ndaki konumunun g\u00fc\u00e7lendirilmesi konular\u0131 \u00fczerinde duruldu.<\/span><\/span><\/span><\/span><\/p>\n<p style=\"text-align:justify;margin-bottom:11px\"><span style=\"font-size:12pt\"><span style=\"line-height:115%\"><span style=\"font-family:Calibri,sans-serif\"><span style=\",serif\">Ula\u015f\u0131m Altyap\u0131s\u0131 G\u00fc\u00e7leniyor, Didim\u2019in Tan\u0131t\u0131m\u0131 Art\u0131yor<\/span><\/span><\/span><\/span><\/p>\n<p style=\"text-align:justify;margin-bottom:11px\"><span style=\"font-size:12pt\"><span style=\"line-height:115%\"><span style=\"font-family:Calibri,sans-serif\"><span style=\",serif\">Didim\u2019in yaln\u0131zca do\u011fal g\u00fczellikleriyle de\u011fil, ayn\u0131 zamanda g\u00fc\u00e7l\u00fc ula\u015f\u0131m ba\u011flant\u0131lar\u0131yla da \u00f6ne \u00e7\u0131kan bir turizm merkezi haline gelmesi i\u00e7in \u00e7al\u0131\u015fmalar\u0131n s\u00fcrd\u00fc\u011f\u00fc belirtildi. Kentin uluslararas\u0131 turizm arenas\u0131ndaki g\u00f6r\u00fcn\u00fcrl\u00fc\u011f\u00fcn\u00fc art\u0131rmaya y\u00f6nelik tan\u0131t\u0131m faaliyetleri ile ula\u015f\u0131m altyap\u0131s\u0131n\u0131n g\u00fc\u00e7lendirilmesi hedeflerinin birlikte y\u00fcr\u00fct\u00fcld\u00fc\u011f\u00fc ifade edildi.<\/span><\/span><\/span><\/span><\/p>\n<p style=\"text-align:justify;margin-bottom:11px\"><span style=\"font-size:12pt\"><span style=\"line-height:115%\"><span style=\"font-family:Calibri,sans-serif\"><span style=\",serif\">Ger\u00e7ekle\u015ftirilen temaslar\u0131n, Didim\u2019in turizmdeki geli\u015fimini destekleyecek ve kentin eri\u015filebilirli\u011fini art\u0131racak \u00f6nemli ad\u0131mlar aras\u0131nda yer ald\u0131\u011f\u0131 vurguland\u0131.<\/span><\/span><\/span><\/span><\/p>\n<p style=\"text-align:justify;margin-bottom:11px\"><span style=\"font-size:12pt\"><span style=\"line-height:115%\"><span style=\"font-family:Calibri,sans-serif\"><span style=\",serif\">Ba\u015fkan Hatice Gen\u00e7ay: \u201cDidim Uluslararas\u0131 Turizmde G\u00fc\u00e7l\u00fc Bir Merkez\u201d<\/span><\/span><\/span><\/span><\/p>\n<p style=\"text-align:justify;margin-bottom:11px\"><span style=\"font-size:12pt\"><span style=\"line-height:115%\"><span style=\"font-family:Calibri,sans-serif\"><span style=\",serif\">Didim Belediye Ba\u015fkan\u0131 Hatice Gen\u00e7ay, ger\u00e7ekle\u015ftirilen g\u00f6r\u00fc\u015fmeye ili\u015fkin yapt\u0131\u011f\u0131 de\u011ferlendirmede \u015fu ifadelere yer verdi:<\/span><\/span><\/span><\/span><\/p>\n<p style=\"text-align:justify;margin-bottom:11px\"><span style=\"font-size:12pt\"><span style=\"line-height:115%\"><span style=\"font-family:Calibri,sans-serif\"><span style=\",serif\">\u201cDidim, k\u00f6kl\u00fc tarihi, e\u015fsiz do\u011fal g\u00fczellikleri ve g\u00fc\u00e7l\u00fc turizm potansiyeli ile Ege\u2019nin en \u00f6zel kentlerinden biri. Ionia\u2019n\u0131n \u0130ncisi olan kentimiz, ge\u00e7mi\u015ften bug\u00fcne ta\u015f\u0131d\u0131\u011f\u0131 bu g\u00fc\u00e7l\u00fc miras\u0131yla yaln\u0131zca \u00fclkemizde de\u011fil uluslararas\u0131 arenada da dikkat \u00e7eken bir destinasyon haline geliyor.<\/span><\/span><\/span><\/span><\/p>\n<p style=\"text-align:justify;margin-bottom:11px\"><span style=\"font-size:12pt\"><span style=\"line-height:115%\"><span style=\"font-family:Calibri,sans-serif\"><span style=\",serif\">Biz de Didim Belediyesi olarak, turizmde y\u00fckselen y\u0131ld\u0131z olan kentimizin hak etti\u011fi de\u011feri g\u00f6rmesi i\u00e7in \u00f6nemli \u00e7al\u0131\u015fmalar y\u00fcr\u00fct\u00fcyoruz. Yurt i\u00e7i ve yurt d\u0131\u015f\u0131ndaki tan\u0131t\u0131m faaliyetlerimizi s\u00fcrd\u00fcr\u00fcrken ayn\u0131 zamanda ula\u015f\u0131m altyap\u0131s\u0131n\u0131 g\u00fc\u00e7lendirecek i\u015f birlikleri \u00fczerinde de \u00e7al\u0131\u015f\u0131yoruz. Milas\/Bodrum Havaliman\u0131 ile Didim aras\u0131ndaki ula\u015f\u0131m imkanlar\u0131n\u0131n geli\u015ftirilmesi, kentimizin turizm hareketlili\u011fine b\u00fcy\u00fck katk\u0131 sa\u011flayacakt\u0131r.<\/span><\/span><\/span><\/span><\/p>\n<p style=\"text-align:justify;margin-bottom:11px\"><span style=\"font-size:12pt\"><span style=\"line-height:115%\"><span style=\"font-family:Calibri,sans-serif\"><span style=\",serif\">Didim\u2019i tarihinden ald\u0131\u011f\u0131 g\u00fc\u00e7le, uluslararas\u0131 turizmde daha g\u00f6r\u00fcn\u00fcr ve daha g\u00fc\u00e7l\u00fc bir merkez haline getirmek i\u00e7in \u00e7al\u0131\u015fmalar\u0131m\u0131za kararl\u0131l\u0131kla devam edece\u011fiz.\u201d<\/span><\/span><\/span><\/span><\/p>\n<p style=\"text-align:justify;margin-bottom:11px\">\u00a0<\/p>\n<p style=\"text-align:justify;margin-bottom:11px\">\u00a0<\/p>\n<p>Kaynak: (BYZHA) Beyaz Haber Ajans\u0131<\/p>\n","protected":false},"excerpt":{"rendered":"<p>Didim\u2019in turizm potansiyelini g\u00fc\u00e7lendirecek \u00f6nemli bir temas ger\u00e7ekle\u015ftirildi.<\/p>\n","protected":false},"author":1,"featured_media":3812,"comment_status":"open","ping_status":"open","sticky":false,"template":"","format":"standard","meta":{"footnotes":""},"categories":[21],"tags":[],"class_list":["post-3811","post","type-post","status-publish","format-standard","has-post-thumbnail","hentry","category-gundem"],"_links":{"self":[{"href":"https:\/\/busondakika.com.tr\/index.php?rest_route=\/wp\/v2\/posts\/3811","targetHints":{"allow":["GET"]}}],"collection":[{"href":"https:\/\/busondakika.com.tr\/index.php?rest_route=\/wp\/v2\/posts"}],"about":[{"href":"https:\/\/busondakika.com.tr\/index.php?rest_route=\/wp\/v2\/types\/post"}],"author":[{"embeddable":true,"href":"https:\/\/busondakika.com.tr\/index.php?rest_route=\/wp\/v2\/users\/1"}],"replies":[{"embeddable":true,"href":"https:\/\/busondakika.com.tr\/index.php?rest_route=%2Fwp%2Fv2%2Fcomments&post=3811"}],"version-history":[{"count":1,"href":"https:\/\/busondakika.com.tr\/index.php?rest_route=\/wp\/v2\/posts\/3811\/revisions"}],"predecessor-version":[{"id":3813,"href":"https:\/\/busondakika.com.tr\/index.php?rest_route=\/wp\/v2\/posts\/3811\/revisions\/3813"}],"wp:featuredmedia":[{"embeddable":true,"href":"https:\/\/busondakika.com.tr\/index.php?rest_route=\/wp\/v2\/media\/3812"}],"wp:attachment":[{"href":"https:\/\/busondakika.com.tr\/index.php?rest_route=%2Fwp%2Fv2%2Fmedia&parent=3811"}],"wp:term":[{"taxonomy":"category","embeddable":true,"href":"https:\/\/busondakika.com.tr\/index.php?rest_route=%2Fwp%2Fv2%2Fcategories&post=3811"},{"taxonomy":"post_tag","embeddable":true,"href":"https:\/\/busondakika.com.tr\/index.php?rest_route=%2Fwp%2Fv2%2Ftags&post=3811"}],"curies":[{"name":"wp","href":"https:\/\/api.w.org\/{rel}","templated":true}]}}