{"id":3814,"date":"2026-03-16T07:24:12","date_gmt":"2026-03-16T07:24:12","guid":{"rendered":"https:\/\/busondakika.com.tr\/?p=3814"},"modified":"2026-03-16T07:24:13","modified_gmt":"2026-03-16T07:24:13","slug":"alikahya-istikametinde-6-duragin-tabelasi-asildi","status":"publish","type":"post","link":"https:\/\/busondakika.com.tr\/?p=3814","title":{"rendered":"Alikahya istikametinde 6 dura\u011f\u0131n tabelas\u0131 as\u0131ld\u0131"},"content":{"rendered":"<p> Kocaeli B\u00fcy\u00fck\u015fehir Belediyesi bir yandan Ak\u00e7aray Tramvay Hatt\u0131\u2019nda g\u00fcnl\u00fck\u00a0yolcu kapasitesini iki kat\u0131na \u00e7\u0131karma \u00e7al\u0131\u015fmalar\u0131n\u0131 s\u00fcrd\u00fcr\u00fcrken bir yandan da yolcu duraklar\u0131na konfor kat\u0131yor. Bu kapsamda B\u00fcy\u00fck\u015fehir, tamamlanan duraklar\u0131n tabelalar\u0131n\u0131 asarak projede bir a\u015famay\u0131 daha geride b\u0131rakt\u0131.<\/p>\n<p><b>6 DURA\u011eIN TABELASI ASILDI<\/b><\/p>\n<p>G\u00fcvenli ve rahat ula\u015f\u0131m keyfinin s\u00fcrd\u00fc\u011f\u00fc Ak\u00e7aray Tramvay Hatt\u0131\u2019nda hizmete al\u0131nan ancak isimleri verilmeyen yeni duraklar\u0131n tabelalar\u0131 yerlerine monte edildi. Buna g\u00f6re; Alikahya istikametinde bulunan, \u00e7ift dize (pe\u015f pe\u015fe iki tramvay) olarak hizmet verebilme kapasitesine sahip \u201cYuvam\u201d, \u201cY\u0131ld\u0131z\u201d, \u201cFatih\u201d, \u201cAlikahya\u201d, \u201cKocaelispor\u201d ve \u201cCengiz Topel\u201d istasyonlar\u0131n\u0131n tabelalar\u0131n\u0131n as\u0131lmas\u0131yla birlikte hatt\u0131n yeni b\u00f6l\u00fcm\u00fcnde \u00f6nemli bir a\u015fama daha tamamlanm\u0131\u015f oldu.<\/p>\n<p><b>HAT UZATMA \u00c7ALI\u015eMALARI S\u00dcR\u00dcYOR<\/b><\/p>\n<p>Kentin ula\u015f\u0131m konforunu demir a\u011flarla bir \u00fcst seviyeye ta\u015f\u0131yan Kocaeli B\u00fcy\u00fck\u015fehir Belediyesi, bu alandaki yat\u0131r\u0131mlar\u0131n\u0131 aral\u0131ks\u0131z s\u00fcrd\u00fcr\u00fcyor. \u00c7ift dizi tramvay hizmeti i\u00e7in ba\u015flat\u0131lan hat uzatma \u00e7al\u0131\u015fmalar\u0131, 13 durakta devam ediyor. T\u00fcm duraklarda altyap\u0131 \u00e7al\u0131\u015fmalar\u0131 s\u00fcrerken, turnike ve kanopi montajlar\u0131 da e\u015f zamanl\u0131 olarak ger\u00e7ekle\u015ftiriliyor. E\u011fitim Kamp\u00fcs\u00fc ve Gar duraklar\u0131nda ise yol geni\u015fletme \u00e7al\u0131\u015fmalar\u0131n\u0131n tamamlanmas\u0131n\u0131n ard\u0131ndan istasyon uzatma imalatlar\u0131na ba\u015flanacak.<\/p>\n<p><b>KARTEPE KONFORLU ULA\u015eIMA KAVU\u015eACAK<\/b><\/p>\n<p>\u0130zmit\u2019in ard\u0131ndan yak\u0131n zamanda Kartepe\u2019ye uzanacak olan Ak\u00e7aray Tramvay Hatt\u0131\u2019nda ray uzatma \u00e7al\u0131\u015fmalar\u0131 da son s\u00fcrat devam ediyor.<\/p>\n<p>B\u00f6lgede ray, altyap\u0131 ve \u00fcstyap\u0131 \u00e7al\u0131\u015fmalar\u0131n\u0131n tamamlanmas\u0131ndan sonra test s\u00fcr\u00fc\u015flerinin ger\u00e7ekle\u015ftirilmesi planlan\u0131yor. Kartepe hatt\u0131n\u0131n hizmete girmesiyle birlikte tramvay a\u011f\u0131 daha geni\u015f bir alana ula\u015facak ve kent i\u00e7i ula\u015f\u0131mda \u00f6nemli bir rahatlama sa\u011flanacak. B\u00f6ylece \u0130zmit ile Kartepe aras\u0131ndaki ula\u015f\u0131m daha h\u0131zl\u0131, konforlu ve g\u00fcvenli hale gelecek.<\/p>\n<p>\u00a0<\/p>\n<p>\u00a0<\/p>\n<p>Kaynak: (BYZHA) Beyaz Haber Ajans\u0131<\/p>\n","protected":false},"excerpt":{"rendered":"<p>Kocaeli B\u00fcy\u00fck\u015fehir Belediyesi bir yandan Ak\u00e7aray Tramvay Hatt\u0131\u2019nda g\u00fcnl\u00fck\u00a0yolcu kapasitesini iki kat\u0131na \u00e7\u0131karma \u00e7al\u0131\u015fmalar\u0131n\u0131 s\u00fcrd\u00fcr\u00fcrken bir yandan da yolcu duraklar\u0131na konfor kat\u0131yor.<\/p>\n","protected":false},"author":1,"featured_media":3815,"comment_status":"open","ping_status":"open","sticky":false,"template":"","format":"standard","meta":{"footnotes":""},"categories":[21],"tags":[],"class_list":["post-3814","post","type-post","status-publish","format-standard","has-post-thumbnail","hentry","category-gundem"],"_links":{"self":[{"href":"https:\/\/busondakika.com.tr\/index.php?rest_route=\/wp\/v2\/posts\/3814","targetHints":{"allow":["GET"]}}],"collection":[{"href":"https:\/\/busondakika.com.tr\/index.php?rest_route=\/wp\/v2\/posts"}],"about":[{"href":"https:\/\/busondakika.com.tr\/index.php?rest_route=\/wp\/v2\/types\/post"}],"author":[{"embeddable":true,"href":"https:\/\/busondakika.com.tr\/index.php?rest_route=\/wp\/v2\/users\/1"}],"replies":[{"embeddable":true,"href":"https:\/\/busondakika.com.tr\/index.php?rest_route=%2Fwp%2Fv2%2Fcomments&post=3814"}],"version-history":[{"count":1,"href":"https:\/\/busondakika.com.tr\/index.php?rest_route=\/wp\/v2\/posts\/3814\/revisions"}],"predecessor-version":[{"id":3816,"href":"https:\/\/busondakika.com.tr\/index.php?rest_route=\/wp\/v2\/posts\/3814\/revisions\/3816"}],"wp:featuredmedia":[{"embeddable":true,"href":"https:\/\/busondakika.com.tr\/index.php?rest_route=\/wp\/v2\/media\/3815"}],"wp:attachment":[{"href":"https:\/\/busondakika.com.tr\/index.php?rest_route=%2Fwp%2Fv2%2Fmedia&parent=3814"}],"wp:term":[{"taxonomy":"category","embeddable":true,"href":"https:\/\/busondakika.com.tr\/index.php?rest_route=%2Fwp%2Fv2%2Fcategories&post=3814"},{"taxonomy":"post_tag","embeddable":true,"href":"https:\/\/busondakika.com.tr\/index.php?rest_route=%2Fwp%2Fv2%2Ftags&post=3814"}],"curies":[{"name":"wp","href":"https:\/\/api.w.org\/{rel}","templated":true}]}}