{"id":3817,"date":"2026-03-16T07:24:21","date_gmt":"2026-03-16T07:24:21","guid":{"rendered":"https:\/\/busondakika.com.tr\/?p=3817"},"modified":"2026-03-16T07:24:22","modified_gmt":"2026-03-16T07:24:22","slug":"nevsehir-belediyesinden-saliha-erdim-soylesisi","status":"publish","type":"post","link":"https:\/\/busondakika.com.tr\/?p=3817","title":{"rendered":"Nev\u015fehir Belediyesi\u2019nden \u201cSaliha Erdim\u201d S\u00f6yle\u015fisi"},"content":{"rendered":"\n<p class=\"MsoNoSpacing\"><span style=\"font-size:11pt\"><span style=\"font-family:Calibri,sans-serif\"><span class=\"MsoSubtleEmphasis\" style=\"color:#404040\"><span style=\"font-style:italic\"><span style=\"font-size:13.0pt\">Nev\u015fehir Belediyesi taraf\u0131ndan Ramazan Ay\u0131 etkinlikleri kapsam\u0131nda Saliha Erdim s\u00f6yle\u015fisi ger\u00e7ekle\u015ftirilecek. <\/span><\/span><\/span><\/span><\/span><\/p>\n<p class=\"MsoNoSpacing\"><span style=\"font-size:11pt\"><span style=\"font-family:Calibri,sans-serif\"><span class=\"MsoSubtleEmphasis\" style=\"color:#404040\"><span style=\"font-style:italic\"><span style=\"font-size:13.0pt\">Sosyal ve k\u00fclt\u00fcrel belediyecilik anlay\u0131\u015f\u0131 kapsam\u0131nda fark olu\u015fturan Nev\u015fehir Belediyesi manevi iklime uygun programlar yapmaya devam ediyor.<\/span><\/span><\/span><\/span><\/span><\/p>\n<p class=\"MsoNoSpacing\"><span style=\"font-size:11pt\"><span style=\"font-family:Calibri,sans-serif\"><span class=\"MsoSubtleEmphasis\" style=\"color:#404040\"><span style=\"font-style:italic\"><span style=\"font-size:13.0pt\">Toplumun temel ta\u015f\u0131 olan aile kurumuna dikkat \u00e7ekmek ve aile i\u00e7i ba\u011flar\u0131n g\u00fc\u00e7lendirilmesine katk\u0131 sa\u011flamak amac\u0131yla d\u00fczenlenen etkinlikler kapsam\u0131nda, \u00f6nemli bir s\u00f6yle\u015fi program\u0131 daha hayata ge\u00e7ecek. <\/span><\/span><\/span><\/span><\/span><\/p>\n<p class=\"MsoNoSpacing\"><span style=\"font-size:11pt\"><span style=\"font-family:Calibri,sans-serif\"><span class=\"MsoSubtleEmphasis\" style=\"color:#404040\"><span style=\"font-style:italic\"><span style=\"font-size:13.0pt\">16 Mart 2026 Pazartesi g\u00fcn\u00fc ger\u00e7ekle\u015ftirilecek s\u00f6yle\u015finin konu\u011fu, aile dan\u0131\u015fman\u0131 ve yazar Saliha Erdim olacak. <\/span><\/span><\/span><\/span><\/span><\/p>\n<p class=\"MsoNoSpacing\"><span style=\"font-size:11pt\"><span style=\"font-family:Calibri,sans-serif\"><span class=\"MsoSubtleEmphasis\" style=\"color:#404040\"><span style=\"font-style:italic\"><span style=\"font-size:13.0pt\">Kaleme ald\u0131\u011f\u0131 eserler ve T\u00fcrkiye genelinde verdi\u011fi konferanslarla binlerce aileye rehberlik eden Erdim s\u00f6yle\u015fide; aile kurumunun \u00f6nemi, kriz d\u00f6nemlerinde aile i\u00e7i dayan\u0131\u015fman\u0131n \u00f6nemi, ailenin ayakta tutulmas\u0131 ve sa\u011fl\u0131kl\u0131 bireylerin yeti\u015fmesi ad\u0131na ailenin nas\u0131l korunabilece\u011fi gibi konular\u0131 farkl\u0131 a\u00e7\u0131lardan ele alacak. <\/span><\/span><\/span><\/span><\/span><\/p>\n<p class=\"MsoNoSpacing\"><span style=\"font-size:11pt\"><span style=\"font-family:Calibri,sans-serif\"><span class=\"MsoSubtleEmphasis\" style=\"color:#404040\"><span style=\"font-style:italic\"><span style=\"font-size:13.0pt\">Nev\u015fehir Belediyesi taraf\u0131ndan \u00fccretsiz olarak d\u00fczenlenecek etkinli\u011fe b\u00fct\u00fcn vatanda\u015flar\u0131m\u0131z davet edildi.<\/span><\/span><\/span><\/span><\/span><\/p>\n<p class=\"MsoNoSpacing\"><span style=\"font-size:11pt\"><span style=\"font-family:Calibri,sans-serif\"><span class=\"MsoSubtleEmphasis\" style=\"color:#404040\"><span style=\"font-style:italic\"><span style=\"font-size:13.0pt\">Ramazan ay\u0131 i\u00e7erisinde birbirinden g\u00fczel sosyal ve k\u00fclt\u00fcrel programlara imza atan Nev\u015fehir Belediyesi\u2019nin bu tarz fark\u0131ndal\u0131k programlar\u0131n\u0131n y\u0131l boyunca devam edece\u011fi ifade edildi.<\/span><\/span><\/span><\/span><\/span><\/p>\n<p class=\"MsoNoSpacing\"><span style=\"font-size:11pt\"><span style=\"font-family:Calibri,sans-serif\"><span class=\"MsoSubtleEmphasis\" style=\"color:#404040\"><span style=\"font-style:italic\"><b><span style=\"font-size:13.0pt\">YAZAR SAL\u0130HA ERD\u0130M S\u00d6YLE\u015e\u0130S\u0130<\/span><\/b><\/span><\/span><\/span><\/span><\/p>\n<p class=\"MsoNoSpacing\"><span style=\"font-size:11pt\"><span style=\"font-family:Calibri,sans-serif\"><span class=\"MsoSubtleEmphasis\" style=\"color:#404040\"><span style=\"font-style:italic\"><span style=\"font-size:13.0pt\">Tarih\u00a0\u00a0\u00a0\u00a0\u00a0\u00a0\u00a0\u00a0\u00a0\u00a0\u00a0\u00a0\u00a0\u00a0 : 16 Mart 2026 Pazartesi<\/span><\/span><\/span><\/span><\/span><\/p>\n<p class=\"MsoNoSpacing\"><span style=\"font-size:11pt\"><span style=\"font-family:Calibri,sans-serif\"><span class=\"MsoSubtleEmphasis\" style=\"color:#404040\"><span style=\"font-style:italic\"><span style=\"font-size:13.0pt\">Saat\u00a0\u00a0\u00a0\u00a0\u00a0\u00a0\u00a0\u00a0\u00a0\u00a0\u00a0\u00a0\u00a0\u00a0\u00a0 : 20.30<\/span><\/span><\/span><\/span><\/span><\/p>\n<p><span class=\"MsoSubtleEmphasis\" style=\"color:#404040\"><span style=\"font-style:italic\"><span style=\"font-size:13.0pt\"><span style=\"line-height:107%\"><span style=\",sans-serif\">Yer \u00a0\u00a0\u00a0\u00a0\u00a0\u00a0\u00a0\u00a0\u00a0\u00a0\u00a0\u00a0\u00a0\u00a0\u00a0\u00a0 : Kapadokya K\u00fclt\u00fcr ve Sanat Merkezi<\/span><\/span><\/span><\/span><\/span><\/p>\n<p>\u00a0<\/p>\n<p>Kaynak: (BYZHA) Beyaz Haber Ajans\u0131<\/p>\n","protected":false},"excerpt":{"rendered":"<p>Nev\u015fehir Belediyesi taraf\u0131ndan Ramazan Ay\u0131 etkinlikleri kapsam\u0131nda Saliha Erdim s\u00f6yle\u015fisi ger\u00e7ekle\u015ftirilecek.<\/p>\n","protected":false},"author":1,"featured_media":3818,"comment_status":"open","ping_status":"open","sticky":false,"template":"","format":"standard","meta":{"footnotes":""},"categories":[20],"tags":[],"class_list":["post-3817","post","type-post","status-publish","format-standard","has-post-thumbnail","hentry","category-kultur-sanat"],"_links":{"self":[{"href":"https:\/\/busondakika.com.tr\/index.php?rest_route=\/wp\/v2\/posts\/3817","targetHints":{"allow":["GET"]}}],"collection":[{"href":"https:\/\/busondakika.com.tr\/index.php?rest_route=\/wp\/v2\/posts"}],"about":[{"href":"https:\/\/busondakika.com.tr\/index.php?rest_route=\/wp\/v2\/types\/post"}],"author":[{"embeddable":true,"href":"https:\/\/busondakika.com.tr\/index.php?rest_route=\/wp\/v2\/users\/1"}],"replies":[{"embeddable":true,"href":"https:\/\/busondakika.com.tr\/index.php?rest_route=%2Fwp%2Fv2%2Fcomments&post=3817"}],"version-history":[{"count":1,"href":"https:\/\/busondakika.com.tr\/index.php?rest_route=\/wp\/v2\/posts\/3817\/revisions"}],"predecessor-version":[{"id":3819,"href":"https:\/\/busondakika.com.tr\/index.php?rest_route=\/wp\/v2\/posts\/3817\/revisions\/3819"}],"wp:featuredmedia":[{"embeddable":true,"href":"https:\/\/busondakika.com.tr\/index.php?rest_route=\/wp\/v2\/media\/3818"}],"wp:attachment":[{"href":"https:\/\/busondakika.com.tr\/index.php?rest_route=%2Fwp%2Fv2%2Fmedia&parent=3817"}],"wp:term":[{"taxonomy":"category","embeddable":true,"href":"https:\/\/busondakika.com.tr\/index.php?rest_route=%2Fwp%2Fv2%2Fcategories&post=3817"},{"taxonomy":"post_tag","embeddable":true,"href":"https:\/\/busondakika.com.tr\/index.php?rest_route=%2Fwp%2Fv2%2Ftags&post=3817"}],"curies":[{"name":"wp","href":"https:\/\/api.w.org\/{rel}","templated":true}]}}