{"id":3823,"date":"2026-03-16T07:44:18","date_gmt":"2026-03-16T07:44:18","guid":{"rendered":"https:\/\/busondakika.com.tr\/?p=3823"},"modified":"2026-03-16T07:44:19","modified_gmt":"2026-03-16T07:44:19","slug":"bornovada-gece-asfalt-mesaisi","status":"publish","type":"post","link":"https:\/\/busondakika.com.tr\/?p=3823","title":{"rendered":"Bornova\u2019da gece asfalt mesaisi"},"content":{"rendered":"<p> Bornova Belediyesi, \u0130ZSU\u2019nun altyap\u0131 \u00e7al\u0131\u015fmalar\u0131 nedeniyle bozulan Kaz\u0131m Karabekir Caddesi ve 457 Sokak\u2019taki yollar\u0131 kaz\u0131y\u0131p yeniden asfaltlad\u0131. Trafi\u011fin aksamamas\u0131 i\u00e7in gece saatlerinde yap\u0131lan \u00e7al\u0131\u015fmalar\u0131 Bornova Belediye Ba\u015fkan\u0131 \u00d6mer E\u015fki de yerinde takip etti. E\u015fki, altyap\u0131 \u00e7al\u0131\u015fmalar\u0131n\u0131n gerekli oldu\u011funu belirterek Bornova\u2019y\u0131 daha g\u00fczel ve estetik hale getirmek i\u00e7in \u00e7al\u0131\u015fmalar\u0131n s\u00fcrece\u011fini s\u00f6yledi.<\/p>\n<p><b>\u00a0<\/b>Bornova Belediyesi, il\u00e7e genelinde s\u00fcrd\u00fcrd\u00fc\u011f\u00fc yol yenileme \u00e7al\u0131\u015fmalar\u0131na Bornova merkezde devam etti. Kaz\u0131m Karabekir Caddesi ve 457 Sokak\u2019ta, \u0130ZSU\u2019nun altyap\u0131 \u00e7al\u0131\u015fmalar\u0131 nedeniyle bozulan yollar belediye ekipleri taraf\u0131ndan kaz\u0131narak yeniden asfaltland\u0131. Trafi\u011fin aksamas\u0131n\u0131 \u00f6nlemek i\u00e7in \u00e7al\u0131\u015fmalar gece saatlerinde ger\u00e7ekle\u015ftirildi.<\/p>\n<p><b>\u00a0<\/b>Gece yap\u0131lan asfalt \u00e7al\u0131\u015fmalar\u0131n\u0131 Bornova Belediye Ba\u015fkan\u0131 \u00d6mer E\u015fki, ilgili birim sorumlular\u0131yla birlikte yerinde inceleyerek ekiplerden bilgi ald\u0131.<\/p>\n<p><b>\u00a0\u00a0\u201cAltyap\u0131 \u00e7al\u0131\u015fmalar\u0131 gerekliydi\u201d<\/b><\/p>\n<p><b>\u00a0<\/b>Ba\u015fkan \u00d6mer E\u015fki, \u00e7al\u0131\u015fmalar\u0131n H\u00fck\u00fcmet Kona\u011f\u0131 \u00f6n\u00fcnde s\u00fcrd\u00fc\u011f\u00fcn\u00fc belirterek altyap\u0131 yat\u0131r\u0131mlar\u0131n\u0131n \u00f6nemine dikkat \u00e7ekti. E\u015fki, \u201c\u015eu anda H\u00fck\u00fcmet Kona\u011f\u0131\u2019n\u0131n \u00f6n\u00fcndeyiz. Burada son dokunu\u015flar\u0131 yap\u0131yoruz. Kimi \u00e7evreler ele\u015ftiriyor ama \u0130ZSU\u2019nun yapt\u0131\u011f\u0131 altyap\u0131 \u00e7al\u0131\u015fmalar\u0131 \u00e7ok \u00f6nemli ve gerekliydi. Bu nedenle B\u00fcy\u00fck\u015fehir Belediyesi\u2019ne te\u015fekk\u00fcr ediyoruz\u201d dedi.<\/p>\n<p><b>\u00a0\u201cBirileri konu\u015facak, biz \u00e7al\u0131\u015faca\u011f\u0131z\u201d<\/b><\/p>\n<p><b>\u00a0<\/b>Yol \u00e7al\u0131\u015fmalar\u0131n\u0131n sadece asfaltla s\u0131n\u0131rl\u0131 olmad\u0131\u011f\u0131n\u0131 belirten Ba\u015fkan E\u015fki, Bornova\u2019da estetik dokunu\u015flar\u0131n da hayata ge\u00e7irildi\u011fini ifade ederek, \u201cBiz sadece asfalt atm\u0131yoruz. Yapt\u0131\u011f\u0131m\u0131z \u0131\u015f\u0131kland\u0131rmalarla bu yollar\u0131 \u00e7ok daha estetik bir g\u00f6r\u00fcn\u00fcme kavu\u015fturuyoruz. Daha g\u00fczel bir Bornova yaratmak i\u00e7in \u00e7al\u0131\u015fmalar\u0131m\u0131z s\u00fcrecek. Birileri konu\u015facak, biz \u00e7al\u0131\u015fmaya devam edece\u011fiz.\u201d diye konu\u015ftu.<b>\u00a0<\/b><\/p>\n<p>Bornova Belediyesi ekipleri, il\u00e7e genelinde altyap\u0131 \u00e7al\u0131\u015fmalar\u0131 sonras\u0131 bozulan yollarda asfalt ve d\u00fczenleme \u00e7al\u0131\u015fmalar\u0131n\u0131 s\u00fcrd\u00fcr\u00fcyor.<\/p>\n<p>\u00a0<\/p>\n<p>Kaynak: (BYZHA) Beyaz Haber Ajans\u0131<\/p>\n","protected":false},"excerpt":{"rendered":"<p>Bornova Belediyesi, \u0130ZSU\u2019nun altyap\u0131 \u00e7al\u0131\u015fmalar\u0131 nedeniyle bozulan Kaz\u0131m Karabekir Caddesi ve 457 Sokak\u2019taki yollar\u0131 kaz\u0131y\u0131p yeniden asfaltlad\u0131.<\/p>\n","protected":false},"author":1,"featured_media":3824,"comment_status":"open","ping_status":"open","sticky":false,"template":"","format":"standard","meta":{"footnotes":""},"categories":[21],"tags":[],"class_list":["post-3823","post","type-post","status-publish","format-standard","has-post-thumbnail","hentry","category-gundem"],"_links":{"self":[{"href":"https:\/\/busondakika.com.tr\/index.php?rest_route=\/wp\/v2\/posts\/3823","targetHints":{"allow":["GET"]}}],"collection":[{"href":"https:\/\/busondakika.com.tr\/index.php?rest_route=\/wp\/v2\/posts"}],"about":[{"href":"https:\/\/busondakika.com.tr\/index.php?rest_route=\/wp\/v2\/types\/post"}],"author":[{"embeddable":true,"href":"https:\/\/busondakika.com.tr\/index.php?rest_route=\/wp\/v2\/users\/1"}],"replies":[{"embeddable":true,"href":"https:\/\/busondakika.com.tr\/index.php?rest_route=%2Fwp%2Fv2%2Fcomments&post=3823"}],"version-history":[{"count":1,"href":"https:\/\/busondakika.com.tr\/index.php?rest_route=\/wp\/v2\/posts\/3823\/revisions"}],"predecessor-version":[{"id":3825,"href":"https:\/\/busondakika.com.tr\/index.php?rest_route=\/wp\/v2\/posts\/3823\/revisions\/3825"}],"wp:featuredmedia":[{"embeddable":true,"href":"https:\/\/busondakika.com.tr\/index.php?rest_route=\/wp\/v2\/media\/3824"}],"wp:attachment":[{"href":"https:\/\/busondakika.com.tr\/index.php?rest_route=%2Fwp%2Fv2%2Fmedia&parent=3823"}],"wp:term":[{"taxonomy":"category","embeddable":true,"href":"https:\/\/busondakika.com.tr\/index.php?rest_route=%2Fwp%2Fv2%2Fcategories&post=3823"},{"taxonomy":"post_tag","embeddable":true,"href":"https:\/\/busondakika.com.tr\/index.php?rest_route=%2Fwp%2Fv2%2Ftags&post=3823"}],"curies":[{"name":"wp","href":"https:\/\/api.w.org\/{rel}","templated":true}]}}