{"id":3829,"date":"2026-03-16T07:44:23","date_gmt":"2026-03-16T07:44:23","guid":{"rendered":"https:\/\/busondakika.com.tr\/?p=3829"},"modified":"2026-03-16T07:44:24","modified_gmt":"2026-03-16T07:44:24","slug":"baskan-olmez-bu-gece-kardeslik-baglarimizi-guclendirmek-icin-onemli-bir-firsattir","status":"publish","type":"post","link":"https:\/\/busondakika.com.tr\/?p=3829","title":{"rendered":"Ba\u015fkan \u00d6lmez   \u2018\u2019Bu gece, Karde\u015flik Ba\u011flar\u0131m\u0131z\u0131 G\u00fc\u00e7lendirmek \u0130\u00e7in \u00d6nemli Bir F\u0131rsatt\u0131r.\u201d"},"content":{"rendered":"\n<p style=\"margin-bottom:13px\"><span style=\"font-size:11pt\"><span style=\"line-height:115%\"><span style=\"font-family:Calibri,sans-serif\"><span style=\"font-size:14.0pt\"><span style=\"line-height:115%\"><span style=\",serif\">Kand\u0131ra Belediye Ba\u015fkan\u0131 Erol \u00d6lmez, Kadir Gecesi m\u00fcnasebetiyle bir mesaj yay\u0131mlad\u0131. <\/span><\/span><\/span><\/span><\/span><\/span><\/p>\n<p style=\"margin-bottom:13px\"><span style=\"font-size:11pt\"><span style=\"line-height:115%\"><span style=\"font-family:Calibri,sans-serif\"><span style=\"font-size:14.0pt\"><span style=\"line-height:115%\"><span style=\",serif\">Ba\u015fkan \u00d6lmez, yay\u0131mlad\u0131\u011f\u0131 mesajda Kadir Gecesi\u2019nin \u0130slam \u00e2lemi i\u00e7in ta\u015f\u0131d\u0131\u011f\u0131 b\u00fcy\u00fck manevi \u00f6neme dikkat \u00e7ekerek, bu m\u00fcbarek gecenin birlik, beraberlik ve karde\u015flik duygular\u0131n\u0131 g\u00fc\u00e7lendiren \u00f6zel bir zaman dilimi oldu\u011funu ifade etti.<\/span><\/span><\/span><\/span><\/span><\/span><\/p>\n<p style=\"margin-bottom:13px\"><span style=\"font-size:11pt\"><span style=\"line-height:115%\"><span style=\"font-family:Calibri,sans-serif\"><span style=\"font-size:14.0pt\"><span style=\"line-height:115%\"><span style=\",serif\">Ba\u015fkan \u00d6lmez mesaj\u0131nda \u015fu ifadelere yer verdi:<\/span><\/span><\/span><\/span><\/span><\/span><\/p>\n<p style=\"margin-bottom:13px\"><span style=\"font-size:11pt\"><span style=\"line-height:115%\"><span style=\"font-family:Calibri,sans-serif\"><span style=\"font-size:14.0pt\"><span style=\"line-height:115%\"><span style=\",serif\">\u201cBin aydan daha hay\u0131rl\u0131 oldu\u011fu m\u00fcjdelenen Kadir Gecesi; rahmetin, ma\u011ffiretin ve bereketin yery\u00fcz\u00fcn\u00fc ku\u015fatt\u0131\u011f\u0131 m\u00fcstesna bir gecedir. Bu m\u00fcbarek gece; g\u00f6n\u00fcllerimizi ar\u0131nd\u0131rmak, k\u0131rg\u0131nl\u0131klar\u0131 geride b\u0131rakmak ve karde\u015flik ba\u011flar\u0131m\u0131z\u0131 daha da g\u00fc\u00e7lendirmek i\u00e7in \u00f6nemli bir f\u0131rsatt\u0131r.\u201d<\/span><\/span><\/span><\/span><\/span><\/span><\/p>\n<p style=\"margin-bottom:13px\"><span style=\"font-size:11pt\"><span style=\"line-height:115%\"><span style=\"font-family:Calibri,sans-serif\"><span style=\"font-size:14.0pt\"><span style=\"line-height:115%\"><span style=\",serif\">Ramazan ay\u0131n\u0131n manevi ikliminin toplumda dayan\u0131\u015fma ve payla\u015fma duygular\u0131n\u0131 art\u0131rd\u0131\u011f\u0131n\u0131 belirten \u00d6lmez, bu gecenin t\u00fcm insanl\u0131k i\u00e7in hay\u0131rlara vesile olmas\u0131n\u0131 temenni etti.<\/span><\/span><\/span><\/span><\/span><\/span><\/p>\n<p style=\"margin-bottom:13px\"><span style=\"font-size:11pt\"><span style=\"line-height:115%\"><span style=\"font-family:Calibri,sans-serif\"><span style=\"font-size:14.0pt\"><span style=\"line-height:115%\"><span style=\",serif\">Ba\u015fkan \u00d6lmez mesaj\u0131n\u0131n sonunda \u015fu ifadelere yer verdi:<\/span><\/span><\/span><\/span><\/span><\/span><\/p>\n<p style=\"margin-bottom:13px\"><span style=\"font-size:11pt\"><span style=\"line-height:115%\"><span style=\"font-family:Calibri,sans-serif\"><span style=\"font-size:14.0pt\"><span style=\"line-height:115%\"><span style=\",serif\">\u201cBu duygu ve d\u00fc\u015f\u00fcncelerle ba\u015fta k\u0131ymetli hem\u015fehrilerim olmak \u00fczere aziz milletimizin ve t\u00fcm \u0130slam \u00e2leminin Kadir Gecesi\u2019ni tebrik ediyor; bu m\u00fcbarek gecenin sa\u011fl\u0131k, huzur ve bereket getirmesini Y\u00fcce Allah\u2019tan niyaz ediyorum. Rabbim dualar\u0131m\u0131z\u0131 kabul eylesin.\u201ddedi.<\/span><\/span><\/span><\/span><\/span><\/span><\/p>\n<p style=\"margin-bottom:13px\">\u00a0<\/p>\n<p>Kaynak: (BYZHA) Beyaz Haber Ajans\u0131<\/p>\n","protected":false},"excerpt":{"rendered":"<p>Kand\u0131ra Belediye Ba\u015fkan\u0131 Erol \u00d6lmez, Kadir Gecesi m\u00fcnasebetiyle bir mesaj yay\u0131mlad\u0131.<\/p>\n","protected":false},"author":1,"featured_media":3830,"comment_status":"open","ping_status":"open","sticky":false,"template":"","format":"standard","meta":{"footnotes":""},"categories":[21],"tags":[],"class_list":["post-3829","post","type-post","status-publish","format-standard","has-post-thumbnail","hentry","category-gundem"],"_links":{"self":[{"href":"https:\/\/busondakika.com.tr\/index.php?rest_route=\/wp\/v2\/posts\/3829","targetHints":{"allow":["GET"]}}],"collection":[{"href":"https:\/\/busondakika.com.tr\/index.php?rest_route=\/wp\/v2\/posts"}],"about":[{"href":"https:\/\/busondakika.com.tr\/index.php?rest_route=\/wp\/v2\/types\/post"}],"author":[{"embeddable":true,"href":"https:\/\/busondakika.com.tr\/index.php?rest_route=\/wp\/v2\/users\/1"}],"replies":[{"embeddable":true,"href":"https:\/\/busondakika.com.tr\/index.php?rest_route=%2Fwp%2Fv2%2Fcomments&post=3829"}],"version-history":[{"count":1,"href":"https:\/\/busondakika.com.tr\/index.php?rest_route=\/wp\/v2\/posts\/3829\/revisions"}],"predecessor-version":[{"id":3831,"href":"https:\/\/busondakika.com.tr\/index.php?rest_route=\/wp\/v2\/posts\/3829\/revisions\/3831"}],"wp:featuredmedia":[{"embeddable":true,"href":"https:\/\/busondakika.com.tr\/index.php?rest_route=\/wp\/v2\/media\/3830"}],"wp:attachment":[{"href":"https:\/\/busondakika.com.tr\/index.php?rest_route=%2Fwp%2Fv2%2Fmedia&parent=3829"}],"wp:term":[{"taxonomy":"category","embeddable":true,"href":"https:\/\/busondakika.com.tr\/index.php?rest_route=%2Fwp%2Fv2%2Fcategories&post=3829"},{"taxonomy":"post_tag","embeddable":true,"href":"https:\/\/busondakika.com.tr\/index.php?rest_route=%2Fwp%2Fv2%2Ftags&post=3829"}],"curies":[{"name":"wp","href":"https:\/\/api.w.org\/{rel}","templated":true}]}}