{"id":3838,"date":"2026-03-16T08:04:54","date_gmt":"2026-03-16T08:04:54","guid":{"rendered":"https:\/\/busondakika.com.tr\/?p=3838"},"modified":"2026-03-16T08:04:55","modified_gmt":"2026-03-16T08:04:55","slug":"baskan-aydindan-kadir-gecesi-mesaji","status":"publish","type":"post","link":"https:\/\/busondakika.com.tr\/?p=3838","title":{"rendered":"Ba\u015fkan Ayd\u0131n\u2019dan Kadir Gecesi Mesaj\u0131"},"content":{"rendered":"\n<p style=\"margin-bottom:13px\"><span style=\"font-size:11pt\"><span style=\"line-height:normal\"><span style=\"font-family:Calibri,sans-serif\"><span style=\"font-size:12.0pt\"><span style=\",serif\">\u00c7umra Belediye Ba\u015fkan\u0131 Mehmet Ayd\u0131n, Ramazan ay\u0131n\u0131n manevi iklimini ta\u00e7land\u0131ran, Kur\u2019an-\u0131 Kerim\u2019de &#8220;bin aydan daha hay\u0131rl\u0131&#8221; oldu\u011fu m\u00fcjdelenen Kadir Gecesi dolay\u0131s\u0131yla bir kutlama mesaj\u0131 yay\u0131mlad\u0131.<\/span><\/span><\/span><\/span><\/span><\/p>\n<p style=\"margin-bottom:13px\"><span style=\"font-size:11pt\"><span style=\"line-height:normal\"><span style=\"font-family:Calibri,sans-serif\"><span style=\"font-size:12.0pt\"><span style=\",serif\">Ba\u015fkan Ayd\u0131n, mesaj\u0131nda \u015fu ifadelere yer verdi:<\/span><\/span><\/span><\/span><\/span><\/p>\n<p style=\"margin-bottom:13px\"><span style=\"font-size:11pt\"><span style=\"line-height:normal\"><span style=\"font-family:Calibri,sans-serif\"><span style=\"font-size:12.0pt\"><span style=\",serif\">&#8220;Ba\u015f\u0131 rahmet, ortas\u0131 ma\u011ffiret, sonu ise ebedi azaptan kurtulu\u015f olan m\u00fcbarek Ramazan ay\u0131n\u0131n sonuna yakla\u015f\u0131rken, kalplerimizi ayd\u0131nlatan Kadir Gecesi\u2019ne kavu\u015fman\u0131n huzurunu ve heyecan\u0131n\u0131 ya\u015f\u0131yoruz.<\/span><\/span><\/span><\/span><\/span><\/p>\n<p style=\"margin-bottom:13px\"><span style=\"font-size:11pt\"><span style=\"line-height:normal\"><span style=\"font-family:Calibri,sans-serif\"><span style=\"font-size:12.0pt\"><span style=\",serif\">Kadir Gecesi, insanl\u0131\u011fa rehber olarak g\u00f6nderilen kutsal kitab\u0131m\u0131z Kur\u2019an-\u0131 Kerim\u2019in n\u00fczul etmeye ba\u015flad\u0131\u011f\u0131, sema kap\u0131lar\u0131n\u0131n ard\u0131na kadar a\u00e7\u0131ld\u0131\u011f\u0131, dua ve t\u00f6vbelerin kabul oldu\u011fu m\u00fcstesna bir l\u00fctuf gecesidir. Bu m\u00fcbarek gece, bizlere k\u0131rg\u0131nl\u0131klar\u0131 unutmay\u0131, sevgiyi \u00e7o\u011faltmay\u0131, yard\u0131mla\u015fma ve dayan\u0131\u015fma ruhunu en \u00fcst seviyeye ta\u015f\u0131may\u0131 hat\u0131rlatmaktad\u0131r.<\/span><\/span><\/span><\/span><\/span><\/p>\n<p style=\"margin-bottom:13px\"><span style=\"font-size:11pt\"><span style=\"line-height:normal\"><span style=\"font-family:Calibri,sans-serif\"><span style=\"font-size:12.0pt\"><span style=\",serif\">\u0130\u00e7inde bulundu\u011fumuz bu m\u00fcbarek gecede; \u00fclkemizin ve t\u00fcm \u0130slam \u00e2leminin bayrama huzur i\u00e7erisinde eri\u015fmesini temenni ediyorum. Dualar\u0131m\u0131z\u0131n; \u00fclkemizin birli\u011fine, milletimizin dirli\u011fine, d\u00fcnyada bar\u0131\u015f ve adaletin tesisine vesile olmas\u0131n\u0131 diliyorum. <\/span><\/span><\/span><\/span><\/span><\/p>\n<p style=\"margin-bottom:13px\"><span style=\"font-size:11pt\"><span style=\"line-height:normal\"><span style=\"font-family:Calibri,sans-serif\"><span style=\"font-size:12.0pt\"><span style=\",serif\">Bu duygu ve d\u00fc\u015f\u00fcncelerle; k\u0131ymetli \u00c7umra\u2019l\u0131 hem\u015fehrilerimin, \u00fclkemizin ve t\u00fcm \u0130slam d\u00fcnyas\u0131n\u0131n Kadir Gecesi\u2019ni tebrik ediyor; bu m\u00fcbarek gecenin insanl\u0131\u011fa sa\u011fl\u0131k, bereket ve esenlik getirmesini Cenab-\u0131 Allah\u2019tan niyaz ediyorum. Kadir Gecemiz m\u00fcbarek olsun.&#8221;<\/span><\/span><\/span><\/span><\/span><\/p>\n<p style=\"margin-bottom:13px\">\u00a0<\/p>\n<p style=\"margin-bottom:13px\">\u00a0<\/p>\n<p>Kaynak: (BYZHA) Beyaz Haber Ajans\u0131<\/p>\n","protected":false},"excerpt":{"rendered":"<p>\u00c7umra Belediye Ba\u015fkan\u0131 Mehmet Ayd\u0131n, Ramazan ay\u0131n\u0131n manevi iklimini ta\u00e7land\u0131ran, Kur\u2019an-\u0131 Kerim\u2019de &#8220;bin aydan daha hay\u0131rl\u0131&#8221; oldu\u011fu m\u00fcjdelenen Kadir Gecesi dolay\u0131s\u0131yla bir kutlama mesaj\u0131 yay\u0131mlad\u0131.<\/p>\n","protected":false},"author":1,"featured_media":3839,"comment_status":"open","ping_status":"open","sticky":false,"template":"","format":"standard","meta":{"footnotes":""},"categories":[20],"tags":[],"class_list":["post-3838","post","type-post","status-publish","format-standard","has-post-thumbnail","hentry","category-kultur-sanat"],"_links":{"self":[{"href":"https:\/\/busondakika.com.tr\/index.php?rest_route=\/wp\/v2\/posts\/3838","targetHints":{"allow":["GET"]}}],"collection":[{"href":"https:\/\/busondakika.com.tr\/index.php?rest_route=\/wp\/v2\/posts"}],"about":[{"href":"https:\/\/busondakika.com.tr\/index.php?rest_route=\/wp\/v2\/types\/post"}],"author":[{"embeddable":true,"href":"https:\/\/busondakika.com.tr\/index.php?rest_route=\/wp\/v2\/users\/1"}],"replies":[{"embeddable":true,"href":"https:\/\/busondakika.com.tr\/index.php?rest_route=%2Fwp%2Fv2%2Fcomments&post=3838"}],"version-history":[{"count":1,"href":"https:\/\/busondakika.com.tr\/index.php?rest_route=\/wp\/v2\/posts\/3838\/revisions"}],"predecessor-version":[{"id":3840,"href":"https:\/\/busondakika.com.tr\/index.php?rest_route=\/wp\/v2\/posts\/3838\/revisions\/3840"}],"wp:featuredmedia":[{"embeddable":true,"href":"https:\/\/busondakika.com.tr\/index.php?rest_route=\/wp\/v2\/media\/3839"}],"wp:attachment":[{"href":"https:\/\/busondakika.com.tr\/index.php?rest_route=%2Fwp%2Fv2%2Fmedia&parent=3838"}],"wp:term":[{"taxonomy":"category","embeddable":true,"href":"https:\/\/busondakika.com.tr\/index.php?rest_route=%2Fwp%2Fv2%2Fcategories&post=3838"},{"taxonomy":"post_tag","embeddable":true,"href":"https:\/\/busondakika.com.tr\/index.php?rest_route=%2Fwp%2Fv2%2Ftags&post=3838"}],"curies":[{"name":"wp","href":"https:\/\/api.w.org\/{rel}","templated":true}]}}