{"id":3847,"date":"2026-03-16T08:15:25","date_gmt":"2026-03-16T08:15:25","guid":{"rendered":"https:\/\/busondakika.com.tr\/?p=3847"},"modified":"2026-03-16T08:15:27","modified_gmt":"2026-03-16T08:15:27","slug":"buyuksehir-zabitasi-sahada-fahis-fiyat-ve-izinsiz-satisa-gecit-yok","status":"publish","type":"post","link":"https:\/\/busondakika.com.tr\/?p=3847","title":{"rendered":"B\u00fcy\u00fck\u015fehir zab\u0131tas\u0131 sahada: Fahi\u015f fiyat ve izinsiz sat\u0131\u015fa ge\u00e7it yok"},"content":{"rendered":"<p> \u0130zmir B\u00fcy\u00fck\u015fehir Belediyesi zab\u0131ta ekipleri, Sahilevleri\u2019nde 2 bardak \u00e7ay\u0131n 300 TL\u2019ye sat\u0131ld\u0131\u011f\u0131 y\u00f6n\u00fcndeki \u015fikayetlerin ard\u0131ndan ba\u015flatt\u0131\u011f\u0131 denetimlerini aral\u0131ks\u0131z s\u00fcrd\u00fcr\u00fcyor. Bu kez \u0130nciralt\u0131\u2019nda, kamuya a\u00e7\u0131k alanlarda izinsiz sat\u0131\u015f yapan seyyar sat\u0131c\u0131lar\u0131n malzemelerine el konuldu. Ekipler, hem izinsiz seyyar faaliyetlerin \u00f6n\u00fcne ge\u00e7mek hem de yurtta\u015flar\u0131n fahi\u015f fiyatlarla kar\u015f\u0131la\u015fmas\u0131n\u0131 \u00f6nlemek amac\u0131yla gece g\u00fcnd\u00fcz \u00e7al\u0131\u015f\u0131yor.<\/p>\n<p>\u0130zmir B\u00fcy\u00fck\u015fehir Belediyesi Zab\u0131ta Dairesi Ba\u015fkanl\u0131\u011f\u0131 Denetim \u015eube M\u00fcd\u00fcrl\u00fc\u011f\u00fc ekipleri, Sahilevleri\u2019nde iki bardak \u00e7ay\u0131n 300 TL\u2019ye sat\u0131ld\u0131\u011f\u0131 y\u00f6n\u00fcndeki \u015fikayetler \u00fczerine ba\u015flatt\u0131\u011f\u0131 denetimleri s\u00fcrd\u00fcr\u00fcyor. Ekipler, izinsiz seyyar faaliyetlerin \u00f6n\u00fcne ge\u00e7mek ve vatanda\u015flar\u0131n kamusal alanlarda ma\u011fduriyet ya\u015famamas\u0131 i\u00e7in hem g\u00fcnd\u00fcz hem de gece kentin sokaklar\u0131nda g\u00f6rev yap\u0131yor.<\/p>\n<p><strong>\u0130nciralt\u0131&#8217;nda izinsiz sat\u0131\u015fa m\u00fcdahale<\/strong><br \/>Denetimler kapsam\u0131nda ekipler bu kez \u0130nciralt\u0131 b\u00f6lgesinden \u00e7ok say\u0131da malzemeyi toplad\u0131. Toplanan malzemeler aras\u0131nda; 2 \u00e7uval odun, 5 ate\u015f kazan\u0131, 4 soba kovas\u0131, 22 sandalye, 12 tabure, 1 masa, 1 d\u00f6rt tekerli m\u0131s\u0131r arabas\u0131, 8 \u00e7uval odun, 1 semaver, 1 piknik t\u00fcp\u00fc, 15-20 paket k\u00fc\u00e7\u00fck po\u015fet \u00e7ekirdek ve 10 k\u00fc\u00e7\u00fck su \u015fi\u015fesi yer ald\u0131. Yetkililer, bu t\u00fcr \u00f6nlemlerin kamusal alanlar\u0131n d\u00fczeni, kent esteti\u011fi ve vatanda\u015flar\u0131n haklar\u0131n\u0131n korunmas\u0131 a\u00e7\u0131s\u0131ndan kritik \u00f6nemde oldu\u011funu vurgulad\u0131.<\/p>\n<p><strong>Son bir y\u0131lda 11 bin 948 idari yapt\u0131r\u0131m karar\u0131<\/strong><br \/>\u0130zmir B\u00fcy\u00fck\u015fehir Belediyesi Zab\u0131ta Dairesi Ba\u015fkanl\u0131\u011f\u0131&#8217;n\u0131n, son bir y\u0131lda kent genelinde ger\u00e7ekle\u015ftirdi\u011fi i\u015fgal ve seyyar denetimlerinin ard\u0131ndan toplam 11 bin 948 idari yapt\u0131r\u0131m karar\u0131 verildi. Ayr\u0131ca 9 bin 955 ki\u015fi seyyar sat\u0131\u015f yaparken tespit edilip yapt\u0131r\u0131mlara tabi tutuldu. Zab\u0131ta ekipleri, kent genelindeki denetimlerini aral\u0131ks\u0131z s\u00fcrd\u00fcrerek hem \u015fehir d\u00fczenini hem de yurtta\u015flar\u0131n kamusal alanlardaki g\u00fcvenli\u011fini g\u00f6zetiyor.<\/p>\n<p>\u00a0<\/p>\n<p>Kaynak: (BYZHA) Beyaz Haber Ajans\u0131<\/p>\n","protected":false},"excerpt":{"rendered":"<p>\u0130zmir B\u00fcy\u00fck\u015fehir Belediyesi zab\u0131ta ekipleri, Sahilevleri\u2019nde 2 bardak \u00e7ay\u0131n 300 TL\u2019ye sat\u0131ld\u0131\u011f\u0131 y\u00f6n\u00fcndeki \u015fikayetlerin ard\u0131ndan ba\u015flatt\u0131\u011f\u0131 denetimlerini aral\u0131ks\u0131z s\u00fcrd\u00fcr\u00fcyor.<\/p>\n","protected":false},"author":1,"featured_media":3848,"comment_status":"open","ping_status":"open","sticky":false,"template":"","format":"standard","meta":{"footnotes":""},"categories":[21],"tags":[],"class_list":["post-3847","post","type-post","status-publish","format-standard","has-post-thumbnail","hentry","category-gundem"],"_links":{"self":[{"href":"https:\/\/busondakika.com.tr\/index.php?rest_route=\/wp\/v2\/posts\/3847","targetHints":{"allow":["GET"]}}],"collection":[{"href":"https:\/\/busondakika.com.tr\/index.php?rest_route=\/wp\/v2\/posts"}],"about":[{"href":"https:\/\/busondakika.com.tr\/index.php?rest_route=\/wp\/v2\/types\/post"}],"author":[{"embeddable":true,"href":"https:\/\/busondakika.com.tr\/index.php?rest_route=\/wp\/v2\/users\/1"}],"replies":[{"embeddable":true,"href":"https:\/\/busondakika.com.tr\/index.php?rest_route=%2Fwp%2Fv2%2Fcomments&post=3847"}],"version-history":[{"count":1,"href":"https:\/\/busondakika.com.tr\/index.php?rest_route=\/wp\/v2\/posts\/3847\/revisions"}],"predecessor-version":[{"id":3849,"href":"https:\/\/busondakika.com.tr\/index.php?rest_route=\/wp\/v2\/posts\/3847\/revisions\/3849"}],"wp:featuredmedia":[{"embeddable":true,"href":"https:\/\/busondakika.com.tr\/index.php?rest_route=\/wp\/v2\/media\/3848"}],"wp:attachment":[{"href":"https:\/\/busondakika.com.tr\/index.php?rest_route=%2Fwp%2Fv2%2Fmedia&parent=3847"}],"wp:term":[{"taxonomy":"category","embeddable":true,"href":"https:\/\/busondakika.com.tr\/index.php?rest_route=%2Fwp%2Fv2%2Fcategories&post=3847"},{"taxonomy":"post_tag","embeddable":true,"href":"https:\/\/busondakika.com.tr\/index.php?rest_route=%2Fwp%2Fv2%2Ftags&post=3847"}],"curies":[{"name":"wp","href":"https:\/\/api.w.org\/{rel}","templated":true}]}}