{"id":3865,"date":"2026-03-16T08:47:34","date_gmt":"2026-03-16T08:47:34","guid":{"rendered":"https:\/\/busondakika.com.tr\/?p=3865"},"modified":"2026-03-16T08:47:35","modified_gmt":"2026-03-16T08:47:35","slug":"kartepede-camilerde-bayram-mesaisi","status":"publish","type":"post","link":"https:\/\/busondakika.com.tr\/?p=3865","title":{"rendered":"Kartepe\u2019de Camilerde Bayram Mesaisi"},"content":{"rendered":"<p> Kartepe Belediyesi temizlik ekipleri, cami i\u00e7lerinde detayl\u0131 bir \u00e7al\u0131\u015fma y\u00fcr\u00fctt\u00fc. Hal\u0131lardan ayakkab\u0131l\u0131klara, camlardan minbere kadar her alan titizlikle temizlenerek dezenfekte edildi. Vatanda\u015flar\u0131n ibadetlerini hijyenik bir ortamda yapabilmeleri i\u00e7in ortak kullan\u0131m alanlar\u0131 bayram \u00f6ncesi p\u0131r\u0131l p\u0131r\u0131l hale getirildi.<\/p>\n<p><strong>\u00c7evre D\u00fczenlemesi ve Form Budama \u00c7al\u0131\u015fmalar\u0131<\/strong><\/p>\n<p>Camilerin sadece i\u00e7 mekanlar\u0131 de\u011fil, avlu ve bah\u00e7eleri de bak\u0131ma al\u0131nd\u0131. Cami bah\u00e7elerindeki a\u011fa\u00e7 ve s\u00fcs bitkilerinde form budama i\u015flemleri ger\u00e7ekle\u015ftirerek estetik bir g\u00f6r\u00fcn\u00fcm sa\u011flad\u0131. Uzayan dallar temizlenerek a\u011fa\u00e7lar\u0131n sa\u011fl\u0131kl\u0131 geli\u015fimi desteklendi.<\/p>\n<p><strong>Ot Kesimi ile Temiz Bir G\u00f6r\u00fcn\u00fcm<\/strong><\/p>\n<p>Bayram ziyareti ve namaz yo\u011funlu\u011fu \u00f6ncesinde cami \u00e7evresindeki ye\u015fil alanlarda yabani ot kesimi de yap\u0131ld\u0131. G\u00f6r\u00fcnt\u00fc kirlili\u011fini ortadan kald\u0131ran bu \u00e7al\u0131\u015fma sayesinde, cami avlular\u0131 daha d\u00fczenli bir g\u00f6r\u00fcn\u00fcme kavu\u015fturuldu.<\/p>\n<p><strong>Kartepe Bayrama Haz\u0131r<\/strong><\/p>\n<p>Ekiplerin e\u015f zamanl\u0131 y\u00fcr\u00fctt\u00fc\u011f\u00fc bu \u00e7al\u0131\u015fmalarla Kartepe\u2019deki t\u00fcm camiler, bayram sabah\u0131 misafirlerini a\u011f\u0131rlamaya haz\u0131r hale getirildi.<\/p>\n<p>\u00a0<\/p>\n<p>\u00a0<\/p>\n<p>Kaynak: (BYZHA) Beyaz Haber Ajans\u0131<\/p>\n","protected":false},"excerpt":{"rendered":"<p>Kartepe Belediyesi temizlik ekipleri, cami i\u00e7lerinde detayl\u0131 bir \u00e7al\u0131\u015fma y\u00fcr\u00fctt\u00fc.<\/p>\n","protected":false},"author":1,"featured_media":3866,"comment_status":"open","ping_status":"open","sticky":false,"template":"","format":"standard","meta":{"footnotes":""},"categories":[21],"tags":[],"class_list":["post-3865","post","type-post","status-publish","format-standard","has-post-thumbnail","hentry","category-gundem"],"_links":{"self":[{"href":"https:\/\/busondakika.com.tr\/index.php?rest_route=\/wp\/v2\/posts\/3865","targetHints":{"allow":["GET"]}}],"collection":[{"href":"https:\/\/busondakika.com.tr\/index.php?rest_route=\/wp\/v2\/posts"}],"about":[{"href":"https:\/\/busondakika.com.tr\/index.php?rest_route=\/wp\/v2\/types\/post"}],"author":[{"embeddable":true,"href":"https:\/\/busondakika.com.tr\/index.php?rest_route=\/wp\/v2\/users\/1"}],"replies":[{"embeddable":true,"href":"https:\/\/busondakika.com.tr\/index.php?rest_route=%2Fwp%2Fv2%2Fcomments&post=3865"}],"version-history":[{"count":1,"href":"https:\/\/busondakika.com.tr\/index.php?rest_route=\/wp\/v2\/posts\/3865\/revisions"}],"predecessor-version":[{"id":3867,"href":"https:\/\/busondakika.com.tr\/index.php?rest_route=\/wp\/v2\/posts\/3865\/revisions\/3867"}],"wp:featuredmedia":[{"embeddable":true,"href":"https:\/\/busondakika.com.tr\/index.php?rest_route=\/wp\/v2\/media\/3866"}],"wp:attachment":[{"href":"https:\/\/busondakika.com.tr\/index.php?rest_route=%2Fwp%2Fv2%2Fmedia&parent=3865"}],"wp:term":[{"taxonomy":"category","embeddable":true,"href":"https:\/\/busondakika.com.tr\/index.php?rest_route=%2Fwp%2Fv2%2Fcategories&post=3865"},{"taxonomy":"post_tag","embeddable":true,"href":"https:\/\/busondakika.com.tr\/index.php?rest_route=%2Fwp%2Fv2%2Ftags&post=3865"}],"curies":[{"name":"wp","href":"https:\/\/api.w.org\/{rel}","templated":true}]}}